{"id":235740,"date":"2023-12-14T20:24:00","date_gmt":"2023-12-15T02:24:00","guid":{"rendered":"http:\/\/vertienteglobal.com\/?p=235740"},"modified":"2023-12-18T07:50:48","modified_gmt":"2023-12-18T13:50:48","slug":"supervisa-mara-lezama-caravanas-de-salud-para-todos-en-benito-juarez","status":"publish","type":"post","link":"http:\/\/vertienteglobal.com\/?p=235740","title":{"rendered":"Supervisa Mara Lezama caravanas de Salud para Todos en Benito Ju\u00e1rez"},"content":{"rendered":"\n<div class=\"twitterbutton\" style=\"float: right; padding-left: 5px;\"><a href=\"http:\/\/twitter.com\/share\" class=\"twitter-share-button\" data-count=\"horizontal\" data-text=\"Supervisa Mara Lezama caravanas de Salud para Todos en Benito Ju\u00e1rez\" data-via=\"https:\/\/twitter.com\/VertienteGloba1\" data-url=\"http:\/\/vertienteglobal.com\/?p=235740\" data-lang=\"es\" data-related=\"Informaci\u00f3n general:S\u00edguenos para que est\u00e9ss informado\"><\/a><\/div>\n<figure class=\"wp-block-image size-large\"><img loading=\"lazy\" decoding=\"async\" width=\"1024\" height=\"683\" src=\"http:\/\/vertienteglobal.com\/wp-content\/uploads\/2023\/12\/Mara-3-scaled-1-1024x683.jpg\" alt=\"\" class=\"wp-image-235741\" srcset=\"http:\/\/vertienteglobal.com\/wp-content\/uploads\/2023\/12\/Mara-3-scaled-1-1024x683.jpg 1024w, http:\/\/vertienteglobal.com\/wp-content\/uploads\/2023\/12\/Mara-3-scaled-1-300x200.jpg 300w, http:\/\/vertienteglobal.com\/wp-content\/uploads\/2023\/12\/Mara-3-scaled-1-150x100.jpg 150w, http:\/\/vertienteglobal.com\/wp-content\/uploads\/2023\/12\/Mara-3-scaled-1-768x512.jpg 768w, http:\/\/vertienteglobal.com\/wp-content\/uploads\/2023\/12\/Mara-3-scaled-1-1536x1024.jpg 1536w, http:\/\/vertienteglobal.com\/wp-content\/uploads\/2023\/12\/Mara-3-scaled-1-2048x1366.jpg 2048w\" sizes=\"auto, (max-width: 1024px) 100vw, 1024px\" \/><\/figure>\n\n\n\n<p>(Redaccion)<\/p>\n\n\n\n<p>Con justicia social se atiende a las y los ciudadanos con atenci\u00f3n m\u00e9dica y medicinas totalmente gratuitas<\/p>\n\n\n\n<p>En este gobierno de la transformaci\u00f3n profunda, la prioridad es la gente, dijo la Gobernadora<\/p>\n\n\n\n<p>Canc\u00fan, Quintana Roo 14 de diciembre del 2023.-La gobernadora Mara Lezama Espinosa en territorio y lejos del escritorio, supervis\u00f3 el servicio y la atenci\u00f3n que se brinda en las Unidades M\u00f3viles de Servicios M\u00e9dicos del programa \u201cSalud para Todos\u201d en el municipio de Benito Ju\u00e1rez y que a lo largo y ancho del estado ha brindado al corte del 14 de diciembre, 172 mil 677 servicios.<\/p>\n\n\n\n<p>Acompa\u00f1ada del Magistrado Presidente del Poder Judicial del Estado, Heyden Cebada, Mara Lezama platic\u00f3 con cada una de las personas que acudieron a recibir atenci\u00f3n m\u00e9dica en las caravanas instaladas sobre la avenida Bonampak, quienes agradecieron el que se acerquen los servicios gratuitos para todas y todos los ciudadanos.<\/p>\n\n\n\n<p>La titular del Ejecutivo Estatal, dijo que este es el primer gobierno humanista y progresista que pone en el centro de todo a las personas y es tambi\u00e9n el primer gobierno que basa la transformaci\u00f3n profunda en el empoderamiento de las mujeres con prosperidad compartida y paz social.<\/p>\n\n\n\n<p>La Gobernadora anunci\u00f3 que este viernes 15 de diciembre se instalar\u00e1 un m\u00f3dulo de vacunaci\u00f3n contra la influenza que estar\u00e1 de 8 de la ma\u00f1ana a cuatro de la tarde, en el estacionamiento de la Judicatura ubicado en avenida Bonampak con avenida Punta Celarain en la supermanzana 8.<\/p>\n\n\n\n<p>Asimismo, explic\u00f3 que a partir de este 18 y hasta el 22 de diciembre las unidades estar\u00e1n brindando servicios m\u00e9dicos en 4 sedes de diferentes municipios del estado de Quintana Roo; el 18 y 19 de diciembre en la comunidad La Esperanza del municipio de Jos\u00e9 Mar\u00eda Morelos; del 18 al 22 en Alfredo V. Bonfil en Benito Ju\u00e1rez y en la comunidad de Juan Sarabia del municipio de Oth\u00f3n P. Blanco, en tanto que del 20 al 22 estar\u00e1n en la colonia San Juan de Jos\u00e9 Mar\u00eda Morelos.<\/p>\n\n\n\n<p>Record\u00f3 a las mujeres de 40 a 69 a\u00f1os de edad que pueden acudir a realizarse su mastograf\u00eda en cualquiera de estas distintas sedes, con el objetivo de detectar a tiempo la presencia de c\u00e1ncer de mama.<\/p>\n\n\n\n<p>Por su parte, el secretario de Salud, Flavio Carlos Rosado destac\u00f3 que las Caravanas de Salud otorgan 15 servicios de atenci\u00f3n m\u00e9dica para la detecci\u00f3n oportuna de enfermedades, entre las que se encuentran consultas m\u00e9dicas, estudios de laboratorio, densitometr\u00edas, ultrasonidos, electrocardiogramas, audiometr\u00edas, atenciones por optometr\u00eda, atenci\u00f3n nutricional, radiograf\u00edas, mastograf\u00edas, consultas m\u00e9dicas dentales, surtimiento de recetas, orientaciones psicol\u00f3gicas y traslado de ambulancia.<\/p>\n\n\n\n<figure class=\"wp-block-image size-full\"><img loading=\"lazy\" decoding=\"async\" width=\"585\" height=\"390\" src=\"http:\/\/vertienteglobal.com\/wp-content\/uploads\/2023\/12\/Mara05-1-585x390-1.jpg\" alt=\"\" class=\"wp-image-235742\" srcset=\"http:\/\/vertienteglobal.com\/wp-content\/uploads\/2023\/12\/Mara05-1-585x390-1.jpg 585w, http:\/\/vertienteglobal.com\/wp-content\/uploads\/2023\/12\/Mara05-1-585x390-1-300x200.jpg 300w, http:\/\/vertienteglobal.com\/wp-content\/uploads\/2023\/12\/Mara05-1-585x390-1-150x100.jpg 150w\" sizes=\"auto, (max-width: 585px) 100vw, 585px\" \/><\/figure>\n\n\n\n<figure class=\"wp-block-image size-full\"><img loading=\"lazy\" decoding=\"async\" width=\"585\" height=\"390\" src=\"http:\/\/vertienteglobal.com\/wp-content\/uploads\/2023\/12\/Mara03-585x390-1.jpg\" alt=\"\" class=\"wp-image-235743\" srcset=\"http:\/\/vertienteglobal.com\/wp-content\/uploads\/2023\/12\/Mara03-585x390-1.jpg 585w, http:\/\/vertienteglobal.com\/wp-content\/uploads\/2023\/12\/Mara03-585x390-1-300x200.jpg 300w, http:\/\/vertienteglobal.com\/wp-content\/uploads\/2023\/12\/Mara03-585x390-1-150x100.jpg 150w\" sizes=\"auto, (max-width: 585px) 100vw, 585px\" \/><\/figure>\n\n\n\n<figure class=\"wp-block-image size-full\"><img loading=\"lazy\" decoding=\"async\" width=\"585\" height=\"390\" src=\"http:\/\/vertienteglobal.com\/wp-content\/uploads\/2023\/12\/Mara004-585x390-1.jpg\" alt=\"\" class=\"wp-image-235744\" srcset=\"http:\/\/vertienteglobal.com\/wp-content\/uploads\/2023\/12\/Mara004-585x390-1.jpg 585w, http:\/\/vertienteglobal.com\/wp-content\/uploads\/2023\/12\/Mara004-585x390-1-300x200.jpg 300w, http:\/\/vertienteglobal.com\/wp-content\/uploads\/2023\/12\/Mara004-585x390-1-150x100.jpg 150w\" sizes=\"auto, (max-width: 585px) 100vw, 585px\" \/><\/figure>\n\n\n\n<figure class=\"wp-block-image size-full\"><img loading=\"lazy\" decoding=\"async\" width=\"585\" height=\"390\" src=\"http:\/\/vertienteglobal.com\/wp-content\/uploads\/2023\/12\/Mara02-2-585x390-1.jpg\" alt=\"\" class=\"wp-image-235745\" srcset=\"http:\/\/vertienteglobal.com\/wp-content\/uploads\/2023\/12\/Mara02-2-585x390-1.jpg 585w, http:\/\/vertienteglobal.com\/wp-content\/uploads\/2023\/12\/Mara02-2-585x390-1-300x200.jpg 300w, http:\/\/vertienteglobal.com\/wp-content\/uploads\/2023\/12\/Mara02-2-585x390-1-150x100.jpg 150w\" sizes=\"auto, (max-width: 585px) 100vw, 585px\" \/><\/figure>\n\n\n\n<figure class=\"wp-block-image size-full\"><img loading=\"lazy\" decoding=\"async\" width=\"585\" height=\"390\" src=\"http:\/\/vertienteglobal.com\/wp-content\/uploads\/2023\/12\/Mara01-2-585x390-1.jpg\" alt=\"\" class=\"wp-image-235746\" srcset=\"http:\/\/vertienteglobal.com\/wp-content\/uploads\/2023\/12\/Mara01-2-585x390-1.jpg 585w, http:\/\/vertienteglobal.com\/wp-content\/uploads\/2023\/12\/Mara01-2-585x390-1-300x200.jpg 300w, http:\/\/vertienteglobal.com\/wp-content\/uploads\/2023\/12\/Mara01-2-585x390-1-150x100.jpg 150w\" sizes=\"auto, (max-width: 585px) 100vw, 585px\" \/><\/figure>\n","protected":false},"excerpt":{"rendered":"<p>(Redaccion) Con justicia social se atiende a las y los ciudadanos con atenci\u00f3n m\u00e9dica y medicinas totalmente gratuitas En este gobierno de la transformaci\u00f3n profunda, la prioridad es la gente, dijo la Gobernadora Canc\u00fan, Quintana Roo 14 de diciembre del 2023.-La gobernadora Mara Lezama Espinosa en territorio y lejos del escritorio, supervis\u00f3 el servicio y [&hellip;]<\/p>\n","protected":false},"author":1,"featured_media":235741,"comment_status":"open","ping_status":"open","sticky":false,"template":"","format":"standard","meta":{"footnotes":""},"categories":[3],"tags":[],"class_list":["post-235740","post","type-post","status-publish","format-standard","has-post-thumbnail","hentry","category-quintana-roo","entry","has-media"],"jetpack_featured_media_url":"http:\/\/vertienteglobal.com\/wp-content\/uploads\/2023\/12\/Mara-3-scaled-1.jpg","_links":{"self":[{"href":"http:\/\/vertienteglobal.com\/index.php?rest_route=\/wp\/v2\/posts\/235740","targetHints":{"allow":["GET"]}}],"collection":[{"href":"http:\/\/vertienteglobal.com\/index.php?rest_route=\/wp\/v2\/posts"}],"about":[{"href":"http:\/\/vertienteglobal.com\/index.php?rest_route=\/wp\/v2\/types\/post"}],"author":[{"embeddable":true,"href":"http:\/\/vertienteglobal.com\/index.php?rest_route=\/wp\/v2\/users\/1"}],"replies":[{"embeddable":true,"href":"http:\/\/vertienteglobal.com\/index.php?rest_route=%2Fwp%2Fv2%2Fcomments&post=235740"}],"version-history":[{"count":0,"href":"http:\/\/vertienteglobal.com\/index.php?rest_route=\/wp\/v2\/posts\/235740\/revisions"}],"wp:featuredmedia":[{"embeddable":true,"href":"http:\/\/vertienteglobal.com\/index.php?rest_route=\/wp\/v2\/media\/235741"}],"wp:attachment":[{"href":"http:\/\/vertienteglobal.com\/index.php?rest_route=%2Fwp%2Fv2%2Fmedia&parent=235740"}],"wp:term":[{"taxonomy":"category","embeddable":true,"href":"http:\/\/vertienteglobal.com\/index.php?rest_route=%2Fwp%2Fv2%2Fcategories&post=235740"},{"taxonomy":"post_tag","embeddable":true,"href":"http:\/\/vertienteglobal.com\/index.php?rest_route=%2Fwp%2Fv2%2Ftags&post=235740"}],"curies":[{"name":"wp","href":"https:\/\/api.w.org\/{rel}","templated":true}]}}