{"id":235526,"date":"2023-12-06T09:19:00","date_gmt":"2023-12-06T15:19:00","guid":{"rendered":"http:\/\/vertienteglobal.com\/?p=235526"},"modified":"2023-12-06T11:28:22","modified_gmt":"2023-12-06T17:28:22","slug":"entra-en-vigor-la-ley-home-office-conoce-los-derechos-y-obligaciones-de-esta-modalidad","status":"publish","type":"post","link":"http:\/\/vertienteglobal.com\/?p=235526","title":{"rendered":"Entra en vigor la \u2018Ley Home Office\u2019: conoce los derechos y obligaciones de esta modalidad"},"content":{"rendered":"\n<div class=\"twitterbutton\" style=\"float: right; padding-left: 5px;\"><a href=\"http:\/\/twitter.com\/share\" class=\"twitter-share-button\" data-count=\"horizontal\" data-text=\"Entra en vigor la \u2018Ley Home Office\u2019: conoce los derechos y obligaciones de e...\" data-via=\"https:\/\/twitter.com\/VertienteGloba1\" data-url=\"http:\/\/vertienteglobal.com\/?p=235526\" data-lang=\"es\" data-related=\"Informaci\u00f3n general:S\u00edguenos para que est\u00e9ss informado\"><\/a><\/div>\n<figure class=\"wp-block-image size-full\"><img loading=\"lazy\" decoding=\"async\" width=\"1024\" height=\"683\" src=\"http:\/\/vertienteglobal.com\/wp-content\/uploads\/2023\/12\/221391.jpg\" alt=\"\" class=\"wp-image-235527\" srcset=\"http:\/\/vertienteglobal.com\/wp-content\/uploads\/2023\/12\/221391.jpg 1024w, http:\/\/vertienteglobal.com\/wp-content\/uploads\/2023\/12\/221391-300x200.jpg 300w, http:\/\/vertienteglobal.com\/wp-content\/uploads\/2023\/12\/221391-150x100.jpg 150w, http:\/\/vertienteglobal.com\/wp-content\/uploads\/2023\/12\/221391-768x512.jpg 768w\" sizes=\"auto, (max-width: 1024px) 100vw, 1024px\" \/><\/figure>\n\n\n\n<p>(Redacci\u00f3n)<\/p>\n\n\n\n<p>Se exige que el ambiente de trabajo sea \u00f3ptimo, higi\u00e9nico y apto para realizar todas las actividades laborales<\/p>\n\n\n\n<p>Ciudad de M\u00e9xico a 06 de diciembre del 2023.-Fesde el primer minuto del martes 5 de diciembre, entr\u00f3 en vigor en M\u00e9xico la NOM-037-STPS-2023, la cual establece los lineamientos para el teletrabajo en el pa\u00eds. Esta normativa se aplica a aquellos trabajadores que pasen m\u00e1s del 40% de su tiempo en el esquema de Home Office, y los empleadores deben cumplir con requisitos espec\u00edficos para garantizar un entorno laboral adecuado.<\/p>\n\n\n\n<p>Entre los requisitos que deben cumplir los empleadores se incluye la obligaci\u00f3n de proporcionar sillas que no generen da\u00f1os a quienes las utilicen, sean c\u00f3modas para realizar las actividades laborales y no provoquen ning\u00fan perjuicio para la salud.<\/p>\n\n\n\n<p>Asimismo, se establece que los empleadores deben encargarse de los gastos de conectividad de los empleados, incluyendo los costos de internet y telefon\u00eda necesarios para el uso de plataformas laborales, as\u00ed como el costo de la electricidad durante el periodo laboral.<\/p>\n\n\n\n<p>Se exige que el ambiente de trabajo sea \u00f3ptimo, higi\u00e9nico y apto para realizar todas las actividades laborales.<\/p>\n\n\n\n<p>Los empleadores deben monitorear que los espacios de trabajo sean adecuados para las jornadas laborales y que ninguna prestaci\u00f3n sea recortada.<\/p>\n\n\n\n<p>Adem\u00e1s, se destaca la importancia de impulsar la comunicaci\u00f3n entre empleados, negociaciones y sindicalizaciones, sin que exista diferencia en las prestaciones ofrecidas en comparaci\u00f3n con otras modalidades de trabajo.<\/p>\n\n\n\n<p>La normativa enfatiza la igualdad en t\u00e9rminos de prestaciones y salarios para aquellos que trabajan en modalidad de teletrabajo. Tambi\u00e9n se destaca el derecho a la desconexi\u00f3n, permitiendo a los trabajadores descansar y evitar ser acosados o molestados por los empleadores una vez concluida la jornada laboral diaria.<\/p>\n\n\n\n<p>\u00bfAdi\u00f3s a trabajar desde la playa?<\/p>\n\n\n\n<p>Cabe destacar que los trabajadores que realicen teletrabajo deben informar de manera concreta el domicilio donde prestar\u00e1n el servicio de home office, y este domicilio no puede ser modificado sin previo aviso al empleador.(Fuente: Infobae\/Debate\/Foto: Freepik\/Xeva)<\/p>\n","protected":false},"excerpt":{"rendered":"<p>(Redacci\u00f3n) Se exige que el ambiente de trabajo sea \u00f3ptimo, higi\u00e9nico y apto para realizar todas las actividades laborales Ciudad de M\u00e9xico a 06 de diciembre del 2023.-Fesde el primer minuto del martes 5 de diciembre, entr\u00f3 en vigor en M\u00e9xico la NOM-037-STPS-2023, la cual establece los lineamientos para el teletrabajo en el pa\u00eds. Esta [&hellip;]<\/p>\n","protected":false},"author":1,"featured_media":235527,"comment_status":"open","ping_status":"open","sticky":false,"template":"","format":"standard","meta":{"footnotes":""},"categories":[8],"tags":[],"class_list":["post-235526","post","type-post","status-publish","format-standard","has-post-thumbnail","hentry","category-pais","entry","has-media"],"jetpack_featured_media_url":"http:\/\/vertienteglobal.com\/wp-content\/uploads\/2023\/12\/221391.jpg","_links":{"self":[{"href":"http:\/\/vertienteglobal.com\/index.php?rest_route=\/wp\/v2\/posts\/235526","targetHints":{"allow":["GET"]}}],"collection":[{"href":"http:\/\/vertienteglobal.com\/index.php?rest_route=\/wp\/v2\/posts"}],"about":[{"href":"http:\/\/vertienteglobal.com\/index.php?rest_route=\/wp\/v2\/types\/post"}],"author":[{"embeddable":true,"href":"http:\/\/vertienteglobal.com\/index.php?rest_route=\/wp\/v2\/users\/1"}],"replies":[{"embeddable":true,"href":"http:\/\/vertienteglobal.com\/index.php?rest_route=%2Fwp%2Fv2%2Fcomments&post=235526"}],"version-history":[{"count":0,"href":"http:\/\/vertienteglobal.com\/index.php?rest_route=\/wp\/v2\/posts\/235526\/revisions"}],"wp:featuredmedia":[{"embeddable":true,"href":"http:\/\/vertienteglobal.com\/index.php?rest_route=\/wp\/v2\/media\/235527"}],"wp:attachment":[{"href":"http:\/\/vertienteglobal.com\/index.php?rest_route=%2Fwp%2Fv2%2Fmedia&parent=235526"}],"wp:term":[{"taxonomy":"category","embeddable":true,"href":"http:\/\/vertienteglobal.com\/index.php?rest_route=%2Fwp%2Fv2%2Fcategories&post=235526"},{"taxonomy":"post_tag","embeddable":true,"href":"http:\/\/vertienteglobal.com\/index.php?rest_route=%2Fwp%2Fv2%2Ftags&post=235526"}],"curies":[{"name":"wp","href":"https:\/\/api.w.org\/{rel}","templated":true}]}}