{"id":235518,"date":"2023-12-04T23:19:00","date_gmt":"2023-12-05T05:19:00","guid":{"rendered":"http:\/\/vertienteglobal.com\/?p=235518"},"modified":"2023-12-06T11:20:11","modified_gmt":"2023-12-06T17:20:11","slug":"empresaria-latina-crea-con-la-ia-una-aplicacion-que-traduce-el-lenguaje-de-senas-a-texto","status":"publish","type":"post","link":"http:\/\/vertienteglobal.com\/?p=235518","title":{"rendered":"Empresaria latina crea con la IA una aplicaci\u00f3n que traduce el lenguaje de se\u00f1as a texto"},"content":{"rendered":"\n<div class=\"twitterbutton\" style=\"float: right; padding-left: 5px;\"><a href=\"http:\/\/twitter.com\/share\" class=\"twitter-share-button\" data-count=\"horizontal\" data-text=\"Empresaria latina crea con la IA una aplicaci\u00f3n que traduce el lenguaje de se\u00f1...\" data-via=\"https:\/\/twitter.com\/VertienteGloba1\" data-url=\"http:\/\/vertienteglobal.com\/?p=235518\" data-lang=\"es\" data-related=\"Informaci\u00f3n general:S\u00edguenos para que est\u00e9ss informado\"><\/a><\/div>\n<figure class=\"wp-block-image size-full\"><img loading=\"lazy\" decoding=\"async\" width=\"1024\" height=\"649\" src=\"http:\/\/vertienteglobal.com\/wp-content\/uploads\/2023\/12\/IMG_20231206_121439.jpg\" alt=\"\" class=\"wp-image-235520\" srcset=\"http:\/\/vertienteglobal.com\/wp-content\/uploads\/2023\/12\/IMG_20231206_121439.jpg 1024w, http:\/\/vertienteglobal.com\/wp-content\/uploads\/2023\/12\/IMG_20231206_121439-300x190.jpg 300w, http:\/\/vertienteglobal.com\/wp-content\/uploads\/2023\/12\/IMG_20231206_121439-150x95.jpg 150w, http:\/\/vertienteglobal.com\/wp-content\/uploads\/2023\/12\/IMG_20231206_121439-768x487.jpg 768w\" sizes=\"auto, (max-width: 1024px) 100vw, 1024px\" \/><\/figure>\n\n\n\n<p>(Redacci\u00f3n)<\/p>\n\n\n\n<p>Yamillet Payano, de origen dominicano, es una de las creadoras de Sign-Speak, la herramienta que ha estado desarrollando desde 2021 y que traduce el lenguaje de se\u00f1as a voz y texto, y viceversa, seg\u00fan explic\u00f3 a EFE<\/p>\n\n\n\n<p>Ciudad de M\u00e9xico, a 04 de diciembre del 2023.- Una emprendedora latina puede tener la llave para facilitar la integraci\u00f3n de las personas sordas, o con discapacidad en el habla, a trav\u00e9s de una aplicaci\u00f3n basada en la Inteligencia Artificial (IA) y que permite sostener una conversaci\u00f3n fluida y \u00absin barreras\u00bb.<\/p>\n\n\n\n<p>Yamillet Payano, de origen dominicano, es una de las creadoras de Sign-Speak, la herramienta que ha estado desarrollando desde 2021 y que traduce el lenguaje de se\u00f1as a voz y texto, y viceversa, seg\u00fan explic\u00f3 a EFE.<\/p>\n\n\n\n<p>Esta joven de 27 a\u00f1os empez\u00f3 a desarrollar la aplicaci\u00f3n tras notar la dificultad para poder llevar una vida normal su amigo Nikolas Kelly, sordo de nacimiento, y en el que es un problema social que adem\u00e1s es atizado, se\u00f1al\u00f3 Payano, por la falta de int\u00e9rpretes en Estados Unidos.<\/p>\n\n\n\n<p>\u00abHay int\u00e9rpretes, pero hay mucha escasez, tanto aqu\u00ed y como en otros lugares del mundo\u00bb, coment\u00f3 la emprendedora.<\/p>\n\n\n\n<p>La \u00faltima Encuesta de Ingresos y Participaci\u00f3n en Programas (SIPP, por sus siglas en ingl\u00e9s) que realiza la oficina del Censo de Estados Unidos, una de las pocas que se hace para identificar a las personas con p\u00e9rdida auditiva o sordas, encontr\u00f3 que uno de cada 20 estadounidenses sufre de sordera o tiene problemas de audici\u00f3n.<\/p>\n\n\n\n<p>Es decir, casi 10 millones de personas en este pa\u00eds tienen problemas auditivos y cerca de un mill\u00f3n \u00abson funcionalmente sordas\u00bb, de acuerdo a la oficina del Censo una comunicaci\u00f3n \u00absin barreras\u00bb.(Fuente: EFE\/Foto: EFE\/Xeva)<\/p>\n","protected":false},"excerpt":{"rendered":"<p>(Redacci\u00f3n) Yamillet Payano, de origen dominicano, es una de las creadoras de Sign-Speak, la herramienta que ha estado desarrollando desde 2021 y que traduce el lenguaje de se\u00f1as a voz y texto, y viceversa, seg\u00fan explic\u00f3 a EFE Ciudad de M\u00e9xico, a 04 de diciembre del 2023.- Una emprendedora latina puede tener la llave para [&hellip;]<\/p>\n","protected":false},"author":6,"featured_media":235520,"comment_status":"open","ping_status":"open","sticky":false,"template":"","format":"standard","meta":{"footnotes":""},"categories":[8],"tags":[],"class_list":["post-235518","post","type-post","status-publish","format-standard","has-post-thumbnail","hentry","category-pais","entry","has-media"],"jetpack_featured_media_url":"http:\/\/vertienteglobal.com\/wp-content\/uploads\/2023\/12\/IMG_20231206_121439.jpg","_links":{"self":[{"href":"http:\/\/vertienteglobal.com\/index.php?rest_route=\/wp\/v2\/posts\/235518","targetHints":{"allow":["GET"]}}],"collection":[{"href":"http:\/\/vertienteglobal.com\/index.php?rest_route=\/wp\/v2\/posts"}],"about":[{"href":"http:\/\/vertienteglobal.com\/index.php?rest_route=\/wp\/v2\/types\/post"}],"author":[{"embeddable":true,"href":"http:\/\/vertienteglobal.com\/index.php?rest_route=\/wp\/v2\/users\/6"}],"replies":[{"embeddable":true,"href":"http:\/\/vertienteglobal.com\/index.php?rest_route=%2Fwp%2Fv2%2Fcomments&post=235518"}],"version-history":[{"count":0,"href":"http:\/\/vertienteglobal.com\/index.php?rest_route=\/wp\/v2\/posts\/235518\/revisions"}],"wp:featuredmedia":[{"embeddable":true,"href":"http:\/\/vertienteglobal.com\/index.php?rest_route=\/wp\/v2\/media\/235520"}],"wp:attachment":[{"href":"http:\/\/vertienteglobal.com\/index.php?rest_route=%2Fwp%2Fv2%2Fmedia&parent=235518"}],"wp:term":[{"taxonomy":"category","embeddable":true,"href":"http:\/\/vertienteglobal.com\/index.php?rest_route=%2Fwp%2Fv2%2Fcategories&post=235518"},{"taxonomy":"post_tag","embeddable":true,"href":"http:\/\/vertienteglobal.com\/index.php?rest_route=%2Fwp%2Fv2%2Ftags&post=235518"}],"curies":[{"name":"wp","href":"https:\/\/api.w.org\/{rel}","templated":true}]}}