{"id":235352,"date":"2023-11-30T21:19:00","date_gmt":"2023-12-01T03:19:00","guid":{"rendered":"http:\/\/vertienteglobal.com\/?p=235352"},"modified":"2023-11-30T21:42:40","modified_gmt":"2023-12-01T03:42:40","slug":"mexico-impulsara-saberes-ancestrales-para-combatir-la-crisis-climatica-en-la-cop28","status":"publish","type":"post","link":"http:\/\/vertienteglobal.com\/?p=235352","title":{"rendered":"M\u00e9xico impulsar\u00e1 saberes ancestrales para combatir la crisis clim\u00e1tica en la COP28"},"content":{"rendered":"\n<div class=\"twitterbutton\" style=\"float: right; padding-left: 5px;\"><a href=\"http:\/\/twitter.com\/share\" class=\"twitter-share-button\" data-count=\"horizontal\" data-text=\"M\u00e9xico impulsar\u00e1 saberes ancestrales para combatir la crisis clim\u00e1tica en la ...\" data-via=\"https:\/\/twitter.com\/VertienteGloba1\" data-url=\"http:\/\/vertienteglobal.com\/?p=235352\" data-lang=\"es\" data-related=\"Informaci\u00f3n general:S\u00edguenos para que est\u00e9ss informado\"><\/a><\/div>\n<figure class=\"wp-block-image size-full\"><img loading=\"lazy\" decoding=\"async\" width=\"1024\" height=\"683\" src=\"http:\/\/vertienteglobal.com\/wp-content\/uploads\/2023\/11\/221054.jpg\" alt=\"\" class=\"wp-image-235353\" srcset=\"http:\/\/vertienteglobal.com\/wp-content\/uploads\/2023\/11\/221054.jpg 1024w, http:\/\/vertienteglobal.com\/wp-content\/uploads\/2023\/11\/221054-300x200.jpg 300w, http:\/\/vertienteglobal.com\/wp-content\/uploads\/2023\/11\/221054-150x100.jpg 150w, http:\/\/vertienteglobal.com\/wp-content\/uploads\/2023\/11\/221054-768x512.jpg 768w\" sizes=\"auto, (max-width: 1024px) 100vw, 1024px\" \/><\/figure>\n\n\n\n<p>(Redacci\u00f3n)<\/p>\n\n\n\n<p>La funcionaria reconoci\u00f3 que \u201clas comunidades m\u00e1s pobres generalmente son las m\u00e1s vulnerables ante los efectos del cambio clim\u00e1tico, siendo los que menos responsabilidad tienen por su baja contribuci\u00f3n en las emisiones de gases de efecto invernadero\u201d<\/p>\n\n\n\n<p>Ciudad de M\u00e9xico, a  30 de noviembre del 2023.-M\u00e9xico acudir\u00e1 a la edici\u00f3n 28 de la Conferencia sobre el Cambio Clim\u00e1tico de las Naciones Unidas (COP) con la propuesta de impulsar saberes ancestrales de las comunidades ind\u00edgenas para velar por la justicia social y ambiental, principalmente con acciones basadas en la naturaleza, sostuvo este jueves la titular de la Secretar\u00eda (Ministerio) de Medio Ambiente y Recursos Naturales (Semarnat), Mar\u00eda Luisa Albores.<\/p>\n\n\n\n<p>\u201cReafirmamos el compromiso y trabajo del sector ambiental y estamos seguros que la delegaci\u00f3n mexicana podr\u00e1 compartir las experiencias y avances que tiene M\u00e9xico frente al cambio clim\u00e1tico siempre poniendo al centro a las comunidades\u201d, dijo en conferencia de prensa.<\/p>\n\n\n\n<p>Se\u00f1al\u00f3 que el involucramiento de las comunidades es necesario para que las acciones de mitigaci\u00f3n y adaptaci\u00f3n sean exitosas, pues asegur\u00f3 que los territorios m\u00e1s conservados son aquellos que los pueblos originarios han cuidado y mantenido.<\/p>\n\n\n\n<p>\u201cSe deben de considerar principalmente a las comunidades, as\u00ed como los beneficios asociados a la econom\u00eda, a la parte social, de salud\u201d, abund\u00f3.<\/p>\n\n\n\n<p>Esto, en medio de programas diversos en beneficio de la siembra de \u00e1rboles a trav\u00e9s de su programa de apoyos gubernamentales &#8216;Sembrando Vida&#8217;, que ha escalado a pa\u00edses en Centroam\u00e9rica y por el que ha buscado el apoyo financiero de Estados Unidos en reiterados paneles y foros multilaterales, a fin de, tambi\u00e9n reducir la crisis migratoria que enfrenta la regi\u00f3n de Norteam\u00e9rica.<\/p>\n\n\n\n<p>Sin embargo, la funcionaria reconoci\u00f3 que \u201clas comunidades m\u00e1s pobres generalmente son las m\u00e1s vulnerables ante los efectos del cambio clim\u00e1tico, siendo los que menos responsabilidad tienen por su baja contribuci\u00f3n en las emisiones de gases de efecto invernadero\u201d.<\/p>\n\n\n\n<p>Adem\u00e1s, mencion\u00f3 que la delegaci\u00f3n mexicana, que encabezar\u00e1 la canciller mexicana, Alicia B\u00e1rcena, buscar\u00e1 impulsar la construcci\u00f3n colectiva de alternativas congruentes con la justicia social y ambiental.<\/p>\n\n\n\n<p>Albores expres\u00f3 que mantendr\u00e1n en la discusi\u00f3n \u00abque los pa\u00edses se responsabilicen proporcionalmente a las emisiones que generen\u00bb.<\/p>\n\n\n\n<p>En tanto, precis\u00f3 que M\u00e9xico valora cuidadosamente las iniciativas internacionales a las que se adhiere el pa\u00eds, de entre 30 propuestas que ha recibido, \u201canalizando principalmente su impacto ben\u00e9fico para las comunidades y la sociedad\u201d.<\/p>\n\n\n\n<p>Expuso que estos puntos son los aspectos que estar\u00e1n \u00abimpulsando puntualmente\u00bb en las negociaciones de la COP28, que se celebrar\u00e1n a partir de este viernes en Dub\u00e1i, Emiratos \u00c1rabes.<\/p>\n\n\n\n<p>\u201cDesde el sector ambiental resalto tres aspectos que estaremos impulsando puntualmente en las negociaciones de la COP28, pero que son la esencia de la pol\u00edtica ambiental y del Gobierno de la cuarta transformaci\u00f3n\u201d, indic\u00f3.<\/p>\n\n\n\n<p>Albores explic\u00f3 que el Gobierno mexicano lleva a cabo ocho acciones a nivel pa\u00eds que tiene el potencial para reducir hasta 84 millones de toneladas de di\u00f3xido de carbono equivalente, permitiendo incrementar su meta de reducci\u00f3n del 30 % de las emisiones, en 2030.<\/p>\n\n\n\n<p>\u201cTambi\u00e9n se ha identificado que se puede sumar un 5 % adicional con acciones de energ\u00eda limpia con reducciones de 52 millones de toneladas de di\u00f3xido de carbono equivalente requiriendo apoyo t\u00e9cnico y financiamiento internacional\u201d, indic\u00f3 y agreg\u00f3 que con esta \u00faltima acci\u00f3n se podr\u00eda alcanzar un 35 % de reducci\u00f3n de gases de efecto invernadero.(Fuente:EFE\/Foto:Twitter-Mary_Luisa_AG\/Xeva)<\/p>\n","protected":false},"excerpt":{"rendered":"<p>(Redacci\u00f3n) La funcionaria reconoci\u00f3 que \u201clas comunidades m\u00e1s pobres generalmente son las m\u00e1s vulnerables ante los efectos del cambio clim\u00e1tico, siendo los que menos responsabilidad tienen por su baja contribuci\u00f3n en las emisiones de gases de efecto invernadero\u201d Ciudad de M\u00e9xico, a 30 de noviembre del 2023.-M\u00e9xico acudir\u00e1 a la edici\u00f3n 28 de la Conferencia [&hellip;]<\/p>\n","protected":false},"author":1,"featured_media":235353,"comment_status":"open","ping_status":"open","sticky":false,"template":"","format":"standard","meta":{"footnotes":""},"categories":[8],"tags":[],"class_list":["post-235352","post","type-post","status-publish","format-standard","has-post-thumbnail","hentry","category-pais","entry","has-media"],"jetpack_featured_media_url":"http:\/\/vertienteglobal.com\/wp-content\/uploads\/2023\/11\/221054.jpg","_links":{"self":[{"href":"http:\/\/vertienteglobal.com\/index.php?rest_route=\/wp\/v2\/posts\/235352","targetHints":{"allow":["GET"]}}],"collection":[{"href":"http:\/\/vertienteglobal.com\/index.php?rest_route=\/wp\/v2\/posts"}],"about":[{"href":"http:\/\/vertienteglobal.com\/index.php?rest_route=\/wp\/v2\/types\/post"}],"author":[{"embeddable":true,"href":"http:\/\/vertienteglobal.com\/index.php?rest_route=\/wp\/v2\/users\/1"}],"replies":[{"embeddable":true,"href":"http:\/\/vertienteglobal.com\/index.php?rest_route=%2Fwp%2Fv2%2Fcomments&post=235352"}],"version-history":[{"count":0,"href":"http:\/\/vertienteglobal.com\/index.php?rest_route=\/wp\/v2\/posts\/235352\/revisions"}],"wp:featuredmedia":[{"embeddable":true,"href":"http:\/\/vertienteglobal.com\/index.php?rest_route=\/wp\/v2\/media\/235353"}],"wp:attachment":[{"href":"http:\/\/vertienteglobal.com\/index.php?rest_route=%2Fwp%2Fv2%2Fmedia&parent=235352"}],"wp:term":[{"taxonomy":"category","embeddable":true,"href":"http:\/\/vertienteglobal.com\/index.php?rest_route=%2Fwp%2Fv2%2Fcategories&post=235352"},{"taxonomy":"post_tag","embeddable":true,"href":"http:\/\/vertienteglobal.com\/index.php?rest_route=%2Fwp%2Fv2%2Ftags&post=235352"}],"curies":[{"name":"wp","href":"https:\/\/api.w.org\/{rel}","templated":true}]}}