{"id":235346,"date":"2023-11-30T08:52:00","date_gmt":"2023-11-30T14:52:00","guid":{"rendered":"http:\/\/vertienteglobal.com\/?p=235346"},"modified":"2023-11-30T21:36:08","modified_gmt":"2023-12-01T03:36:08","slug":"tasa-de-desempleo-en-mexico-descendio-al-2-7-en-octubre","status":"publish","type":"post","link":"http:\/\/vertienteglobal.com\/?p=235346","title":{"rendered":"Tasa de desempleo en M\u00e9xico descendi\u00f3 al 2.7 % en octubre"},"content":{"rendered":"\n<div class=\"twitterbutton\" style=\"float: right; padding-left: 5px;\"><a href=\"http:\/\/twitter.com\/share\" class=\"twitter-share-button\" data-count=\"horizontal\" data-text=\"Tasa de desempleo en M\u00e9xico descendi\u00f3 al 2.7 % en octubre\" data-via=\"https:\/\/twitter.com\/VertienteGloba1\" data-url=\"http:\/\/vertienteglobal.com\/?p=235346\" data-lang=\"es\" data-related=\"Informaci\u00f3n general:S\u00edguenos para que est\u00e9ss informado\"><\/a><\/div>\n<figure class=\"wp-block-image size-full\"><img loading=\"lazy\" decoding=\"async\" width=\"1024\" height=\"683\" src=\"http:\/\/vertienteglobal.com\/wp-content\/uploads\/2023\/11\/220993.jpg\" alt=\"\" class=\"wp-image-235347\" srcset=\"http:\/\/vertienteglobal.com\/wp-content\/uploads\/2023\/11\/220993.jpg 1024w, http:\/\/vertienteglobal.com\/wp-content\/uploads\/2023\/11\/220993-300x200.jpg 300w, http:\/\/vertienteglobal.com\/wp-content\/uploads\/2023\/11\/220993-150x100.jpg 150w, http:\/\/vertienteglobal.com\/wp-content\/uploads\/2023\/11\/220993-768x512.jpg 768w\" sizes=\"auto, (max-width: 1024px) 100vw, 1024px\" \/><\/figure>\n\n\n\n<p>(Redacci\u00f3n)<\/p>\n\n\n\n<p>Los trabajadores informales en octubre totalizaron 32,9 millones, lo que mantuvo la tasa de informalidad en 55,4 %<\/p>\n\n\n\n<p>Ciudad de M\u00e9xico 30 de modelo 2023.-La tasa de desempleo en M\u00e9xico descendi\u00f3 en octubre pasado al 2,7 % de la poblaci\u00f3n econ\u00f3micamente activa (PEA), inform\u00f3 este jueves el Instituto Nacional de Estad\u00edstica y Geograf\u00eda (Inegi).<\/p>\n\n\n\n<p>El dato es menor al \u00edndice del 3,3 % del mismo mes de 2022 y al de 2,9 % de septiembre pasado, precis\u00f3 el organismo aut\u00f3nomo en su reporte.<\/p>\n\n\n\n<p>\u00abLa poblaci\u00f3n desocupada fue de 1,7 millones de personas y la tasa de desocupaci\u00f3n (TD), de 2,7 % de la PEA. Respecto a octubre de 2022, la poblaci\u00f3n desocupada descendi\u00f3 en 316.000 personas y la TD fue menor en 0,6 puntos porcentuales\u00bb, detall\u00f3 el Inegi.<\/p>\n\n\n\n<p>La PEA del d\u00e9cimo mes del a\u00f1o lleg\u00f3 a 61,1 millones de personas de 15 a\u00f1os y m\u00e1s, lo que represent\u00f3 una tasa de participaci\u00f3n de 60,5 % y una poblaci\u00f3n activa superior en 676.000 personas a la de octubre de 2022.<\/p>\n\n\n\n<p>De la PEA, 59,4 millones de personas estuvieron ocupadas durante octubre, 1 mill\u00f3n m\u00e1s que en el mismo mes de un a\u00f1o antes.<\/p>\n\n\n\n<p>Las personas subocupadas, es decir, quienes declararon tener necesidad y disponibilidad para trabajar m\u00e1s horas, fueron 4,7 millones, el 7,9 % de la poblaci\u00f3n ocupada, un incremento de 309.000 personas ante octubre de 2022.<\/p>\n\n\n\n<p>Por sectores e informalidad<\/p>\n\n\n\n<p>Los trabajadores informales en octubre totalizaron 32,9 millones, lo que mantuvo la tasa de informalidad en 55,4 %.<\/p>\n\n\n\n<p>La poblaci\u00f3n ocupada por sector de actividad se distribuy\u00f3 con 43,9 % del total en servicios, en comercio 19,8 %, en manufacturas el 15,6 %, en actividades agropecuarias 11,3 % y en construcci\u00f3n 8,1 %.<\/p>\n\n\n\n<p>Mientras que en \u00abotras actividades econ\u00f3micas\u00bb, que incluyen miner\u00eda, electricidad, agua y suministro de gas, estuvo ocupada el 0,7 %, y otro 0,7 % no especific\u00f3 actividad.<\/p>\n\n\n\n<p>Por g\u00e9nero, la PEA femenina en octubre fue de 24,5 millones y la masculina de 36,5 millones, con una tasa de participaci\u00f3n de 45,8 % en mujeres en edad de trabajar y de 77,1 % en hombres.<\/p>\n\n\n\n<p>Las cifras de empleo reflejan el comportamiento de la econom\u00eda de M\u00e9xico, cuyo producto interior bruto (PIB) creci\u00f3 un 3,3 % interanual y un 1,1 % trimestral en el tercer trimestre de 2023, con lo que acumula un aumento de 3,4 % en el a\u00f1o.(Fuente: EFE\/Xeva)<\/p>\n","protected":false},"excerpt":{"rendered":"<p>(Redacci\u00f3n) Los trabajadores informales en octubre totalizaron 32,9 millones, lo que mantuvo la tasa de informalidad en 55,4 % Ciudad de M\u00e9xico 30 de modelo 2023.-La tasa de desempleo en M\u00e9xico descendi\u00f3 en octubre pasado al 2,7 % de la poblaci\u00f3n econ\u00f3micamente activa (PEA), inform\u00f3 este jueves el Instituto Nacional de Estad\u00edstica y Geograf\u00eda (Inegi). [&hellip;]<\/p>\n","protected":false},"author":1,"featured_media":235347,"comment_status":"open","ping_status":"open","sticky":false,"template":"","format":"standard","meta":{"footnotes":""},"categories":[8],"tags":[],"class_list":["post-235346","post","type-post","status-publish","format-standard","has-post-thumbnail","hentry","category-pais","entry","has-media"],"jetpack_featured_media_url":"http:\/\/vertienteglobal.com\/wp-content\/uploads\/2023\/11\/220993.jpg","_links":{"self":[{"href":"http:\/\/vertienteglobal.com\/index.php?rest_route=\/wp\/v2\/posts\/235346","targetHints":{"allow":["GET"]}}],"collection":[{"href":"http:\/\/vertienteglobal.com\/index.php?rest_route=\/wp\/v2\/posts"}],"about":[{"href":"http:\/\/vertienteglobal.com\/index.php?rest_route=\/wp\/v2\/types\/post"}],"author":[{"embeddable":true,"href":"http:\/\/vertienteglobal.com\/index.php?rest_route=\/wp\/v2\/users\/1"}],"replies":[{"embeddable":true,"href":"http:\/\/vertienteglobal.com\/index.php?rest_route=%2Fwp%2Fv2%2Fcomments&post=235346"}],"version-history":[{"count":0,"href":"http:\/\/vertienteglobal.com\/index.php?rest_route=\/wp\/v2\/posts\/235346\/revisions"}],"wp:featuredmedia":[{"embeddable":true,"href":"http:\/\/vertienteglobal.com\/index.php?rest_route=\/wp\/v2\/media\/235347"}],"wp:attachment":[{"href":"http:\/\/vertienteglobal.com\/index.php?rest_route=%2Fwp%2Fv2%2Fmedia&parent=235346"}],"wp:term":[{"taxonomy":"category","embeddable":true,"href":"http:\/\/vertienteglobal.com\/index.php?rest_route=%2Fwp%2Fv2%2Fcategories&post=235346"},{"taxonomy":"post_tag","embeddable":true,"href":"http:\/\/vertienteglobal.com\/index.php?rest_route=%2Fwp%2Fv2%2Ftags&post=235346"}],"curies":[{"name":"wp","href":"https:\/\/api.w.org\/{rel}","templated":true}]}}