{"id":235325,"date":"2023-11-29T07:52:00","date_gmt":"2023-11-29T13:52:00","guid":{"rendered":"http:\/\/vertienteglobal.com\/?p=235325"},"modified":"2023-11-30T21:14:40","modified_gmt":"2023-12-01T03:14:40","slug":"expertos-alertan-de-un-aumento-del-30-en-males-respiratorios-en-esta-temporada-en-mexico","status":"publish","type":"post","link":"http:\/\/vertienteglobal.com\/?p=235325","title":{"rendered":"Expertos alertan de un aumento del 30 % en males respiratorios en esta temporada en M\u00e9xico"},"content":{"rendered":"\n<div class=\"twitterbutton\" style=\"float: right; padding-left: 5px;\"><a href=\"http:\/\/twitter.com\/share\" class=\"twitter-share-button\" data-count=\"horizontal\" data-text=\"Expertos alertan de un aumento del 30 % en males respiratorios en esta temporada...\" data-via=\"https:\/\/twitter.com\/VertienteGloba1\" data-url=\"http:\/\/vertienteglobal.com\/?p=235325\" data-lang=\"es\" data-related=\"Informaci\u00f3n general:S\u00edguenos para que est\u00e9ss informado\"><\/a><\/div>\n<figure class=\"wp-block-image size-full\"><img loading=\"lazy\" decoding=\"async\" width=\"1024\" height=\"683\" src=\"http:\/\/vertienteglobal.com\/wp-content\/uploads\/2023\/11\/220882.jpg\" alt=\"\" class=\"wp-image-235326\" srcset=\"http:\/\/vertienteglobal.com\/wp-content\/uploads\/2023\/11\/220882.jpg 1024w, http:\/\/vertienteglobal.com\/wp-content\/uploads\/2023\/11\/220882-300x200.jpg 300w, http:\/\/vertienteglobal.com\/wp-content\/uploads\/2023\/11\/220882-150x100.jpg 150w, http:\/\/vertienteglobal.com\/wp-content\/uploads\/2023\/11\/220882-768x512.jpg 768w\" sizes=\"auto, (max-width: 1024px) 100vw, 1024px\" \/><\/figure>\n\n\n\n<p>(Redacci\u00f3n)<\/p>\n\n\n\n<p>El neum\u00f3logo Jos\u00e9 Luis Sandoval cit\u00f3 que en M\u00e9xico tradicionalmente se presentan unas 23 millones de infecciones respiratorias anualmente, 11 millones de ellas son agudas y entre 20.000 y 70.000 son del tipo neumon\u00eda y bronconeumon\u00edas<\/p>\n\n\n\n<p>Ciudad de M\u00e9xico 29 de noviembre del 2023.-El riesgo de contraer enfermedades de v\u00edas respiratorias altas y bajas incrementa en un 30 % durante la temporada invernal, por lo que especialistas hicieron este martes un llamado a prevenir estos padecimientos en M\u00e9xico.<\/p>\n\n\n\n<p>Y es que en una conferencia de prensa, el neum\u00f3logo Jos\u00e9 Luis Sandoval cit\u00f3 que en M\u00e9xico tradicionalmente se presentan unas 23 millones de infecciones respiratorias anualmente, 11 millones de ellas son agudas y entre 20.000 y 70.000 son del tipo neumon\u00eda y bronconeumon\u00edas.<\/p>\n\n\n\n<p>\u201cActualmente, los virus m\u00e1s prevalentes que provocan estas enfermedades son la influenza, el virus sincicial respiratorio (VSR) y el SARS-CoV-2, son agentes que tienen una capacidad de reproducci\u00f3n incrementada en noviembre, diciembre, enero y febrero\u201d, se\u00f1al\u00f3 el especialista.<br>Precis\u00f3 que en temporada de fr\u00edo aumentan las consultas en los servicios de salud por estos padecimientos, sobre todo en ni\u00f1os y adultos mayores de 65 a\u00f1os, as\u00ed como de personas con enfermedades cr\u00f3nicas.<\/p>\n\n\n\n<p>Francisco Javier Saynes, otorrinolaring\u00f3logo y cirujano de cabeza y cuello, dijo que anualmente la infecci\u00f3n respiratoria aguda, que es responsable de enfermedades como la influenza, la neumon\u00eda y la bronquiolitis, provoca cerca de 2 millones de muertes en M\u00e9xico, por lo que es importante reconocer el agente causante para dar el tratamiento adecuado.<\/p>\n\n\n\n<p>\u201cEs importante saber que el 90 % de las infecciones respiratorias son de origen viral, por lo que responden a un tratamiento antiviral y para los s\u00edntomas como dolor de garganta, cefalea, escurrimiento nasal y cuerpo cortado se pueden utilizar antiinflamatorios y medicamentos asintom\u00e1ticos\u201d, explic\u00f3.(Fuente: EFE\/Foto: EFE\/Xeva)<\/p>\n","protected":false},"excerpt":{"rendered":"<p>(Redacci\u00f3n) El neum\u00f3logo Jos\u00e9 Luis Sandoval cit\u00f3 que en M\u00e9xico tradicionalmente se presentan unas 23 millones de infecciones respiratorias anualmente, 11 millones de ellas son agudas y entre 20.000 y 70.000 son del tipo neumon\u00eda y bronconeumon\u00edas Ciudad de M\u00e9xico 29 de noviembre del 2023.-El riesgo de contraer enfermedades de v\u00edas respiratorias altas y bajas [&hellip;]<\/p>\n","protected":false},"author":1,"featured_media":235326,"comment_status":"open","ping_status":"open","sticky":false,"template":"","format":"standard","meta":{"footnotes":""},"categories":[8],"tags":[],"class_list":["post-235325","post","type-post","status-publish","format-standard","has-post-thumbnail","hentry","category-pais","entry","has-media"],"jetpack_featured_media_url":"http:\/\/vertienteglobal.com\/wp-content\/uploads\/2023\/11\/220882.jpg","_links":{"self":[{"href":"http:\/\/vertienteglobal.com\/index.php?rest_route=\/wp\/v2\/posts\/235325","targetHints":{"allow":["GET"]}}],"collection":[{"href":"http:\/\/vertienteglobal.com\/index.php?rest_route=\/wp\/v2\/posts"}],"about":[{"href":"http:\/\/vertienteglobal.com\/index.php?rest_route=\/wp\/v2\/types\/post"}],"author":[{"embeddable":true,"href":"http:\/\/vertienteglobal.com\/index.php?rest_route=\/wp\/v2\/users\/1"}],"replies":[{"embeddable":true,"href":"http:\/\/vertienteglobal.com\/index.php?rest_route=%2Fwp%2Fv2%2Fcomments&post=235325"}],"version-history":[{"count":0,"href":"http:\/\/vertienteglobal.com\/index.php?rest_route=\/wp\/v2\/posts\/235325\/revisions"}],"wp:featuredmedia":[{"embeddable":true,"href":"http:\/\/vertienteglobal.com\/index.php?rest_route=\/wp\/v2\/media\/235326"}],"wp:attachment":[{"href":"http:\/\/vertienteglobal.com\/index.php?rest_route=%2Fwp%2Fv2%2Fmedia&parent=235325"}],"wp:term":[{"taxonomy":"category","embeddable":true,"href":"http:\/\/vertienteglobal.com\/index.php?rest_route=%2Fwp%2Fv2%2Fcategories&post=235325"},{"taxonomy":"post_tag","embeddable":true,"href":"http:\/\/vertienteglobal.com\/index.php?rest_route=%2Fwp%2Fv2%2Ftags&post=235325"}],"curies":[{"name":"wp","href":"https:\/\/api.w.org\/{rel}","templated":true}]}}