{"id":235319,"date":"2023-11-30T12:55:00","date_gmt":"2023-11-30T18:55:00","guid":{"rendered":"http:\/\/vertienteglobal.com\/?p=235319"},"modified":"2023-11-30T20:57:35","modified_gmt":"2023-12-01T02:57:35","slug":"con-saldo-blanco-mara-lezama-da-por-concluida-oficialmente-la-temporada-de-lluvias-y-ciclones-tropicales-2023","status":"publish","type":"post","link":"http:\/\/vertienteglobal.com\/?p=235319","title":{"rendered":"Con saldo blanco, Mara Lezama da por concluida, oficialmente, la temporada de lluvias y ciclones tropicales 2023"},"content":{"rendered":"\n<div class=\"twitterbutton\" style=\"float: right; padding-left: 5px;\"><a href=\"http:\/\/twitter.com\/share\" class=\"twitter-share-button\" data-count=\"horizontal\" data-text=\"Con saldo blanco, Mara Lezama da por concluida, oficialmente, la temporada de ll...\" data-via=\"https:\/\/twitter.com\/VertienteGloba1\" data-url=\"http:\/\/vertienteglobal.com\/?p=235319\" data-lang=\"es\" data-related=\"Informaci\u00f3n general:S\u00edguenos para que est\u00e9ss informado\"><\/a><\/div>\n<figure class=\"wp-block-image size-full\"><img loading=\"lazy\" decoding=\"async\" width=\"720\" height=\"356\" src=\"http:\/\/vertienteglobal.com\/wp-content\/uploads\/2023\/11\/Screenshot_20231130-2117082.png\" alt=\"\" class=\"wp-image-235320\" srcset=\"http:\/\/vertienteglobal.com\/wp-content\/uploads\/2023\/11\/Screenshot_20231130-2117082.png 720w, http:\/\/vertienteglobal.com\/wp-content\/uploads\/2023\/11\/Screenshot_20231130-2117082-300x148.png 300w, http:\/\/vertienteglobal.com\/wp-content\/uploads\/2023\/11\/Screenshot_20231130-2117082-150x74.png 150w\" sizes=\"auto, (max-width: 720px) 100vw, 720px\" \/><\/figure>\n\n\n\n<p>(Redaccion)<\/p>\n\n\n\n<p>La Gobernadora destac\u00f3 la participaci\u00f3n ciudadana y la cultura de prevenci\u00f3n de la ciudadan\u00eda, as\u00ed como el trabajo coordinado con el Gobierno de M\u00e9xico y los municipios<\/p>\n\n\n\n<p>Chetumal, Quintana Roo, a  30 de noviembre del 2023.- Al concluir oficialmente la temporada de lluvias y ciclones tropicales 2023, la gobernadora Mara Lezama Espinosa agradeci\u00f3 a los miembros del Consejo Estatal de Protecci\u00f3n Civil por las acciones realizadas en este lapso que termin\u00f3 con saldo blanco para Quintana Roo.<\/p>\n\n\n\n<p>En su car\u00e1cter de presidenta del Consejo Estatal de Protecci\u00f3n Civil, la gobernadora de Quintana Roo dio a conocer que en el lapso del 1 de junio al 30 de noviembre se dio seguimiento a los sistemas que, por su trayectoria o intensidad, pudieron representar alguna amenaza para la poblaci\u00f3n.<\/p>\n\n\n\n<p>Mara Lezama expres\u00f3 que en Quintana Roo tenemos una cultura de la prevenci\u00f3n y nos preparamos para hacer frente a esta temporada. Como ejemplo cit\u00f3 que se anticiparon 837 refugios en caso de contingencias, los cuales fueron supervisados para verificar que contaran con las condiciones para recibir a la ciudadan\u00eda, en caso de ser necesario.<\/p>\n\n\n\n<p>\u201cEl Nuevo Acuerdo por el Bienestar y Desarrollo de Quintana Roo nos dio la pauta. Ten\u00edamos que trabajar todos unidos, sumando esfuerzos, uniendo voluntades, autoridades, sector social, sector privado, fuerzas armadas, cuerpos de seguridad, protecci\u00f3n civil, principalmente las y los meteor\u00f3logos que se dedicaron a seguir de cerca el comportamiento del clima\u201d dijo.<\/p>\n\n\n\n<p>Asegur\u00f3 que estos 183 d\u00edas en Quintana Roo, integrantes del Sistema Estatal de Protecci\u00f3n Civil vigilaron el desarrollo de 20 ciclones tropicales, de los cuales 12 fueron tormentas tropicales, 4 huracanes en categor\u00edas 1 y 2, y 3 huracanes en categor\u00edas 3, 4 y 5, as\u00ed como la Depresi\u00f3n Tropical n\u00famero 20, hay que se\u00f1alar que por fortuna, ninguno impact\u00f3 ni ocasion\u00f3 da\u00f1os severos.<\/p>\n\n\n\n<p>Quintana Roo es un pueblo con una gran cultura c\u00edvica, hemos vivido situaciones adversas y complejas que nos han permitido organizarnos, mostrar nuestro gran sentido de hermandad y hemos renacido juntos, eso nos ha hecho saber que prevenir es vivir.<\/p>\n","protected":false},"excerpt":{"rendered":"<p>(Redaccion) La Gobernadora destac\u00f3 la participaci\u00f3n ciudadana y la cultura de prevenci\u00f3n de la ciudadan\u00eda, as\u00ed como el trabajo coordinado con el Gobierno de M\u00e9xico y los municipios Chetumal, Quintana Roo, a 30 de noviembre del 2023.- Al concluir oficialmente la temporada de lluvias y ciclones tropicales 2023, la gobernadora Mara Lezama Espinosa agradeci\u00f3 a [&hellip;]<\/p>\n","protected":false},"author":1,"featured_media":235320,"comment_status":"open","ping_status":"open","sticky":false,"template":"","format":"standard","meta":{"footnotes":""},"categories":[3],"tags":[],"class_list":["post-235319","post","type-post","status-publish","format-standard","has-post-thumbnail","hentry","category-quintana-roo","entry","has-media"],"jetpack_featured_media_url":"http:\/\/vertienteglobal.com\/wp-content\/uploads\/2023\/11\/Screenshot_20231130-2117082.png","_links":{"self":[{"href":"http:\/\/vertienteglobal.com\/index.php?rest_route=\/wp\/v2\/posts\/235319","targetHints":{"allow":["GET"]}}],"collection":[{"href":"http:\/\/vertienteglobal.com\/index.php?rest_route=\/wp\/v2\/posts"}],"about":[{"href":"http:\/\/vertienteglobal.com\/index.php?rest_route=\/wp\/v2\/types\/post"}],"author":[{"embeddable":true,"href":"http:\/\/vertienteglobal.com\/index.php?rest_route=\/wp\/v2\/users\/1"}],"replies":[{"embeddable":true,"href":"http:\/\/vertienteglobal.com\/index.php?rest_route=%2Fwp%2Fv2%2Fcomments&post=235319"}],"version-history":[{"count":0,"href":"http:\/\/vertienteglobal.com\/index.php?rest_route=\/wp\/v2\/posts\/235319\/revisions"}],"wp:featuredmedia":[{"embeddable":true,"href":"http:\/\/vertienteglobal.com\/index.php?rest_route=\/wp\/v2\/media\/235320"}],"wp:attachment":[{"href":"http:\/\/vertienteglobal.com\/index.php?rest_route=%2Fwp%2Fv2%2Fmedia&parent=235319"}],"wp:term":[{"taxonomy":"category","embeddable":true,"href":"http:\/\/vertienteglobal.com\/index.php?rest_route=%2Fwp%2Fv2%2Fcategories&post=235319"},{"taxonomy":"post_tag","embeddable":true,"href":"http:\/\/vertienteglobal.com\/index.php?rest_route=%2Fwp%2Fv2%2Ftags&post=235319"}],"curies":[{"name":"wp","href":"https:\/\/api.w.org\/{rel}","templated":true}]}}