{"id":235181,"date":"2023-11-28T09:24:00","date_gmt":"2023-11-28T15:24:00","guid":{"rendered":"http:\/\/vertienteglobal.com\/?p=235181"},"modified":"2023-11-28T19:12:20","modified_gmt":"2023-11-29T01:12:20","slug":"propondra-amlo-tribunal-para-revisar-el-actuar-de-jueces-y-magistrados","status":"publish","type":"post","link":"http:\/\/vertienteglobal.com\/?p=235181","title":{"rendered":"Propondr\u00e1 AMLO tribunal para revisar el actuar de jueces y magistrados"},"content":{"rendered":"\n<div class=\"twitterbutton\" style=\"float: right; padding-left: 5px;\"><a href=\"http:\/\/twitter.com\/share\" class=\"twitter-share-button\" data-count=\"horizontal\" data-text=\"Propondr\u00e1 AMLO tribunal para revisar el actuar de jueces y magistrados\" data-via=\"https:\/\/twitter.com\/VertienteGloba1\" data-url=\"http:\/\/vertienteglobal.com\/?p=235181\" data-lang=\"es\" data-related=\"Informaci\u00f3n general:S\u00edguenos para que est\u00e9ss informado\"><\/a><\/div>\n<figure class=\"wp-block-image size-full\"><img loading=\"lazy\" decoding=\"async\" width=\"580\" height=\"340\" src=\"http:\/\/vertienteglobal.com\/wp-content\/uploads\/2023\/11\/a8f12d9486cbc_position2_retina.jpg\" alt=\"\" class=\"wp-image-235182\" srcset=\"http:\/\/vertienteglobal.com\/wp-content\/uploads\/2023\/11\/a8f12d9486cbc_position2_retina.jpg 580w, http:\/\/vertienteglobal.com\/wp-content\/uploads\/2023\/11\/a8f12d9486cbc_position2_retina-300x176.jpg 300w, http:\/\/vertienteglobal.com\/wp-content\/uploads\/2023\/11\/a8f12d9486cbc_position2_retina-150x88.jpg 150w\" sizes=\"auto, (max-width: 580px) 100vw, 580px\" \/><\/figure>\n\n\n\n<p>(Redacci\u00f3n)<\/p>\n\n\n\n<p>L\u00f3pez Obrador explic\u00f3 en la conferencia de prensa matutina que tambi\u00e9n se contempla la figura de la revocaci\u00f3n de mandato en el Poder Judicial<\/p>\n\n\n\n<p>Ciudad de M\u00e9xico 28 de noviembre del 2023.-El presidente Andr\u00e9s Manuel L\u00f3pez Obrador, detall\u00f3 la ma\u00f1ana de este martes que en la reforma al Poder Judicial que presentar\u00e1 antes de concluir su sexenio propondr\u00e1 la creaci\u00f3n de un tribunal que se encargue de revisar el actuar de jueces y magistrados.<\/p>\n\n\n\n<p>Ante ello L\u00f3pez Obrador explic\u00f3 en la conferencia de prensa matutina que tambi\u00e9n se contempla la figura de la revocaci\u00f3n de mandato en el Poder Judicial.<\/p>\n\n\n\n<p>\u00abSe aplicar\u00eda tambi\u00e9n lo de la revocaci\u00f3n de mandato, porque no solo es la elecci\u00f3n del juez, magistrado o ministro, la reforma que voy a enviar, va a incluir tambi\u00e9n que exista un tribunal al interior del Poder Judicial que est\u00e9 pendiente\u2026 S\u00ed (una especie del CJF), pero no la Judicatura actual, que est\u00e1, con todo respeto, pasmada, congelada esto que estamos planteando, no le corresponde a la Judicatura a revisarlo. \u00bfConocen ustedes de alg\u00fan juez que est\u00e9 siendo procesado o en la c\u00e1rcel? Son fin\u00edsimas personas todos\u201d, lanz\u00f3.<\/p>\n\n\n\n<p>Cabe agregar que el presidente se lanz\u00f3 esta ma\u00f1ana contra el Poder Judicial, tras la propuesta del ministro de la Suprema Corte de Justicia de la Naci\u00f3n (SCJN), Alberto P\u00e9rez Day\u00e1n, de destituir a legisladores si no acatan resoluciones del M\u00e1ximo Tribunal del pa\u00eds, ante ello detall\u00f3 que ahora el Poder Judicial se quiere convertir en lo que denomin\u00f3 \u201cel poder de los poderes\u201c, y calific\u00f3 dicha propuesta como algo \u201csin sentido\u201d por parte del ministro.<\/p>\n\n\n\n<p>\u201cEs eso, son poderes independientes, aut\u00f3nomos, no puede un poder situarse por encima de los dem\u00e1s. No puede haber un Supremo Poder Conservador, como quisieran algunos, ser\u00eda como el regreso del predominio del Poder Ejecutivo, as\u00ed era el r\u00e9gimen porfirista y tambi\u00e9n postrevolucionario, que no cambi\u00f3\u201d, declar\u00f3.(Fuente: LD\/Foto: istockphoto\/Xeva)<\/p>\n","protected":false},"excerpt":{"rendered":"<p>(Redacci\u00f3n) L\u00f3pez Obrador explic\u00f3 en la conferencia de prensa matutina que tambi\u00e9n se contempla la figura de la revocaci\u00f3n de mandato en el Poder Judicial Ciudad de M\u00e9xico 28 de noviembre del 2023.-El presidente Andr\u00e9s Manuel L\u00f3pez Obrador, detall\u00f3 la ma\u00f1ana de este martes que en la reforma al Poder Judicial que presentar\u00e1 antes de [&hellip;]<\/p>\n","protected":false},"author":1,"featured_media":235182,"comment_status":"open","ping_status":"open","sticky":false,"template":"","format":"standard","meta":{"footnotes":""},"categories":[8],"tags":[],"class_list":["post-235181","post","type-post","status-publish","format-standard","has-post-thumbnail","hentry","category-pais","entry","has-media"],"jetpack_featured_media_url":"http:\/\/vertienteglobal.com\/wp-content\/uploads\/2023\/11\/a8f12d9486cbc_position2_retina.jpg","_links":{"self":[{"href":"http:\/\/vertienteglobal.com\/index.php?rest_route=\/wp\/v2\/posts\/235181","targetHints":{"allow":["GET"]}}],"collection":[{"href":"http:\/\/vertienteglobal.com\/index.php?rest_route=\/wp\/v2\/posts"}],"about":[{"href":"http:\/\/vertienteglobal.com\/index.php?rest_route=\/wp\/v2\/types\/post"}],"author":[{"embeddable":true,"href":"http:\/\/vertienteglobal.com\/index.php?rest_route=\/wp\/v2\/users\/1"}],"replies":[{"embeddable":true,"href":"http:\/\/vertienteglobal.com\/index.php?rest_route=%2Fwp%2Fv2%2Fcomments&post=235181"}],"version-history":[{"count":0,"href":"http:\/\/vertienteglobal.com\/index.php?rest_route=\/wp\/v2\/posts\/235181\/revisions"}],"wp:featuredmedia":[{"embeddable":true,"href":"http:\/\/vertienteglobal.com\/index.php?rest_route=\/wp\/v2\/media\/235182"}],"wp:attachment":[{"href":"http:\/\/vertienteglobal.com\/index.php?rest_route=%2Fwp%2Fv2%2Fmedia&parent=235181"}],"wp:term":[{"taxonomy":"category","embeddable":true,"href":"http:\/\/vertienteglobal.com\/index.php?rest_route=%2Fwp%2Fv2%2Fcategories&post=235181"},{"taxonomy":"post_tag","embeddable":true,"href":"http:\/\/vertienteglobal.com\/index.php?rest_route=%2Fwp%2Fv2%2Ftags&post=235181"}],"curies":[{"name":"wp","href":"https:\/\/api.w.org\/{rel}","templated":true}]}}