{"id":235160,"date":"2023-11-28T08:53:00","date_gmt":"2023-11-28T14:53:00","guid":{"rendered":"http:\/\/vertienteglobal.com\/?p=235160"},"modified":"2023-11-28T18:14:21","modified_gmt":"2023-11-29T00:14:21","slug":"perreo-criptonita-y-pixelar-ingresan-al-diccionario-de-la-rae","status":"publish","type":"post","link":"http:\/\/vertienteglobal.com\/?p=235160","title":{"rendered":"Perreo, criptonita y pixelar ingresan al diccionario de la RAE"},"content":{"rendered":"\n<div class=\"twitterbutton\" style=\"float: right; padding-left: 5px;\"><a href=\"http:\/\/twitter.com\/share\" class=\"twitter-share-button\" data-count=\"horizontal\" data-text=\"Perreo, criptonita y pixelar ingresan al diccionario de la RAE\" data-via=\"https:\/\/twitter.com\/VertienteGloba1\" data-url=\"http:\/\/vertienteglobal.com\/?p=235160\" data-lang=\"es\" data-related=\"Informaci\u00f3n general:S\u00edguenos para que est\u00e9ss informado\"><\/a><\/div>\n<figure class=\"wp-block-image size-full\"><img loading=\"lazy\" decoding=\"async\" width=\"1024\" height=\"683\" src=\"http:\/\/vertienteglobal.com\/wp-content\/uploads\/2023\/11\/220793.jpg\" alt=\"\" class=\"wp-image-235161\" srcset=\"http:\/\/vertienteglobal.com\/wp-content\/uploads\/2023\/11\/220793.jpg 1024w, http:\/\/vertienteglobal.com\/wp-content\/uploads\/2023\/11\/220793-300x200.jpg 300w, http:\/\/vertienteglobal.com\/wp-content\/uploads\/2023\/11\/220793-150x100.jpg 150w, http:\/\/vertienteglobal.com\/wp-content\/uploads\/2023\/11\/220793-768x512.jpg 768w\" sizes=\"auto, (max-width: 1024px) 100vw, 1024px\" \/><\/figure>\n\n\n\n<p>(Redacci\u00f3n)<\/p>\n\n\n\n<p>La directora del Instituto de Lexicograf\u00eda, Elena Zamora, explic\u00f3 que la RAE incorpora estas palabras gracias a \u00abla observaci\u00f3n atenta de nuestro entorno\u00bb y la consideraci\u00f3n de los grandes temas de la actualidad<\/p>\n\n\n\n<p>Ciudad de M\u00e9xico 28 de noviembre del 2023.-En una reciente actualizaci\u00f3n anunciada este martes, la Real Academia Espa\u00f1ola (RAE) ha a\u00f1adido un total de 4,381 innovaciones, que incluyen tanto palabras nuevas como actualizaciones de acepciones existentes. Entre los t\u00e9rminos destacados se encuentran \u00abbig data,\u00bb \u00abdescarbonizar,\u00bb \u00abvideoarbitraje,\u00bb y \u00absupervillano,\u00bb seg\u00fan inform\u00f3 Santiago Mu\u00f1oz Machado, director de la RAE, en una rueda de prensa.<\/p>\n\n\n\n<p>Esta actualizaci\u00f3n refleja la constante evoluci\u00f3n del idioma espa\u00f1ol y la capacidad de la RAE para adaptarse a los cambios en la sociedad y la tecnolog\u00eda. Como parte de esta adaptaci\u00f3n, la RAE ha introducido la posibilidad de consultar sin\u00f3nimos y ant\u00f3nimos directamente en su edici\u00f3n en l\u00ednea, marcando un hito en la historia del diccionario.<\/p>\n\n\n\n<p>En consonancia con la tendencia de a\u00f1os anteriores, la RAE ha integrado t\u00e9rminos relacionados con las nuevas tecnolog\u00edas y las redes sociales, como \u00abbig data,\u00bb \u00abpixelar,\u00bb \u00absexting\u00bb (enviar im\u00e1genes sexuales a trav\u00e9s de un dispositivo electr\u00f3nico), y \u00abbanner\u00bb (pancarta que aparece en las p\u00e1ginas en l\u00ednea).<\/p>\n\n\n\n<p>La directora del Instituto de Lexicograf\u00eda, Elena Zamora, explic\u00f3 que la RAE incorpora estas palabras gracias a \u00abla observaci\u00f3n atenta de nuestro entorno\u00bb y la consideraci\u00f3n de los grandes temas de la actualidad. En este sentido, t\u00e9rminos como \u00abdescarbonizar\u00bb y \u00abenchufable\u00bb (referente a los autom\u00f3viles el\u00e9ctricos) se suman al diccionario en respuesta al creciente inter\u00e9s y preocupaci\u00f3n por el cambio clim\u00e1tico.<\/p>\n\n\n\n<p>La influencia del mundo del cine y la televisi\u00f3n tambi\u00e9n se hace evidente en esta actualizaci\u00f3n, con la inclusi\u00f3n de palabras como \u00abperreo\u00bb, \u00absupervillano,\u00bb \u00absonidista,\u00bb y \u00abcriptonita\u00bb, esta \u00faltima en su acepci\u00f3n de \u00abpersona o cosa que neutraliza o merma las cualidades principales de algo o de alguien.\u00bb(Fuente: Expansi\u00f3n\/\/Foto: Freepik\/Xeva)<\/p>\n","protected":false},"excerpt":{"rendered":"<p>(Redacci\u00f3n) La directora del Instituto de Lexicograf\u00eda, Elena Zamora, explic\u00f3 que la RAE incorpora estas palabras gracias a \u00abla observaci\u00f3n atenta de nuestro entorno\u00bb y la consideraci\u00f3n de los grandes temas de la actualidad Ciudad de M\u00e9xico 28 de noviembre del 2023.-En una reciente actualizaci\u00f3n anunciada este martes, la Real Academia Espa\u00f1ola (RAE) ha a\u00f1adido [&hellip;]<\/p>\n","protected":false},"author":1,"featured_media":235161,"comment_status":"open","ping_status":"open","sticky":false,"template":"","format":"standard","meta":{"footnotes":""},"categories":[9,8],"tags":[],"class_list":["post-235160","post","type-post","status-publish","format-standard","has-post-thumbnail","hentry","category-educacion","category-pais","entry","has-media"],"jetpack_featured_media_url":"http:\/\/vertienteglobal.com\/wp-content\/uploads\/2023\/11\/220793.jpg","_links":{"self":[{"href":"http:\/\/vertienteglobal.com\/index.php?rest_route=\/wp\/v2\/posts\/235160","targetHints":{"allow":["GET"]}}],"collection":[{"href":"http:\/\/vertienteglobal.com\/index.php?rest_route=\/wp\/v2\/posts"}],"about":[{"href":"http:\/\/vertienteglobal.com\/index.php?rest_route=\/wp\/v2\/types\/post"}],"author":[{"embeddable":true,"href":"http:\/\/vertienteglobal.com\/index.php?rest_route=\/wp\/v2\/users\/1"}],"replies":[{"embeddable":true,"href":"http:\/\/vertienteglobal.com\/index.php?rest_route=%2Fwp%2Fv2%2Fcomments&post=235160"}],"version-history":[{"count":0,"href":"http:\/\/vertienteglobal.com\/index.php?rest_route=\/wp\/v2\/posts\/235160\/revisions"}],"wp:featuredmedia":[{"embeddable":true,"href":"http:\/\/vertienteglobal.com\/index.php?rest_route=\/wp\/v2\/media\/235161"}],"wp:attachment":[{"href":"http:\/\/vertienteglobal.com\/index.php?rest_route=%2Fwp%2Fv2%2Fmedia&parent=235160"}],"wp:term":[{"taxonomy":"category","embeddable":true,"href":"http:\/\/vertienteglobal.com\/index.php?rest_route=%2Fwp%2Fv2%2Fcategories&post=235160"},{"taxonomy":"post_tag","embeddable":true,"href":"http:\/\/vertienteglobal.com\/index.php?rest_route=%2Fwp%2Fv2%2Ftags&post=235160"}],"curies":[{"name":"wp","href":"https:\/\/api.w.org\/{rel}","templated":true}]}}