{"id":235027,"date":"2023-11-22T19:21:00","date_gmt":"2023-11-23T01:21:00","guid":{"rendered":"http:\/\/vertienteglobal.com\/?p=235027"},"modified":"2023-11-23T14:27:16","modified_gmt":"2023-11-23T20:27:16","slug":"diego-castanon-trejo-le-apuesta-a-las-artesanas-emprendedoras-con-cursos-permanentes","status":"publish","type":"post","link":"http:\/\/vertienteglobal.com\/?p=235027","title":{"rendered":"Diego Casta\u00f1\u00f3n Trejo le apuesta, a las artesanas emprendedoras con cursos permanentes"},"content":{"rendered":"\n<div class=\"twitterbutton\" style=\"float: right; padding-left: 5px;\"><a href=\"http:\/\/twitter.com\/share\" class=\"twitter-share-button\" data-count=\"horizontal\" data-text=\"Diego Casta\u00f1\u00f3n Trejo le apuesta, a las artesanas emprendedoras con cursos perm...\" data-via=\"https:\/\/twitter.com\/VertienteGloba1\" data-url=\"http:\/\/vertienteglobal.com\/?p=235027\" data-lang=\"es\" data-related=\"Informaci\u00f3n general:S\u00edguenos para que est\u00e9ss informado\"><\/a><\/div>\n<figure class=\"wp-block-image size-full\"><img loading=\"lazy\" decoding=\"async\" width=\"720\" height=\"480\" src=\"http:\/\/vertienteglobal.com\/wp-content\/uploads\/2023\/11\/FB_IMG_1700770881915.jpg\" alt=\"\" class=\"wp-image-235028\" srcset=\"http:\/\/vertienteglobal.com\/wp-content\/uploads\/2023\/11\/FB_IMG_1700770881915.jpg 720w, http:\/\/vertienteglobal.com\/wp-content\/uploads\/2023\/11\/FB_IMG_1700770881915-300x200.jpg 300w, http:\/\/vertienteglobal.com\/wp-content\/uploads\/2023\/11\/FB_IMG_1700770881915-150x100.jpg 150w\" sizes=\"auto, (max-width: 720px) 100vw, 720px\" \/><\/figure>\n\n\n\n<p>(Redaccion)<\/p>\n\n\n\n<p>El funcionario indic\u00f3 que la instrucci\u00f3n del Presidente Municipal, Diego Casta\u00f1\u00f3n Trejo, se enfoca al fortalecimiento de las comunidades mayas, a fin de elevar la calidad de vida<\/p>\n\n\n\n<p>Tulum, Quintana Roo a 22 de noviembre del 2023.- El Gobierno Municipal que encabeza el alcalde, Diego Casta\u00f1\u00f3n Trejo, clausur\u00f3 con \u00e9xito el curso de corte y confecci\u00f3n para artesanas de las comunidades de Sahcabmucuy, Chanch\u00e9n 1 y Hondzonot, impulsando la autosuficiencia y el empoderamiento econ\u00f3mico de las familias en la zona maya.<\/p>\n\n\n\n<p>Al respecto, el director de econom\u00eda, Bady G\u00f3mez Soberano, inform\u00f3 que se trat\u00f3 de un curso con duraci\u00f3n de 20 horas, distribuidos en una semana, focalizado a 20 artesanas de las tres comunidades en cuesti\u00f3n, elevando y transformando el nivel de competitividad para un mercado tur\u00edstico.<\/p>\n\n\n\n<p>Indic\u00f3 que, con \u00e9stos cursos, la ciudadan\u00eda genera mayor productividad y empodera su econom\u00eda, garantizando mercados locales, estatales, nacionales y hasta extranjeros.<\/p>\n\n\n\n<p>El funcionario indic\u00f3 que la instrucci\u00f3n del Presidente Municipal, Diego Casta\u00f1\u00f3n Trejo, se enfoca al fortalecimiento de las comunidades mayas, a fin de elevar la calidad de vida.<\/p>\n\n\n\n<p>\u201cEstos cursos permita que nuestras artesanas encuentren una oportunidad de autoempleo y perfeccionen los productos que ofertan. Han sido varios los cursos ofrecidos que, con gran \u00e9xito, permiten excelentes resultados\u201d, dijo G\u00f3mez Soberano.<\/p>\n\n\n\n<p>Es importante agregar que, durante el curso, a cada artesana se le dot\u00f3 de un kit de herramientas que consisti\u00f3 en lo siguiente:<\/p>\n\n\n\n<p>-Tijera profesional para tela.<br>-1 regla L.<br>-1 regla curva franc\u00e9s.<br>-1 regla curva.<br>-Descocedor.<br>-Hileras.<br>-Alfileres.<br>-Gredas.<br>-10 mt de tela c\/u.<br>-Cinta m\u00e9trica.<br>-1 l\u00e1piz de cera.<br>-Agujas.<br>-Reglas para patronajes.<br>-Cierres de pl\u00e1stico.<br>-Cierres ocultos.<\/p>\n","protected":false},"excerpt":{"rendered":"<p>(Redaccion) El funcionario indic\u00f3 que la instrucci\u00f3n del Presidente Municipal, Diego Casta\u00f1\u00f3n Trejo, se enfoca al fortalecimiento de las comunidades mayas, a fin de elevar la calidad de vida Tulum, Quintana Roo a 22 de noviembre del 2023.- El Gobierno Municipal que encabeza el alcalde, Diego Casta\u00f1\u00f3n Trejo, clausur\u00f3 con \u00e9xito el curso de corte [&hellip;]<\/p>\n","protected":false},"author":1,"featured_media":235028,"comment_status":"open","ping_status":"open","sticky":false,"template":"","format":"standard","meta":{"footnotes":""},"categories":[3],"tags":[],"class_list":["post-235027","post","type-post","status-publish","format-standard","has-post-thumbnail","hentry","category-quintana-roo","entry","has-media"],"jetpack_featured_media_url":"http:\/\/vertienteglobal.com\/wp-content\/uploads\/2023\/11\/FB_IMG_1700770881915.jpg","_links":{"self":[{"href":"http:\/\/vertienteglobal.com\/index.php?rest_route=\/wp\/v2\/posts\/235027","targetHints":{"allow":["GET"]}}],"collection":[{"href":"http:\/\/vertienteglobal.com\/index.php?rest_route=\/wp\/v2\/posts"}],"about":[{"href":"http:\/\/vertienteglobal.com\/index.php?rest_route=\/wp\/v2\/types\/post"}],"author":[{"embeddable":true,"href":"http:\/\/vertienteglobal.com\/index.php?rest_route=\/wp\/v2\/users\/1"}],"replies":[{"embeddable":true,"href":"http:\/\/vertienteglobal.com\/index.php?rest_route=%2Fwp%2Fv2%2Fcomments&post=235027"}],"version-history":[{"count":0,"href":"http:\/\/vertienteglobal.com\/index.php?rest_route=\/wp\/v2\/posts\/235027\/revisions"}],"wp:featuredmedia":[{"embeddable":true,"href":"http:\/\/vertienteglobal.com\/index.php?rest_route=\/wp\/v2\/media\/235028"}],"wp:attachment":[{"href":"http:\/\/vertienteglobal.com\/index.php?rest_route=%2Fwp%2Fv2%2Fmedia&parent=235027"}],"wp:term":[{"taxonomy":"category","embeddable":true,"href":"http:\/\/vertienteglobal.com\/index.php?rest_route=%2Fwp%2Fv2%2Fcategories&post=235027"},{"taxonomy":"post_tag","embeddable":true,"href":"http:\/\/vertienteglobal.com\/index.php?rest_route=%2Fwp%2Fv2%2Ftags&post=235027"}],"curies":[{"name":"wp","href":"https:\/\/api.w.org\/{rel}","templated":true}]}}