{"id":234979,"date":"2023-11-22T12:24:00","date_gmt":"2023-11-22T18:24:00","guid":{"rendered":"http:\/\/vertienteglobal.com\/?p=234979"},"modified":"2023-11-23T13:43:34","modified_gmt":"2023-11-23T19:43:34","slug":"participa-sqcs-en-xxxvi-asamblea-de-la-red-nacional-de-medios-publicos-de-mexico-a-c","status":"publish","type":"post","link":"http:\/\/vertienteglobal.com\/?p=234979","title":{"rendered":"Participa SQCS en XXXVI Asamblea de la Red Nacional de Medios P\u00fablicos de M\u00e9xico A.C."},"content":{"rendered":"\n<div class=\"twitterbutton\" style=\"float: right; padding-left: 5px;\"><a href=\"http:\/\/twitter.com\/share\" class=\"twitter-share-button\" data-count=\"horizontal\" data-text=\"Participa SQCS en XXXVI Asamblea de la Red Nacional de Medios P\u00fablicos de M\u00e9xi...\" data-via=\"https:\/\/twitter.com\/VertienteGloba1\" data-url=\"http:\/\/vertienteglobal.com\/?p=234979\" data-lang=\"es\" data-related=\"Informaci\u00f3n general:S\u00edguenos para que est\u00e9ss informado\"><\/a><\/div>\n<figure class=\"wp-block-image size-full\"><img loading=\"lazy\" decoding=\"async\" width=\"1024\" height=\"576\" src=\"http:\/\/vertienteglobal.com\/wp-content\/uploads\/2023\/11\/sqcs2.jpg\" alt=\"\" class=\"wp-image-234980\" srcset=\"http:\/\/vertienteglobal.com\/wp-content\/uploads\/2023\/11\/sqcs2.jpg 1024w, http:\/\/vertienteglobal.com\/wp-content\/uploads\/2023\/11\/sqcs2-300x169.jpg 300w, http:\/\/vertienteglobal.com\/wp-content\/uploads\/2023\/11\/sqcs2-150x84.jpg 150w, http:\/\/vertienteglobal.com\/wp-content\/uploads\/2023\/11\/sqcs2-768x432.jpg 768w\" sizes=\"auto, (max-width: 1024px) 100vw, 1024px\" \/><\/figure>\n\n\n\n<p>(Redaccion)<\/p>\n\n\n\n<p>El mandatario destac\u00f3 como principal valor de los medios afiliados a la Red M\u00e9xico el no tener un prop\u00f3sito comercial, por lo cual dijo que es necesario conservar y fortalecer este tipo de medios<\/p>\n\n\n\n<p>Hermosillo, Sonora, 22 de noviembre del 2023.- Con la participaci\u00f3n de 44 afiliados de los medios p\u00fablicos y culturales de M\u00e9xico, arranc\u00f3 la XXXVI Asamblea de la Red de Radiodifusoras y Televisoras Educativas y Culturales de M\u00e9xico, celebrada en el Museo Regional del INAH, de la capital sonorense con la asistencia del gobernador del Estado, Alfonso Durazo Monta\u00f1o.<\/p>\n\n\n\n<p>En este importante evento particip\u00f3 el Sistema Quintanarroense de Comunicaci\u00f3n Social, representado por su directora general Alma Beatriz Garc\u00eda Mu\u00f1oz con el fin de fortalecer los lazos de colaboraci\u00f3n con los medios aliados.<\/p>\n\n\n\n<p>Durante el acto protocolario, el mandatario destac\u00f3 como principal valor de los medios afiliados a la Red M\u00e9xico el no tener un prop\u00f3sito comercial, por lo cual dijo que es necesario conservar y fortalecer este tipo de medios.<\/p>\n\n\n\n<p>En su intervenci\u00f3n, Sostenes D\u00edaz Gonz\u00e1lez, comisionado del Instituto Federal de Telecomunicaciones, indic\u00f3 que la reforma en materia de telecomunicaciones permite empoderar a las audiencias, por lo que este a\u00f1o se otorgaron 432 nuevas concesiones de radio en el pa\u00eds.<\/p>\n\n\n\n<p>Durante el primer d\u00eda de trabajo, se aprob\u00f3 la modificaci\u00f3n de estatutos, y el nombre de la red que ahora se denominar\u00e1: Red Nacional de Medios P\u00fablicos de M\u00e9xico A.C.<\/p>\n\n\n\n<p>Fernando S\u00e1nchez Mejorada, presidente destac\u00f3 la importancia del cambio de nombre de la Red al ser acorde a los tiempos, \u201clos medios p\u00fablicos pasamos esta gran etapa porque empatizamos con nuestras audiencias y la diversidad reflejada en los contenidos con apoyos\u201d, dijo.<\/p>\n\n\n\n<p>La asamblea nacional, tendr\u00e1 una duraci\u00f3n de tres d\u00edas en los que se abordar\u00e1n temas como: la b\u00fasqueda de nuevas fuentes y formatos informativos, medios p\u00fablicos y la libertad de expresi\u00f3n, entre otros; y se contar\u00e1 con la participaci\u00f3n de personalidades como la Consejera Presidenta del INE, Guadalupe Taide Zavala; los periodistas, Aleida Calleja, Jenaro Villamil, Juan Aguilar Cid, Alberto Romero, entre otros.<\/p>\n\n\n\n<p>Con su participaci\u00f3n en este evento, el Sistema Quintanarroense de Comunicaci\u00f3n Social refrenda su compromiso con las audiencias quintanarroenses de continuar trabajando apegados al Nuevo Acuerdo por el Bienestar y Desarrollo que impulsa la gobernadora de Quintana Roo, Mara Lezama para llevar contenidos educativos, culturales, de entretenimiento y en materia de protecci\u00f3n civil.<\/p>\n\n\n\n<figure class=\"wp-block-image size-full\"><img loading=\"lazy\" decoding=\"async\" width=\"585\" height=\"439\" src=\"http:\/\/vertienteglobal.com\/wp-content\/uploads\/2023\/11\/sqcs-585x439-1.jpg\" alt=\"\" class=\"wp-image-234981\" srcset=\"http:\/\/vertienteglobal.com\/wp-content\/uploads\/2023\/11\/sqcs-585x439-1.jpg 585w, http:\/\/vertienteglobal.com\/wp-content\/uploads\/2023\/11\/sqcs-585x439-1-300x225.jpg 300w, http:\/\/vertienteglobal.com\/wp-content\/uploads\/2023\/11\/sqcs-585x439-1-150x113.jpg 150w\" sizes=\"auto, (max-width: 585px) 100vw, 585px\" \/><\/figure>\n\n\n\n<figure class=\"wp-block-image size-full\"><img loading=\"lazy\" decoding=\"async\" width=\"585\" height=\"439\" src=\"http:\/\/vertienteglobal.com\/wp-content\/uploads\/2023\/11\/sqcs3-585x439-1.jpg\" alt=\"\" class=\"wp-image-234982\" srcset=\"http:\/\/vertienteglobal.com\/wp-content\/uploads\/2023\/11\/sqcs3-585x439-1.jpg 585w, http:\/\/vertienteglobal.com\/wp-content\/uploads\/2023\/11\/sqcs3-585x439-1-300x225.jpg 300w, http:\/\/vertienteglobal.com\/wp-content\/uploads\/2023\/11\/sqcs3-585x439-1-150x113.jpg 150w\" sizes=\"auto, (max-width: 585px) 100vw, 585px\" \/><\/figure>\n","protected":false},"excerpt":{"rendered":"<p>(Redaccion) El mandatario destac\u00f3 como principal valor de los medios afiliados a la Red M\u00e9xico el no tener un prop\u00f3sito comercial, por lo cual dijo que es necesario conservar y fortalecer este tipo de medios Hermosillo, Sonora, 22 de noviembre del 2023.- Con la participaci\u00f3n de 44 afiliados de los medios p\u00fablicos y culturales de [&hellip;]<\/p>\n","protected":false},"author":1,"featured_media":234980,"comment_status":"open","ping_status":"open","sticky":false,"template":"","format":"standard","meta":{"footnotes":""},"categories":[8,3],"tags":[],"class_list":["post-234979","post","type-post","status-publish","format-standard","has-post-thumbnail","hentry","category-pais","category-quintana-roo","entry","has-media"],"jetpack_featured_media_url":"http:\/\/vertienteglobal.com\/wp-content\/uploads\/2023\/11\/sqcs2.jpg","_links":{"self":[{"href":"http:\/\/vertienteglobal.com\/index.php?rest_route=\/wp\/v2\/posts\/234979","targetHints":{"allow":["GET"]}}],"collection":[{"href":"http:\/\/vertienteglobal.com\/index.php?rest_route=\/wp\/v2\/posts"}],"about":[{"href":"http:\/\/vertienteglobal.com\/index.php?rest_route=\/wp\/v2\/types\/post"}],"author":[{"embeddable":true,"href":"http:\/\/vertienteglobal.com\/index.php?rest_route=\/wp\/v2\/users\/1"}],"replies":[{"embeddable":true,"href":"http:\/\/vertienteglobal.com\/index.php?rest_route=%2Fwp%2Fv2%2Fcomments&post=234979"}],"version-history":[{"count":0,"href":"http:\/\/vertienteglobal.com\/index.php?rest_route=\/wp\/v2\/posts\/234979\/revisions"}],"wp:featuredmedia":[{"embeddable":true,"href":"http:\/\/vertienteglobal.com\/index.php?rest_route=\/wp\/v2\/media\/234980"}],"wp:attachment":[{"href":"http:\/\/vertienteglobal.com\/index.php?rest_route=%2Fwp%2Fv2%2Fmedia&parent=234979"}],"wp:term":[{"taxonomy":"category","embeddable":true,"href":"http:\/\/vertienteglobal.com\/index.php?rest_route=%2Fwp%2Fv2%2Fcategories&post=234979"},{"taxonomy":"post_tag","embeddable":true,"href":"http:\/\/vertienteglobal.com\/index.php?rest_route=%2Fwp%2Fv2%2Ftags&post=234979"}],"curies":[{"name":"wp","href":"https:\/\/api.w.org\/{rel}","templated":true}]}}