{"id":234286,"date":"2023-11-07T22:36:00","date_gmt":"2023-11-08T04:36:00","guid":{"rendered":"http:\/\/vertienteglobal.com\/?p=234286"},"modified":"2023-11-08T07:00:59","modified_gmt":"2023-11-08T13:00:59","slug":"mario-delgado-asegura-que-regla-de-paridad-en-gubernaturas-no-afecta-a-morena","status":"publish","type":"post","link":"http:\/\/vertienteglobal.com\/?p=234286","title":{"rendered":"Mario Delgado asegura que regla de paridad en gubernaturas no afecta a Morena"},"content":{"rendered":"\n<div class=\"twitterbutton\" style=\"float: right; padding-left: 5px;\"><a href=\"http:\/\/twitter.com\/share\" class=\"twitter-share-button\" data-count=\"horizontal\" data-text=\"Mario Delgado asegura que regla de paridad en gubernaturas no afecta a Morena\" data-via=\"https:\/\/twitter.com\/VertienteGloba1\" data-url=\"http:\/\/vertienteglobal.com\/?p=234286\" data-lang=\"es\" data-related=\"Informaci\u00f3n general:S\u00edguenos para que est\u00e9ss informado\"><\/a><\/div>\n<figure class=\"wp-block-image size-full\"><img loading=\"lazy\" decoding=\"async\" width=\"1024\" height=\"683\" src=\"http:\/\/vertienteglobal.com\/wp-content\/uploads\/2023\/11\/219263.jpg\" alt=\"\" class=\"wp-image-234287\" srcset=\"http:\/\/vertienteglobal.com\/wp-content\/uploads\/2023\/11\/219263.jpg 1024w, http:\/\/vertienteglobal.com\/wp-content\/uploads\/2023\/11\/219263-300x200.jpg 300w, http:\/\/vertienteglobal.com\/wp-content\/uploads\/2023\/11\/219263-150x100.jpg 150w, http:\/\/vertienteglobal.com\/wp-content\/uploads\/2023\/11\/219263-768x512.jpg 768w\" sizes=\"auto, (max-width: 1024px) 100vw, 1024px\" \/><\/figure>\n\n\n\n<p>(Redacci\u00f3n)<\/p>\n\n\n\n<p>&#8216;Vamos a esperar a ver qu\u00e9 dice el Tribunal. Nosotros decidimos el viernes. En todo caso tendr\u00edamos esa opci\u00f3n, ya ver\u00edamos como partido si la tomamos o no&#8217;, expuso<\/p>\n\n\n\n<p>Ciudad de M\u00e9xico 07 de noviembre del 2023.-El l\u00edder nacional de Morena, Mario Delgado Carrillo, afirm\u00f3 que no les afecta o beneficia el criterio de paridad establecido por las autoridades electorales, por lo que tienen la posibilidad de postular a cuatro o cinco mujeres, seg\u00fan corresponda.<\/p>\n\n\n\n<p>Asimismo, puntualizo que esperar\u00e1n la resoluci\u00f3n del Tribunal Electoral sobre la paridad en gubernaturas, ya que discutir\u00e1n un proyecto que propone postular al menos a cuatro mujeres, excluyendo a Yucat\u00e1n.<\/p>\n\n\n\n<p>&#8216;Vamos a esperar a ver qu\u00e9 dice el Tribunal. Nosotros decidimos el viernes. En todo caso tendr\u00edamos esa opci\u00f3n, ya ver\u00edamos como partido si la tomamos o no&#8217;, expuso.<\/p>\n\n\n\n<p>El dirigente nacional de Morena, agreg\u00f3 &#8216;ni nos beneficia ni nos perjudica, sino todo lo contrario. Nosotros estamos listos para postular a 4 o 5 mujeres, afortunadamente tenemos cuadros muy competitivos en las nueve entidades. Entonces, lo van a decidir las reglas que fijemos a partir de los resultados de las encuestas&#8217;.<\/p>\n\n\n\n<p>Igual explic\u00f3 que se va a considerar a la mujer mejor posicionada en su entidad, pero tambi\u00e9n en relaci\u00f3n a los dem\u00e1s estados, para determinar qui\u00e9nes tienen m\u00e1s posibilidades de triunfo.<\/p>\n\n\n\n<p>&#8216;Vamos a ir viendo estado por estado, conociendo los resultados, y al final vamos a aplicar la regla de g\u00e9nero para ver qui\u00e9nes son los candidatos y candidatas&#8217;, a\u00f1adi\u00f3.<\/p>\n\n\n\n<p>Asimismo, record\u00f3 que este viernes 10 de noviembre dar\u00e1 a conocer los resultados de las encuestas para nombrar a las precandidaturas o coordinadores en 8 estados y la Ciudad de M\u00e9xico.<\/p>\n\n\n\n<p>Igual, el l\u00edder morenista detall\u00f3 que el viernes citar\u00e1n a los aspirantes, separados por cada entidad, para informarles los resultados de las encuestas.(Fuente:El Universal\/Foto:Twitter-MarioDelgado\/Xeva)<\/p>\n","protected":false},"excerpt":{"rendered":"<p>(Redacci\u00f3n) &#8216;Vamos a esperar a ver qu\u00e9 dice el Tribunal. Nosotros decidimos el viernes. En todo caso tendr\u00edamos esa opci\u00f3n, ya ver\u00edamos como partido si la tomamos o no&#8217;, expuso Ciudad de M\u00e9xico 07 de noviembre del 2023.-El l\u00edder nacional de Morena, Mario Delgado Carrillo, afirm\u00f3 que no les afecta o beneficia el criterio de [&hellip;]<\/p>\n","protected":false},"author":1,"featured_media":234287,"comment_status":"open","ping_status":"open","sticky":false,"template":"","format":"standard","meta":{"footnotes":""},"categories":[8],"tags":[],"class_list":["post-234286","post","type-post","status-publish","format-standard","has-post-thumbnail","hentry","category-pais","entry","has-media"],"jetpack_featured_media_url":"http:\/\/vertienteglobal.com\/wp-content\/uploads\/2023\/11\/219263.jpg","_links":{"self":[{"href":"http:\/\/vertienteglobal.com\/index.php?rest_route=\/wp\/v2\/posts\/234286","targetHints":{"allow":["GET"]}}],"collection":[{"href":"http:\/\/vertienteglobal.com\/index.php?rest_route=\/wp\/v2\/posts"}],"about":[{"href":"http:\/\/vertienteglobal.com\/index.php?rest_route=\/wp\/v2\/types\/post"}],"author":[{"embeddable":true,"href":"http:\/\/vertienteglobal.com\/index.php?rest_route=\/wp\/v2\/users\/1"}],"replies":[{"embeddable":true,"href":"http:\/\/vertienteglobal.com\/index.php?rest_route=%2Fwp%2Fv2%2Fcomments&post=234286"}],"version-history":[{"count":0,"href":"http:\/\/vertienteglobal.com\/index.php?rest_route=\/wp\/v2\/posts\/234286\/revisions"}],"wp:featuredmedia":[{"embeddable":true,"href":"http:\/\/vertienteglobal.com\/index.php?rest_route=\/wp\/v2\/media\/234287"}],"wp:attachment":[{"href":"http:\/\/vertienteglobal.com\/index.php?rest_route=%2Fwp%2Fv2%2Fmedia&parent=234286"}],"wp:term":[{"taxonomy":"category","embeddable":true,"href":"http:\/\/vertienteglobal.com\/index.php?rest_route=%2Fwp%2Fv2%2Fcategories&post=234286"},{"taxonomy":"post_tag","embeddable":true,"href":"http:\/\/vertienteglobal.com\/index.php?rest_route=%2Fwp%2Fv2%2Ftags&post=234286"}],"curies":[{"name":"wp","href":"https:\/\/api.w.org\/{rel}","templated":true}]}}