{"id":234112,"date":"2023-11-06T09:42:00","date_gmt":"2023-11-06T15:42:00","guid":{"rendered":"http:\/\/vertienteglobal.com\/?p=234112"},"modified":"2023-11-06T10:03:23","modified_gmt":"2023-11-06T16:03:23","slug":"35-hoteles-en-acapulco-estaran-operando-en-marzo-2024-amlo","status":"publish","type":"post","link":"http:\/\/vertienteglobal.com\/?p=234112","title":{"rendered":"35 hoteles en Acapulco estar\u00e1n operando en marzo 2024: AMLO"},"content":{"rendered":"\n<div class=\"twitterbutton\" style=\"float: right; padding-left: 5px;\"><a href=\"http:\/\/twitter.com\/share\" class=\"twitter-share-button\" data-count=\"horizontal\" data-text=\"35 hoteles en Acapulco estar\u00e1n operando en marzo 2024: AMLO\" data-via=\"https:\/\/twitter.com\/VertienteGloba1\" data-url=\"http:\/\/vertienteglobal.com\/?p=234112\" data-lang=\"es\" data-related=\"Informaci\u00f3n general:S\u00edguenos para que est\u00e9ss informado\"><\/a><\/div>\n<figure class=\"wp-block-image size-full\"><img loading=\"lazy\" decoding=\"async\" width=\"1024\" height=\"548\" src=\"http:\/\/vertienteglobal.com\/wp-content\/uploads\/2023\/11\/2191062.jpg\" alt=\"\" class=\"wp-image-234128\" srcset=\"http:\/\/vertienteglobal.com\/wp-content\/uploads\/2023\/11\/2191062.jpg 1024w, http:\/\/vertienteglobal.com\/wp-content\/uploads\/2023\/11\/2191062-300x161.jpg 300w, http:\/\/vertienteglobal.com\/wp-content\/uploads\/2023\/11\/2191062-150x80.jpg 150w, http:\/\/vertienteglobal.com\/wp-content\/uploads\/2023\/11\/2191062-768x411.jpg 768w\" sizes=\"auto, (max-width: 1024px) 100vw, 1024px\" \/><\/figure>\n\n\n\n<p>(Redacci\u00f3n)<\/p>\n\n\n\n<p>Ciudad de M\u00e9xico 06 de noviembre del 2023.-El presidente Andr\u00e9s Manuel L\u00f3pez Obrador inform\u00f3 este lunes que para el mes de marzo de 2024, se espera que est\u00e9n operando al menos 35 hoteles en Acapulco tras los destrozos causados por el paso del hurac\u00e1n \u2018Otis\u2019.<\/p>\n\n\n\n<p>Durante la conferencia de prensa matutina, L\u00f3pez Obrador inform\u00f3 que el domingo sostuvo contacto con los due\u00f1os de hoteles del puerto guerrerense, quienes se comprometieron a tener listos los inmuebles para esos meses del pr\u00f3ximo a\u00f1o cuando se tiene programado realizar el \u00abTianguis Tur\u00edstico\u00bb.<\/p>\n\n\n\n<p>Adem\u00e1s el tabasque\u00f1o destac\u00f3 que Cos\u00edo Pando -due\u00f1o de Grupo Brisas-, asever\u00f3 que para diciembre de este a\u00f1o tendr\u00eda disponibles 75 por ciento de las habitaciones de su hotel; por otra parte el mandatario nacional aprovech\u00f3 para convocar a otros empresarios para que se sumen a este \u201cesfuerzo conjunto\u201d para reactivar el turismo en Acapulco tras el paso devastador de \u201cOtis\u201d.<\/p>\n\n\n\n<p>En ese sentido, el presidente adelant\u00f3 que el martes sostendr\u00e1 una reuni\u00f3n en Palacio Nacional con gente de la iniciativa privada y destac\u00f3 que en el encuentro estar\u00e1 presente Francisco Alberto Cervantes D\u00edaz, presidente del Consejo Coordinador Empresarial (CCE), asimismo L\u00f3pez Obrador inform\u00f3 que tambi\u00e9n ma\u00f1ana pero por la tarde estar\u00e1 en Acapulco donde sostendr\u00e1 una reuni\u00f3n con miembros de su gabinete.<\/p>\n\n\n\n<p>\u201cTengo fe y la confianza de que los acapulque\u00f1os pasaran una Nochebuena y Fin de A\u00f1o distinto\u201d, reiter\u00f3 el mandatario.(Fuente: Diario de M\u00e9xico\/Foto: EFE\/Xeva)<\/p>\n","protected":false},"excerpt":{"rendered":"<p>(Redacci\u00f3n) Ciudad de M\u00e9xico 06 de noviembre del 2023.-El presidente Andr\u00e9s Manuel L\u00f3pez Obrador inform\u00f3 este lunes que para el mes de marzo de 2024, se espera que est\u00e9n operando al menos 35 hoteles en Acapulco tras los destrozos causados por el paso del hurac\u00e1n \u2018Otis\u2019. Durante la conferencia de prensa matutina, L\u00f3pez Obrador inform\u00f3 [&hellip;]<\/p>\n","protected":false},"author":1,"featured_media":234128,"comment_status":"open","ping_status":"open","sticky":false,"template":"","format":"standard","meta":{"footnotes":""},"categories":[8],"tags":[],"class_list":["post-234112","post","type-post","status-publish","format-standard","has-post-thumbnail","hentry","category-pais","entry","has-media"],"jetpack_featured_media_url":"http:\/\/vertienteglobal.com\/wp-content\/uploads\/2023\/11\/2191062.jpg","_links":{"self":[{"href":"http:\/\/vertienteglobal.com\/index.php?rest_route=\/wp\/v2\/posts\/234112","targetHints":{"allow":["GET"]}}],"collection":[{"href":"http:\/\/vertienteglobal.com\/index.php?rest_route=\/wp\/v2\/posts"}],"about":[{"href":"http:\/\/vertienteglobal.com\/index.php?rest_route=\/wp\/v2\/types\/post"}],"author":[{"embeddable":true,"href":"http:\/\/vertienteglobal.com\/index.php?rest_route=\/wp\/v2\/users\/1"}],"replies":[{"embeddable":true,"href":"http:\/\/vertienteglobal.com\/index.php?rest_route=%2Fwp%2Fv2%2Fcomments&post=234112"}],"version-history":[{"count":0,"href":"http:\/\/vertienteglobal.com\/index.php?rest_route=\/wp\/v2\/posts\/234112\/revisions"}],"wp:featuredmedia":[{"embeddable":true,"href":"http:\/\/vertienteglobal.com\/index.php?rest_route=\/wp\/v2\/media\/234128"}],"wp:attachment":[{"href":"http:\/\/vertienteglobal.com\/index.php?rest_route=%2Fwp%2Fv2%2Fmedia&parent=234112"}],"wp:term":[{"taxonomy":"category","embeddable":true,"href":"http:\/\/vertienteglobal.com\/index.php?rest_route=%2Fwp%2Fv2%2Fcategories&post=234112"},{"taxonomy":"post_tag","embeddable":true,"href":"http:\/\/vertienteglobal.com\/index.php?rest_route=%2Fwp%2Fv2%2Ftags&post=234112"}],"curies":[{"name":"wp","href":"https:\/\/api.w.org\/{rel}","templated":true}]}}