{"id":233817,"date":"2023-11-03T11:59:00","date_gmt":"2023-11-03T17:59:00","guid":{"rendered":"http:\/\/vertienteglobal.com\/?p=233817"},"modified":"2023-11-03T13:00:06","modified_gmt":"2023-11-03T19:00:06","slug":"feria-tabasco-2024-se-realizara-del-27-de-abril-al-12-de-mayo-confirma-presidente-del-comite","status":"publish","type":"post","link":"http:\/\/vertienteglobal.com\/?p=233817","title":{"rendered":"Feria Tabasco 2024 se realizar\u00e1 del 27 de abril al 12 de mayo, confirma presidente del comit\u00e9"},"content":{"rendered":"\n<div class=\"twitterbutton\" style=\"float: right; padding-left: 5px;\"><a href=\"http:\/\/twitter.com\/share\" class=\"twitter-share-button\" data-count=\"horizontal\" data-text=\"Feria Tabasco 2024 se realizar\u00e1 del 27 de abril al 12 de mayo, confirma preside...\" data-via=\"https:\/\/twitter.com\/VertienteGloba1\" data-url=\"http:\/\/vertienteglobal.com\/?p=233817\" data-lang=\"es\" data-related=\"Informaci\u00f3n general:S\u00edguenos para que est\u00e9ss informado\"><\/a><\/div>\n<figure class=\"wp-block-image size-full\"><img loading=\"lazy\" decoding=\"async\" width=\"1024\" height=\"576\" src=\"http:\/\/vertienteglobal.com\/wp-content\/uploads\/2023\/11\/218954.jpg\" alt=\"\" class=\"wp-image-233818\" srcset=\"http:\/\/vertienteglobal.com\/wp-content\/uploads\/2023\/11\/218954.jpg 1024w, http:\/\/vertienteglobal.com\/wp-content\/uploads\/2023\/11\/218954-300x169.jpg 300w, http:\/\/vertienteglobal.com\/wp-content\/uploads\/2023\/11\/218954-150x84.jpg 150w, http:\/\/vertienteglobal.com\/wp-content\/uploads\/2023\/11\/218954-768x432.jpg 768w\" sizes=\"auto, (max-width: 1024px) 100vw, 1024px\" \/><\/figure>\n\n\n\n<p>(Redacci\u00f3n)<\/p>\n\n\n\n<p>Inform\u00f3 que por la ampliaci\u00f3n de d\u00edas de la Feria Tabasco, ser\u00e1 necesaria una ampliaci\u00f3n presupuestal, se\u00f1alando que no necesariamente ser\u00eda del doble, aunque no podr\u00eda fijar un monto en este momento<\/p>\n\n\n\n<p>Villahermosa Tabasco 03 de noviembre del 2023.-El<br>presidente del Comit\u00e9 Organizador de la Feria Tabasco, Jos\u00e9 Estrada Garrido, confirm\u00f3 que en el 2024 la &#8216;M\u00e1xima fiesta de los Tabasque\u00f1os&#8217; tendr\u00e1 una duraci\u00f3n de 16 d\u00edas, realiz\u00e1ndose del 27 de abril al 12 de mayo, pero dijo que no cuentan con m\u00e1s informaci\u00f3n , debido a que a\u00fan no los ratifican en el cargo.<\/p>\n\n\n\n<p>Y es que entrevistado por diversos medios de comunicaci\u00f3n, inform\u00f3 que por la ampliaci\u00f3n de d\u00edas de la Feria Tabasco, ser\u00e1 necesaria una ampliaci\u00f3n presupuestal, se\u00f1alando que no necesariamente ser\u00eda del doble, aunque no podr\u00eda fijar un monto en este momento.<\/p>\n\n\n\n<p>Ante la posibilidad del regreso del desfile de barcos aleg\u00f3ricos, agreg\u00f3 que se tendr\u00e1 que analizar, por lo que m\u00e1s adelante se convocar\u00eda a una rueda de prensa para dar toda la informaci\u00f3n. (Fuente: Xeva)<\/p>\n","protected":false},"excerpt":{"rendered":"<p>(Redacci\u00f3n) Inform\u00f3 que por la ampliaci\u00f3n de d\u00edas de la Feria Tabasco, ser\u00e1 necesaria una ampliaci\u00f3n presupuestal, se\u00f1alando que no necesariamente ser\u00eda del doble, aunque no podr\u00eda fijar un monto en este momento Villahermosa Tabasco 03 de noviembre del 2023.-Elpresidente del Comit\u00e9 Organizador de la Feria Tabasco, Jos\u00e9 Estrada Garrido, confirm\u00f3 que en el 2024 [&hellip;]<\/p>\n","protected":false},"author":1,"featured_media":233818,"comment_status":"open","ping_status":"open","sticky":false,"template":"","format":"standard","meta":{"footnotes":""},"categories":[10,5],"tags":[],"class_list":["post-233817","post","type-post","status-publish","format-standard","has-post-thumbnail","hentry","category-espectaculos","category-tabasco","entry","has-media"],"jetpack_featured_media_url":"http:\/\/vertienteglobal.com\/wp-content\/uploads\/2023\/11\/218954.jpg","_links":{"self":[{"href":"http:\/\/vertienteglobal.com\/index.php?rest_route=\/wp\/v2\/posts\/233817","targetHints":{"allow":["GET"]}}],"collection":[{"href":"http:\/\/vertienteglobal.com\/index.php?rest_route=\/wp\/v2\/posts"}],"about":[{"href":"http:\/\/vertienteglobal.com\/index.php?rest_route=\/wp\/v2\/types\/post"}],"author":[{"embeddable":true,"href":"http:\/\/vertienteglobal.com\/index.php?rest_route=\/wp\/v2\/users\/1"}],"replies":[{"embeddable":true,"href":"http:\/\/vertienteglobal.com\/index.php?rest_route=%2Fwp%2Fv2%2Fcomments&post=233817"}],"version-history":[{"count":0,"href":"http:\/\/vertienteglobal.com\/index.php?rest_route=\/wp\/v2\/posts\/233817\/revisions"}],"wp:featuredmedia":[{"embeddable":true,"href":"http:\/\/vertienteglobal.com\/index.php?rest_route=\/wp\/v2\/media\/233818"}],"wp:attachment":[{"href":"http:\/\/vertienteglobal.com\/index.php?rest_route=%2Fwp%2Fv2%2Fmedia&parent=233817"}],"wp:term":[{"taxonomy":"category","embeddable":true,"href":"http:\/\/vertienteglobal.com\/index.php?rest_route=%2Fwp%2Fv2%2Fcategories&post=233817"},{"taxonomy":"post_tag","embeddable":true,"href":"http:\/\/vertienteglobal.com\/index.php?rest_route=%2Fwp%2Fv2%2Ftags&post=233817"}],"curies":[{"name":"wp","href":"https:\/\/api.w.org\/{rel}","templated":true}]}}