{"id":233641,"date":"2023-10-28T16:52:00","date_gmt":"2023-10-28T21:52:00","guid":{"rendered":"http:\/\/vertienteglobal.com\/?p=233641"},"modified":"2023-11-01T00:13:42","modified_gmt":"2023-11-01T06:13:42","slug":"confirma-la-seq-suspension-de-clases-y-mega-puente-por-el-dia-de-muertos","status":"publish","type":"post","link":"http:\/\/vertienteglobal.com\/?p=233641","title":{"rendered":"Confirma la SEQ suspensi\u00f3n de clases y mega puente por el D\u00eda de Muertos"},"content":{"rendered":"\n<div class=\"twitterbutton\" style=\"float: right; padding-left: 5px;\"><a href=\"http:\/\/twitter.com\/share\" class=\"twitter-share-button\" data-count=\"horizontal\" data-text=\"Confirma la SEQ suspensi\u00f3n de clases y mega puente por el D\u00eda de Muertos\" data-via=\"https:\/\/twitter.com\/VertienteGloba1\" data-url=\"http:\/\/vertienteglobal.com\/?p=233641\" data-lang=\"es\" data-related=\"Informaci\u00f3n general:S\u00edguenos para que est\u00e9ss informado\"><\/a><\/div>\n<figure class=\"wp-block-image size-full\"><img loading=\"lazy\" decoding=\"async\" width=\"720\" height=\"434\" src=\"http:\/\/vertienteglobal.com\/wp-content\/uploads\/2023\/11\/FB_IMG_1698819076079.jpg\" alt=\"\" class=\"wp-image-233642\" srcset=\"http:\/\/vertienteglobal.com\/wp-content\/uploads\/2023\/11\/FB_IMG_1698819076079.jpg 720w, http:\/\/vertienteglobal.com\/wp-content\/uploads\/2023\/11\/FB_IMG_1698819076079-300x181.jpg 300w, http:\/\/vertienteglobal.com\/wp-content\/uploads\/2023\/11\/FB_IMG_1698819076079-150x90.jpg 150w\" sizes=\"auto, (max-width: 720px) 100vw, 720px\" \/><\/figure>\n\n\n\n<p>(Redacci\u00f3n)<\/p>\n\n\n\n<p>La SEQ, inform\u00f3 que se autoriz\u00f3 la suspensi\u00f3n de clases, el jueves 2 y viernes 3 de noviembre del presente a\u00f1o<\/p>\n\n\n\n<p>Chetumal Quintana Roo 28 de octubre del 2023.-La Secretaria de Educaci\u00f3n en Quintana Roo (SEQ), inform\u00f3 sobre el megapuente por D\u00eda de Muertos que comprende de cuatro d\u00edas sin clases.<\/p>\n\n\n\n<p>Por medio de un oficio la SEQ, inform\u00f3 que se autoriz\u00f3 la suspensi\u00f3n de clases, el jueves 2 y viernes 3 de noviembre del presente a\u00f1o.<\/p>\n\n\n\n<p>Pero, ser\u00e1n solamente los alumnos y maestros de Educaci\u00f3n B\u00e1sica, quienes podr\u00e1n disfrutar de este megapuente escolar de cuatro d\u00edas y retomar hasta el pr\u00f3ximo 6 de noviembre las clases en todo el estado.<\/p>\n\n\n\n<p>El oficio que ya comenz\u00f3 a circular es las redes sociales lo firm\u00f3 el coordinador general de Educaci\u00f3n B\u00e1sica en el estado, Jos\u00e9 Luis Mart\u00edn Lavadores Montero.<\/p>\n\n\n\n<p>Otros m\u00e1s hacen menci\u00f3n que si la SEQ quiere realmente preservar las tradiciones de D\u00eda de Muertos, hubiese dado el mi\u00e9rcoles 1 y jueves 2 de noviembre, en vez de jueves y viernes como lo hicieron.<\/p>\n","protected":false},"excerpt":{"rendered":"<p>(Redacci\u00f3n) La SEQ, inform\u00f3 que se autoriz\u00f3 la suspensi\u00f3n de clases, el jueves 2 y viernes 3 de noviembre del presente a\u00f1o Chetumal Quintana Roo 28 de octubre del 2023.-La Secretaria de Educaci\u00f3n en Quintana Roo (SEQ), inform\u00f3 sobre el megapuente por D\u00eda de Muertos que comprende de cuatro d\u00edas sin clases. Por medio de [&hellip;]<\/p>\n","protected":false},"author":1,"featured_media":233642,"comment_status":"open","ping_status":"open","sticky":false,"template":"","format":"standard","meta":{"footnotes":""},"categories":[9,3],"tags":[],"class_list":["post-233641","post","type-post","status-publish","format-standard","has-post-thumbnail","hentry","category-educacion","category-quintana-roo","entry","has-media"],"jetpack_featured_media_url":"http:\/\/vertienteglobal.com\/wp-content\/uploads\/2023\/11\/FB_IMG_1698819076079.jpg","_links":{"self":[{"href":"http:\/\/vertienteglobal.com\/index.php?rest_route=\/wp\/v2\/posts\/233641","targetHints":{"allow":["GET"]}}],"collection":[{"href":"http:\/\/vertienteglobal.com\/index.php?rest_route=\/wp\/v2\/posts"}],"about":[{"href":"http:\/\/vertienteglobal.com\/index.php?rest_route=\/wp\/v2\/types\/post"}],"author":[{"embeddable":true,"href":"http:\/\/vertienteglobal.com\/index.php?rest_route=\/wp\/v2\/users\/1"}],"replies":[{"embeddable":true,"href":"http:\/\/vertienteglobal.com\/index.php?rest_route=%2Fwp%2Fv2%2Fcomments&post=233641"}],"version-history":[{"count":0,"href":"http:\/\/vertienteglobal.com\/index.php?rest_route=\/wp\/v2\/posts\/233641\/revisions"}],"wp:featuredmedia":[{"embeddable":true,"href":"http:\/\/vertienteglobal.com\/index.php?rest_route=\/wp\/v2\/media\/233642"}],"wp:attachment":[{"href":"http:\/\/vertienteglobal.com\/index.php?rest_route=%2Fwp%2Fv2%2Fmedia&parent=233641"}],"wp:term":[{"taxonomy":"category","embeddable":true,"href":"http:\/\/vertienteglobal.com\/index.php?rest_route=%2Fwp%2Fv2%2Fcategories&post=233641"},{"taxonomy":"post_tag","embeddable":true,"href":"http:\/\/vertienteglobal.com\/index.php?rest_route=%2Fwp%2Fv2%2Ftags&post=233641"}],"curies":[{"name":"wp","href":"https:\/\/api.w.org\/{rel}","templated":true}]}}