{"id":233600,"date":"2023-10-31T18:21:00","date_gmt":"2023-11-01T00:21:00","guid":{"rendered":"http:\/\/vertienteglobal.com\/?p=233600"},"modified":"2023-10-31T23:54:39","modified_gmt":"2023-11-01T05:54:39","slug":"aprueba-el-pleno-reforma-presentada-por-anahi-gonzalez-en-materia-de-igualdad","status":"publish","type":"post","link":"http:\/\/vertienteglobal.com\/?p=233600","title":{"rendered":"Aprueba el Pleno reforma presentada por Anah\u00ed Gonz\u00e1lez en materia de igualdad"},"content":{"rendered":"\n<div class=\"twitterbutton\" style=\"float: right; padding-left: 5px;\"><a href=\"http:\/\/twitter.com\/share\" class=\"twitter-share-button\" data-count=\"horizontal\" data-text=\"Aprueba el Pleno reforma presentada por Anah\u00ed Gonz\u00e1lez en materia de igualdad\" data-via=\"https:\/\/twitter.com\/VertienteGloba1\" data-url=\"http:\/\/vertienteglobal.com\/?p=233600\" data-lang=\"es\" data-related=\"Informaci\u00f3n general:S\u00edguenos para que est\u00e9ss informado\"><\/a><\/div>\n<figure class=\"wp-block-image size-full\"><img loading=\"lazy\" decoding=\"async\" width=\"720\" height=\"480\" src=\"http:\/\/vertienteglobal.com\/wp-content\/uploads\/2023\/10\/FB_IMG_1698805671442.jpg\" alt=\"\" class=\"wp-image-233601\" srcset=\"http:\/\/vertienteglobal.com\/wp-content\/uploads\/2023\/10\/FB_IMG_1698805671442.jpg 720w, http:\/\/vertienteglobal.com\/wp-content\/uploads\/2023\/10\/FB_IMG_1698805671442-300x200.jpg 300w, http:\/\/vertienteglobal.com\/wp-content\/uploads\/2023\/10\/FB_IMG_1698805671442-150x100.jpg 150w\" sizes=\"auto, (max-width: 720px) 100vw, 720px\" \/><\/figure>\n\n\n\n<p>(Redacci\u00f3n)<\/p>\n\n\n\n<p>Obliga a titulares de las entidades federativas a publicar un informe anual sobre acciones afirmativas y esfuerzos activos realizados en la materia.<\/p>\n\n\n\n<p>La diputada de MORENA resalta que es imposible evitar reconocer los grandes avances en este sexenio para disminuir las brechas de desigualdad<\/p>\n\n\n\n<p>Ciudad de M\u00e9xico, a 31 de octubre de 2023.- Con 467 votos a favor fue avalado en la sesi\u00f3n de este lunes el Dictamen que reforma diversas disposiciones de la Ley General para la Igualdad Entre Mujeres y Hombres, presentado por la diputada federal Anah\u00ed Gonz\u00e1lez , quien integra la Comisi\u00f3n de Igualdad de G\u00e9nero.<\/p>\n\n\n\n<p>La finalidad es obligar a las y los titulares de las entidades federativas a publicar un informe anual sobre las acciones afirmativas y esfuerzos activos realizados en materia de igualdad de g\u00e9nero.<\/p>\n\n\n\n<p>Asimismo, mandata que la Junta de Gobierno del Instituto Nacional de las Mujeres tenga la facultad de promover, de manera coordinada, mecanismos que garanticen el acceso a la informaci\u00f3n registrada por las dependencias y entidades de la Administraci\u00f3n P\u00fablica Federal.<\/p>\n\n\n\n<p>En su intervenci\u00f3n ante la m\u00e1s alta tribuna del pa\u00eds, la legisladora quintanarroense de MORENA, resalt\u00f3 que es imposible evitar reconocer los grandes avances en este sexenio para disminuir las brechas de desigualdad.<\/p>\n\n\n\n<p>Prueba de ello, record\u00f3, \u00abes que hoy tenemos una C\u00e1mara de Diputados con paridad total: 50% hombres y 50% mujeres, aunado a que contamos con el primer gabinete federal paritario en la historia de nuestro pa\u00eds\u00bb .<\/p>\n\n\n\n<p>No obstante, la originaria de Canc\u00fan reconoci\u00f3 que todav\u00eda hay retos que conquistar, como por ejemplo alcanzar igualdad en la econom\u00eda, a trav\u00e9s de la justa participaci\u00f3n en el mercado remunerado.<\/p>\n\n\n\n<p>Para la legisladora, tambi\u00e9n integrante de la Comisi\u00f3n de Bienestar, es vital contar con la informaci\u00f3n a la mano que permita visualizar el conjunto de acciones reales emprendidas para fomentar la igualdad entre mujeres y hombres en las diferentes regiones del pa\u00eds, mediante la aplicaci\u00f3n transversal de la Perspectiva de G\u00e9nero en todo proyecto y acci\u00f3n de los gobiernos estatales.<\/p>\n\n\n\n<p>De este modo, sostuvo, ser\u00e1 posible reconocer las buenas pr\u00e1cticas, para replicarlas y aprender de sus experiencias.<\/p>\n\n\n\n<p>Por \u00faltimo, se mostr\u00f3 convencida de que, con acciones como \u00e9sta, es posible acelerar el avance hacia la igualdad sustantiva, pero tambi\u00e9n promover\u00e1 una sociedad m\u00e1s justa y equitativa para todos, independientemente del g\u00e9nero. La iniciativa aprobada fue enviada al Senado para efectos constitucionales.<\/p>\n","protected":false},"excerpt":{"rendered":"<p>(Redacci\u00f3n) Obliga a titulares de las entidades federativas a publicar un informe anual sobre acciones afirmativas y esfuerzos activos realizados en la materia. La diputada de MORENA resalta que es imposible evitar reconocer los grandes avances en este sexenio para disminuir las brechas de desigualdad Ciudad de M\u00e9xico, a 31 de octubre de 2023.- Con [&hellip;]<\/p>\n","protected":false},"author":1,"featured_media":233601,"comment_status":"open","ping_status":"open","sticky":false,"template":"","format":"standard","meta":{"footnotes":""},"categories":[8,3],"tags":[],"class_list":["post-233600","post","type-post","status-publish","format-standard","has-post-thumbnail","hentry","category-pais","category-quintana-roo","entry","has-media"],"jetpack_featured_media_url":"http:\/\/vertienteglobal.com\/wp-content\/uploads\/2023\/10\/FB_IMG_1698805671442.jpg","_links":{"self":[{"href":"http:\/\/vertienteglobal.com\/index.php?rest_route=\/wp\/v2\/posts\/233600","targetHints":{"allow":["GET"]}}],"collection":[{"href":"http:\/\/vertienteglobal.com\/index.php?rest_route=\/wp\/v2\/posts"}],"about":[{"href":"http:\/\/vertienteglobal.com\/index.php?rest_route=\/wp\/v2\/types\/post"}],"author":[{"embeddable":true,"href":"http:\/\/vertienteglobal.com\/index.php?rest_route=\/wp\/v2\/users\/1"}],"replies":[{"embeddable":true,"href":"http:\/\/vertienteglobal.com\/index.php?rest_route=%2Fwp%2Fv2%2Fcomments&post=233600"}],"version-history":[{"count":0,"href":"http:\/\/vertienteglobal.com\/index.php?rest_route=\/wp\/v2\/posts\/233600\/revisions"}],"wp:featuredmedia":[{"embeddable":true,"href":"http:\/\/vertienteglobal.com\/index.php?rest_route=\/wp\/v2\/media\/233601"}],"wp:attachment":[{"href":"http:\/\/vertienteglobal.com\/index.php?rest_route=%2Fwp%2Fv2%2Fmedia&parent=233600"}],"wp:term":[{"taxonomy":"category","embeddable":true,"href":"http:\/\/vertienteglobal.com\/index.php?rest_route=%2Fwp%2Fv2%2Fcategories&post=233600"},{"taxonomy":"post_tag","embeddable":true,"href":"http:\/\/vertienteglobal.com\/index.php?rest_route=%2Fwp%2Fv2%2Ftags&post=233600"}],"curies":[{"name":"wp","href":"https:\/\/api.w.org\/{rel}","templated":true}]}}