{"id":233581,"date":"2023-10-30T16:52:00","date_gmt":"2023-10-30T22:52:00","guid":{"rendered":"http:\/\/vertienteglobal.com\/?p=233581"},"modified":"2023-10-31T18:50:44","modified_gmt":"2023-11-01T00:50:44","slug":"envia-mara-lezama-apoyo-para-las-personas-afectadas-de-guerrero","status":"publish","type":"post","link":"http:\/\/vertienteglobal.com\/?p=233581","title":{"rendered":"Env\u00eda Mara Lezama apoyo para las personas afectadas de Guerrero"},"content":{"rendered":"\n<div class=\"twitterbutton\" style=\"float: right; padding-left: 5px;\"><a href=\"http:\/\/twitter.com\/share\" class=\"twitter-share-button\" data-count=\"horizontal\" data-text=\"Env\u00eda Mara Lezama apoyo para las personas afectadas de Guerrero\" data-via=\"https:\/\/twitter.com\/VertienteGloba1\" data-url=\"http:\/\/vertienteglobal.com\/?p=233581\" data-lang=\"es\" data-related=\"Informaci\u00f3n general:S\u00edguenos para que est\u00e9ss informado\"><\/a><\/div>\n<figure class=\"wp-block-image size-large\"><img loading=\"lazy\" decoding=\"async\" width=\"1024\" height=\"682\" src=\"http:\/\/vertienteglobal.com\/wp-content\/uploads\/2023\/10\/Principal-2-1024x682.jpg\" alt=\"\" class=\"wp-image-233582\" srcset=\"http:\/\/vertienteglobal.com\/wp-content\/uploads\/2023\/10\/Principal-2-1024x682.jpg 1024w, http:\/\/vertienteglobal.com\/wp-content\/uploads\/2023\/10\/Principal-2-300x200.jpg 300w, http:\/\/vertienteglobal.com\/wp-content\/uploads\/2023\/10\/Principal-2-150x100.jpg 150w, http:\/\/vertienteglobal.com\/wp-content\/uploads\/2023\/10\/Principal-2-768x512.jpg 768w, http:\/\/vertienteglobal.com\/wp-content\/uploads\/2023\/10\/Principal-2-1536x1023.jpg 1536w, http:\/\/vertienteglobal.com\/wp-content\/uploads\/2023\/10\/Principal-2.jpg 1600w\" sizes=\"auto, (max-width: 1024px) 100vw, 1024px\" \/><\/figure>\n\n\n\n<p>(Redacci\u00f3n)<\/p>\n\n\n\n<p>Mara Lezama agradeci\u00f3 la solidaridad de los quintanarroenses, \u201chemos pasado estos momentos dif\u00edciles como ustedes y les decimos que aqu\u00ed estamos, cuentan con nosotros\u201d<\/p>\n\n\n\n<p>A trav\u00e9s del DIF estatal se logr\u00f3 reunir las primeras 16 toneladas de ayuda<\/p>\n\n\n\n<p>Canc\u00fan, Quintana Roo, 30 de octubre del 2023.- Al agradecer la colaboraci\u00f3n de los y las quintanarroenses que se han sumado con su aportaci\u00f3n en especie para los damnificados de Guerrero por el hurac\u00e1n OTIS, la gobernadora Mara Lezama Espinosa y la presidenta del Sistema DIF estatal, Ver\u00f3nica Lezama Espinosa, encabezaron los trabajos para organizar la ayuda que va llegando a los centros de acopio del DIF Estatal y que ser\u00e1 enviada para apoyar a quienes m\u00e1s lo necesitan.<\/p>\n\n\n\n<p>A trav\u00e9s de los 15 centros de acopio que se abrieron en el Estado se lograron recolectar 16 toneladas de ayuda.<\/p>\n\n\n\n<p>La gobernadora de Quintana Roo destac\u00f3 que se est\u00e1 ordenando cada uno de los productos, como son later\u00eda, agua, pa\u00f1ales, medicinas, ropa, art\u00edculos de uso personal, pa\u00f1ales infantiles y de adulto mayor, etc., para facilitar su distribuci\u00f3n.<\/p>\n\n\n\n<p>Agradeci\u00f3 la ayuda de gente extraordinaria para hermanos en desgracia. \u201cHay un largo camino por andar, ah\u00ed est\u00e1 la devastaci\u00f3n\u2026 lo hemos vivido en carne propia, cuando sales de casa y ves pr\u00e1cticamente todo derruido y el alimento va a faltar muchas semanas\u201d expres\u00f3 la titular del Ejecutivo.<\/p>\n\n\n\n<p>Desde el DIF Estatal Mara Lezama enfatiz\u00f3 que se seguir\u00e1 trabajando 24\/7, con el esp\u00edritu del Nuevo Acuerdo por el Bienestar y Desarrollo de Quintana Roo que contempla sumar esfuerzos para que las personas vivan mejor. \u201cLe pedimos a la gente que nos siga ayudando y se siga sumando, la necesidad es inmensa, muchas gracias a todas y todos\u201d asegur\u00f3 Mara Lezama.<\/p>\n\n\n\n<p>\u201cEstamos aqu\u00ed trabajando, separando y se est\u00e1n llenando ya los camiones del DIF Quintana Roo, ha trabajado mucha gente, sobre todo la ayuda de muchos ciudadanas y ciudadanos que nos unimos en este M\u00e9xico ante la adversidad. De verdad que como M\u00e9xico solo hay uno, este pa\u00eds extraordinario, gracias a todas y todos los que ayudan\u201d destac\u00f3 la gobernadora Mara Lezama.<\/p>\n\n\n\n<figure class=\"wp-block-image size-full\"><img loading=\"lazy\" decoding=\"async\" width=\"585\" height=\"390\" src=\"http:\/\/vertienteglobal.com\/wp-content\/uploads\/2023\/10\/Mara0002-585x390-1.jpg\" alt=\"\" class=\"wp-image-233583\" srcset=\"http:\/\/vertienteglobal.com\/wp-content\/uploads\/2023\/10\/Mara0002-585x390-1.jpg 585w, http:\/\/vertienteglobal.com\/wp-content\/uploads\/2023\/10\/Mara0002-585x390-1-300x200.jpg 300w, http:\/\/vertienteglobal.com\/wp-content\/uploads\/2023\/10\/Mara0002-585x390-1-150x100.jpg 150w\" sizes=\"auto, (max-width: 585px) 100vw, 585px\" \/><\/figure>\n\n\n\n<figure class=\"wp-block-image size-full\"><img loading=\"lazy\" decoding=\"async\" width=\"585\" height=\"390\" src=\"http:\/\/vertienteglobal.com\/wp-content\/uploads\/2023\/10\/Mara0003-585x390-1.jpg\" alt=\"\" class=\"wp-image-233584\" srcset=\"http:\/\/vertienteglobal.com\/wp-content\/uploads\/2023\/10\/Mara0003-585x390-1.jpg 585w, http:\/\/vertienteglobal.com\/wp-content\/uploads\/2023\/10\/Mara0003-585x390-1-300x200.jpg 300w, http:\/\/vertienteglobal.com\/wp-content\/uploads\/2023\/10\/Mara0003-585x390-1-150x100.jpg 150w\" sizes=\"auto, (max-width: 585px) 100vw, 585px\" \/><\/figure>\n\n\n\n<figure class=\"wp-block-image size-full\"><img loading=\"lazy\" decoding=\"async\" width=\"585\" height=\"390\" src=\"http:\/\/vertienteglobal.com\/wp-content\/uploads\/2023\/10\/Mara0001-585x390-1.jpg\" alt=\"\" class=\"wp-image-233585\" srcset=\"http:\/\/vertienteglobal.com\/wp-content\/uploads\/2023\/10\/Mara0001-585x390-1.jpg 585w, http:\/\/vertienteglobal.com\/wp-content\/uploads\/2023\/10\/Mara0001-585x390-1-300x200.jpg 300w, http:\/\/vertienteglobal.com\/wp-content\/uploads\/2023\/10\/Mara0001-585x390-1-150x100.jpg 150w\" sizes=\"auto, (max-width: 585px) 100vw, 585px\" \/><\/figure>\n","protected":false},"excerpt":{"rendered":"<p>(Redacci\u00f3n) Mara Lezama agradeci\u00f3 la solidaridad de los quintanarroenses, \u201chemos pasado estos momentos dif\u00edciles como ustedes y les decimos que aqu\u00ed estamos, cuentan con nosotros\u201d A trav\u00e9s del DIF estatal se logr\u00f3 reunir las primeras 16 toneladas de ayuda Canc\u00fan, Quintana Roo, 30 de octubre del 2023.- Al agradecer la colaboraci\u00f3n de los y las [&hellip;]<\/p>\n","protected":false},"author":1,"featured_media":233582,"comment_status":"open","ping_status":"open","sticky":false,"template":"","format":"standard","meta":{"footnotes":""},"categories":[3],"tags":[],"class_list":["post-233581","post","type-post","status-publish","format-standard","has-post-thumbnail","hentry","category-quintana-roo","entry","has-media"],"jetpack_featured_media_url":"http:\/\/vertienteglobal.com\/wp-content\/uploads\/2023\/10\/Principal-2.jpg","_links":{"self":[{"href":"http:\/\/vertienteglobal.com\/index.php?rest_route=\/wp\/v2\/posts\/233581","targetHints":{"allow":["GET"]}}],"collection":[{"href":"http:\/\/vertienteglobal.com\/index.php?rest_route=\/wp\/v2\/posts"}],"about":[{"href":"http:\/\/vertienteglobal.com\/index.php?rest_route=\/wp\/v2\/types\/post"}],"author":[{"embeddable":true,"href":"http:\/\/vertienteglobal.com\/index.php?rest_route=\/wp\/v2\/users\/1"}],"replies":[{"embeddable":true,"href":"http:\/\/vertienteglobal.com\/index.php?rest_route=%2Fwp%2Fv2%2Fcomments&post=233581"}],"version-history":[{"count":0,"href":"http:\/\/vertienteglobal.com\/index.php?rest_route=\/wp\/v2\/posts\/233581\/revisions"}],"wp:featuredmedia":[{"embeddable":true,"href":"http:\/\/vertienteglobal.com\/index.php?rest_route=\/wp\/v2\/media\/233582"}],"wp:attachment":[{"href":"http:\/\/vertienteglobal.com\/index.php?rest_route=%2Fwp%2Fv2%2Fmedia&parent=233581"}],"wp:term":[{"taxonomy":"category","embeddable":true,"href":"http:\/\/vertienteglobal.com\/index.php?rest_route=%2Fwp%2Fv2%2Fcategories&post=233581"},{"taxonomy":"post_tag","embeddable":true,"href":"http:\/\/vertienteglobal.com\/index.php?rest_route=%2Fwp%2Fv2%2Ftags&post=233581"}],"curies":[{"name":"wp","href":"https:\/\/api.w.org\/{rel}","templated":true}]}}