{"id":233494,"date":"2023-10-26T20:52:00","date_gmt":"2023-10-27T01:52:00","guid":{"rendered":"http:\/\/vertienteglobal.com\/?p=233494"},"modified":"2023-10-31T15:29:39","modified_gmt":"2023-10-31T21:29:40","slug":"impulsa-mara-lezama-la-construccion-de-la-agenda-nacional-para-la-igualdad-seguridad-y-bienestar-con-justicia-social-para-las-mujeres","status":"publish","type":"post","link":"http:\/\/vertienteglobal.com\/?p=233494","title":{"rendered":"Impulsa Mara Lezama la construcci\u00f3n de la Agenda Nacional para la Igualdad, Seguridad y Bienestar con Justicia Social para las Mujeres"},"content":{"rendered":"\n<div class=\"twitterbutton\" style=\"float: right; padding-left: 5px;\"><a href=\"http:\/\/twitter.com\/share\" class=\"twitter-share-button\" data-count=\"horizontal\" data-text=\"Impulsa Mara Lezama la construcci\u00f3n de la Agenda Nacional para la Igualdad, Seg...\" data-via=\"https:\/\/twitter.com\/VertienteGloba1\" data-url=\"http:\/\/vertienteglobal.com\/?p=233494\" data-lang=\"es\" data-related=\"Informaci\u00f3n general:S\u00edguenos para que est\u00e9ss informado\"><\/a><\/div>\n<figure class=\"wp-block-image size-full\"><img loading=\"lazy\" decoding=\"async\" width=\"720\" height=\"480\" src=\"http:\/\/vertienteglobal.com\/wp-content\/uploads\/2023\/10\/1000005048.jpg\" alt=\"\" class=\"wp-image-233502\" srcset=\"http:\/\/vertienteglobal.com\/wp-content\/uploads\/2023\/10\/1000005048.jpg 720w, http:\/\/vertienteglobal.com\/wp-content\/uploads\/2023\/10\/1000005048-300x200.jpg 300w, http:\/\/vertienteglobal.com\/wp-content\/uploads\/2023\/10\/1000005048-150x100.jpg 150w\" sizes=\"auto, (max-width: 720px) 100vw, 720px\" \/><\/figure>\n\n\n\n<p>(Redacci\u00f3n)<\/p>\n\n\n\n<p>La gobernadora Mara Lezama afirm\u00f3 que las mujeres que hoy padecen violencia, que son v\u00edctimas de la inseguridad, que luchan por subsistir o mantener a sus familias no pueden esperar. \u201cNecesitan y merecen ser atendidas y apoyadas con sentido de urgencia\u201d<\/p>\n\n\n\n<p>Canc\u00fan, Quintana Roo a 26 de octubre de 2023.-Al inaugurar el Encuentro Nacional de Titulares de las Instancias de las Mujeres en las Entidades Federativas en el que se construir\u00e1 la Agenda Nacional para la Igualdad, la Seguridad y el Bienestar con Justicia Social para las Mujeres, la gobernadora Mara Lezama Espinosa expres\u00f3 que ahora las mujeres est\u00e1n transformando la pol\u00edtica para bien de la democracia y el desarrollo de M\u00e9xico.<\/p>\n\n\n\n<p>Esta Agenda Nacional, que ser\u00e1 la hoja de ruta hacia un M\u00e9xico libre de violencia de g\u00e9nero, regir\u00e1 el trabajo inmediato de la Comisi\u00f3n de Igualdad de la Conferencia Nacional de Gobernadoras y Gobernadores (CONAGO) que encabeza Mara Lezama.<\/p>\n\n\n\n<p>Durante la ceremonia inaugural la gobernadora Mara Lezama afirm\u00f3 que las mujeres que hoy padecen violencia, que son v\u00edctimas de la inseguridad, que luchan por subsistir o mantener a sus familias no pueden esperar. \u201cNecesitan y merecen ser atendidas y apoyadas con sentido de urgencia\u201d, precis\u00f3.<\/p>\n\n\n\n<p>Destac\u00f3 que en Quintana Roo, desde el inicio de la administraci\u00f3n convoc\u00f3 a un Nuevo Acuerdo por el Bienestar y Desarrollo que tiene en el centro de sus acciones a las mujeres, con pol\u00edticas p\u00fablicas enfocadas en el empoderamiento, la mejora econ\u00f3mica, el acceso al mayor n\u00famero de servicios -como Mujer es Poder y Mujer es Vida- para que nadie las denigre, las ofenda o las agreda.<\/p>\n\n\n\n<p>Participan en este Encuentro las titulares de las instancias de mujeres de todo el pa\u00eds, as\u00ed como presidentas y presidentes municipales, quienes durante dos d\u00edas trabajar\u00e1n en diversas propuestas y proyectos, conducidas por la presidenta del Instituto Nacional de las Mujeres, Nadine Gasm\u00e1n Zylbermann; la Comisionada Nacional para Prevenir y Erradicar la Violencia contra las Mujeres, Fabiola Alan\u00eds S\u00e1mano, y la Secretaria Ejecutiva del Sistema Nacional de Seguridad P\u00fablica, Clara Luz Flores Carrales.<\/p>\n\n\n\n<p>Mara Lezama dijo que esta es gente con la experiencia que se requiere para generar cambios, para desterrar el machismo y erradicar la violencia de g\u00e9nero. \u201cAqu\u00ed est\u00e1 el presente y el futuro de nuestra naci\u00f3n, porque sin mujeres no hay desarrollo ni democracia\u201d, precis\u00f3.<\/p>\n\n\n\n<p>Agradeci\u00f3 el apoyo de Nadine Gasm\u00e1n y de Fabiola Alan\u00eds, pues sin ese respaldo no ser\u00eda posible del Centro de Justicia para Mujeres en Playa del Carmen y en Chetumal.<\/p>\n\n\n\n<p>Asimismo, la gobernadora de Quintana Roo afirm\u00f3 que el trabajo de estos d\u00edas ser\u00e1 valorado, defendido e implementado. \u201cSu trabajo de estos d\u00edas cambiar\u00e1 para bien la vida de millones de mujeres. Es momento de hacer historia. No exagero si les digo que -guardadas las proporciones- este Encuentro Nacional puede ser el equivalente al Primer Congreso Feminista de Yucat\u00e1n de 1916 y que fue el inicio de la ruta hacia la obtenci\u00f3n del derecho al voto para las mujeres\u201d.<\/p>\n\n\n\n<p>Por todo ello, Mara Lezama convoc\u00f3 a todas a hacer historia juntas, sin que nada ni nadie las detenga.<\/p>\n\n\n\n<p>Por su parte, la Comisionada Nacional para Prevenir y Erradicar la Violencia contra las Mujeres, Fabiola Alan\u00eds S\u00e1mano destac\u00f3 que para esta agenda se tienen dos temas centrales: la erradicaci\u00f3n de la violencia y la igualdad de g\u00e9nero. Reconoci\u00f3 la gran iniciativa de Mara Lezama por llevar esta agenda a la CONAGO.<\/p>\n\n\n\n<p>Nadine Gasm\u00e1n, presidenta de INMUJERES, agradeci\u00f3 a Mara Lezama la visi\u00f3n y el liderazgo para la construcci\u00f3n de esta Agenda y poner en la CONAGO los temas que realmente van a cambiar la vida de las mujeres. \u201cSi logramos avanzar en estos temas, en estas acciones, las mujeres de M\u00e9xico, las m\u00e1s pobres, van a incorporarse y en eso estamos trabajando, en un pa\u00eds m\u00e1s justo con igualdad, con espacios para mujeres ind\u00edgenas, afroamericanas, de la diversidad, etc.\u201d, dijo.<\/p>\n\n\n\n<p>Acompa\u00f1aron a la gobernadora Mara Lezama la presidenta honoraria del Sistema DIF Quintana Roo, Ver\u00f3nica Lezama Espinosa; la directora del Instituto Quintanarroense de la Mujer, Mar\u00eda Hadad Castillo; el magistrado Heyden Cebada Rivas, presidente del Tribunal Superior de Justicia; el diputado Humberto Aldana Navarro, presidente de la Junta de Gobierno y Coordinaci\u00f3n Pol\u00edtica del Congreso del Estado, as\u00ed como presidentas y presidentes municipales.<\/p>\n\n\n\n<figure class=\"wp-block-image size-full\"><img loading=\"lazy\" decoding=\"async\" width=\"720\" height=\"480\" src=\"http:\/\/vertienteglobal.com\/wp-content\/uploads\/2023\/10\/1000005049.jpg\" alt=\"\" class=\"wp-image-233503\" srcset=\"http:\/\/vertienteglobal.com\/wp-content\/uploads\/2023\/10\/1000005049.jpg 720w, http:\/\/vertienteglobal.com\/wp-content\/uploads\/2023\/10\/1000005049-300x200.jpg 300w, http:\/\/vertienteglobal.com\/wp-content\/uploads\/2023\/10\/1000005049-150x100.jpg 150w\" sizes=\"auto, (max-width: 720px) 100vw, 720px\" \/><\/figure>\n\n\n\n<figure class=\"wp-block-image size-full\"><img loading=\"lazy\" decoding=\"async\" width=\"720\" height=\"480\" src=\"http:\/\/vertienteglobal.com\/wp-content\/uploads\/2023\/10\/1000005050.jpg\" alt=\"\" class=\"wp-image-233504\" srcset=\"http:\/\/vertienteglobal.com\/wp-content\/uploads\/2023\/10\/1000005050.jpg 720w, http:\/\/vertienteglobal.com\/wp-content\/uploads\/2023\/10\/1000005050-300x200.jpg 300w, http:\/\/vertienteglobal.com\/wp-content\/uploads\/2023\/10\/1000005050-150x100.jpg 150w\" sizes=\"auto, (max-width: 720px) 100vw, 720px\" \/><\/figure>\n\n\n\n<figure class=\"wp-block-image size-full\"><img loading=\"lazy\" decoding=\"async\" width=\"720\" height=\"480\" src=\"http:\/\/vertienteglobal.com\/wp-content\/uploads\/2023\/10\/1000005051.jpg\" alt=\"\" class=\"wp-image-233505\" srcset=\"http:\/\/vertienteglobal.com\/wp-content\/uploads\/2023\/10\/1000005051.jpg 720w, http:\/\/vertienteglobal.com\/wp-content\/uploads\/2023\/10\/1000005051-300x200.jpg 300w, http:\/\/vertienteglobal.com\/wp-content\/uploads\/2023\/10\/1000005051-150x100.jpg 150w\" sizes=\"auto, (max-width: 720px) 100vw, 720px\" \/><\/figure>\n","protected":false},"excerpt":{"rendered":"<p>(Redacci\u00f3n) La gobernadora Mara Lezama afirm\u00f3 que las mujeres que hoy padecen violencia, que son v\u00edctimas de la inseguridad, que luchan por subsistir o mantener a sus familias no pueden esperar. \u201cNecesitan y merecen ser atendidas y apoyadas con sentido de urgencia\u201d Canc\u00fan, Quintana Roo a 26 de octubre de 2023.-Al inaugurar el Encuentro Nacional [&hellip;]<\/p>\n","protected":false},"author":1,"featured_media":233502,"comment_status":"open","ping_status":"open","sticky":false,"template":"","format":"standard","meta":{"footnotes":""},"categories":[3],"tags":[],"class_list":["post-233494","post","type-post","status-publish","format-standard","has-post-thumbnail","hentry","category-quintana-roo","entry","has-media"],"jetpack_featured_media_url":"http:\/\/vertienteglobal.com\/wp-content\/uploads\/2023\/10\/1000005048.jpg","_links":{"self":[{"href":"http:\/\/vertienteglobal.com\/index.php?rest_route=\/wp\/v2\/posts\/233494","targetHints":{"allow":["GET"]}}],"collection":[{"href":"http:\/\/vertienteglobal.com\/index.php?rest_route=\/wp\/v2\/posts"}],"about":[{"href":"http:\/\/vertienteglobal.com\/index.php?rest_route=\/wp\/v2\/types\/post"}],"author":[{"embeddable":true,"href":"http:\/\/vertienteglobal.com\/index.php?rest_route=\/wp\/v2\/users\/1"}],"replies":[{"embeddable":true,"href":"http:\/\/vertienteglobal.com\/index.php?rest_route=%2Fwp%2Fv2%2Fcomments&post=233494"}],"version-history":[{"count":0,"href":"http:\/\/vertienteglobal.com\/index.php?rest_route=\/wp\/v2\/posts\/233494\/revisions"}],"wp:featuredmedia":[{"embeddable":true,"href":"http:\/\/vertienteglobal.com\/index.php?rest_route=\/wp\/v2\/media\/233502"}],"wp:attachment":[{"href":"http:\/\/vertienteglobal.com\/index.php?rest_route=%2Fwp%2Fv2%2Fmedia&parent=233494"}],"wp:term":[{"taxonomy":"category","embeddable":true,"href":"http:\/\/vertienteglobal.com\/index.php?rest_route=%2Fwp%2Fv2%2Fcategories&post=233494"},{"taxonomy":"post_tag","embeddable":true,"href":"http:\/\/vertienteglobal.com\/index.php?rest_route=%2Fwp%2Fv2%2Ftags&post=233494"}],"curies":[{"name":"wp","href":"https:\/\/api.w.org\/{rel}","templated":true}]}}