{"id":233486,"date":"2023-10-26T19:42:00","date_gmt":"2023-10-27T00:42:00","guid":{"rendered":"http:\/\/vertienteglobal.com\/?p=233486"},"modified":"2023-10-30T15:09:03","modified_gmt":"2023-10-30T21:09:03","slug":"la-fundacion-de-parques-y-museos-abre-centro-de-acopio-de-viveres-para-ayudar-a-las-familias-afectadas-por-el-huracan-otis","status":"publish","type":"post","link":"http:\/\/vertienteglobal.com\/?p=233486","title":{"rendered":"La Fundaci\u00f3n de Parques y Museos abre centro de acopio de v\u00edveres para ayudar a las familias afectadas por el hurac\u00e1n \u201cOtis\u201d"},"content":{"rendered":"\n<div class=\"twitterbutton\" style=\"float: right; padding-left: 5px;\"><a href=\"http:\/\/twitter.com\/share\" class=\"twitter-share-button\" data-count=\"horizontal\" data-text=\"La Fundaci\u00f3n de Parques y Museos abre centro de acopio de v\u00edveres para ayudar ...\" data-via=\"https:\/\/twitter.com\/VertienteGloba1\" data-url=\"http:\/\/vertienteglobal.com\/?p=233486\" data-lang=\"es\" data-related=\"Informaci\u00f3n general:S\u00edguenos para que est\u00e9ss informado\"><\/a><\/div>\n<figure class=\"wp-block-image size-full\"><img loading=\"lazy\" decoding=\"async\" width=\"585\" height=\"390\" src=\"http:\/\/vertienteglobal.com\/wp-content\/uploads\/2023\/10\/1000004996.jpg\" alt=\"\" class=\"wp-image-233487\" srcset=\"http:\/\/vertienteglobal.com\/wp-content\/uploads\/2023\/10\/1000004996.jpg 585w, http:\/\/vertienteglobal.com\/wp-content\/uploads\/2023\/10\/1000004996-300x200.jpg 300w, http:\/\/vertienteglobal.com\/wp-content\/uploads\/2023\/10\/1000004996-150x100.jpg 150w\" sizes=\"auto, (max-width: 585px) 100vw, 585px\" \/><\/figure>\n\n\n\n<p>(Redacci\u00f3n)<\/p>\n\n\n\n<p>En el BiblioAvi\u00f3n Gervasio, ubicado en la 130 avenida entre las calles 7 e Hidalgo. Lo que se re\u00fana ser\u00e1 entregado al DIF Quintana Roo donde se re\u00fane la ayuda para los damnificados de Guerrero<\/p>\n\n\n\n<p>Cozumel, Quintana Roo 26 de octubre del 2023.- Para brindar apoyo a las familias afectadas por el paso del hurac\u00e1n \u201cOtis\u201d en el estado de Guerrero, el Gobierno del Estado, a trav\u00e9s de la Fundaci\u00f3n de Parques y Museos de Cozumel (FPMC), abri\u00f3 un centro de acopio de v\u00edveres en el BiblioAvi\u00f3n Gervasio, ubicado en la 130 avenida entre las calles 7 e Hidalgo, con un horario de atenci\u00f3n de 09:00 a las 15:30 horas.<\/p>\n\n\n\n<p>El pueblo quintanarroense se ha caracterizado por su solidaridad con las comunidades afectadas por fen\u00f3menos naturales y con el Nuevo Acuerdo por el Bienestar y Desarrollo de Quintana Roo, que promueve la gobernadora Mara Lezama Espinosa, se refrenda el compromiso a ayudar a quienes m\u00e1s lo necesitan mediante la instalaci\u00f3n de centros de acopio de v\u00edveres que permitan resguardar alimentos para las familias en situaci\u00f3n vulnerable.<\/p>\n\n\n\n<p>En este sentido, el director general de la FPMC, Jos\u00e9 Luis Chac\u00f3n M\u00e9ndez, explic\u00f3 que la emergencia climatol\u00f3gica generada por el hurac\u00e1n \u201cOtis\u201d ha dejado a su paso numerosos estragos en el estado de Guerrero, que han afectado a miles de familias.<\/p>\n\n\n\n<p>Por ello hizo un llamado a la comunidad para que se sumen a esta noble causa, contribuyendo con donaciones de alimentos no perecederos, art\u00edculos de higiene personal, ropa, suministros para mascotas, medicamentos como analg\u00e9sicos, antigripales, antibi\u00f3ticos y antidiarr\u00e9icos.<\/p>\n\n\n\n<p>\u201cCualquier aporte, por peque\u00f1o que sea, ser\u00e1 de gran ayuda para mitigar el impacto de esta lamentable situaci\u00f3n, tanto el Gobierno de Quintana Roo como la FPMC, reiteran su compromiso con la solidaridad y el bienestar de las comunidades afectadas, y agradecen de antemano la colaboraci\u00f3n de todos los ciudadanos, empresas y organizaciones que se sumen a esta importante labor humanitaria\u201d, destac\u00f3.<\/p>\n\n\n\n<p>Para finalizar, Chac\u00f3n M\u00e9ndez dijo que todo lo recaudado ser\u00e1 enviado al Sistema Estatal para el Desarrollo Integral de la Familia (DIF), que encabeza la se\u00f1ora Ver\u00f3nica Lezama Espinosa, donde se reunir\u00e1 la ayuda que el Gobierno del Estado enviar\u00e1 al estado de Guerrero para apoyar a las familias que lo necesitan.<\/p>\n","protected":false},"excerpt":{"rendered":"<p>(Redacci\u00f3n) En el BiblioAvi\u00f3n Gervasio, ubicado en la 130 avenida entre las calles 7 e Hidalgo. Lo que se re\u00fana ser\u00e1 entregado al DIF Quintana Roo donde se re\u00fane la ayuda para los damnificados de Guerrero Cozumel, Quintana Roo 26 de octubre del 2023.- Para brindar apoyo a las familias afectadas por el paso del [&hellip;]<\/p>\n","protected":false},"author":1,"featured_media":233487,"comment_status":"open","ping_status":"open","sticky":false,"template":"","format":"standard","meta":{"footnotes":""},"categories":[3],"tags":[],"class_list":["post-233486","post","type-post","status-publish","format-standard","has-post-thumbnail","hentry","category-quintana-roo","entry","has-media"],"jetpack_featured_media_url":"http:\/\/vertienteglobal.com\/wp-content\/uploads\/2023\/10\/1000004996.jpg","_links":{"self":[{"href":"http:\/\/vertienteglobal.com\/index.php?rest_route=\/wp\/v2\/posts\/233486","targetHints":{"allow":["GET"]}}],"collection":[{"href":"http:\/\/vertienteglobal.com\/index.php?rest_route=\/wp\/v2\/posts"}],"about":[{"href":"http:\/\/vertienteglobal.com\/index.php?rest_route=\/wp\/v2\/types\/post"}],"author":[{"embeddable":true,"href":"http:\/\/vertienteglobal.com\/index.php?rest_route=\/wp\/v2\/users\/1"}],"replies":[{"embeddable":true,"href":"http:\/\/vertienteglobal.com\/index.php?rest_route=%2Fwp%2Fv2%2Fcomments&post=233486"}],"version-history":[{"count":0,"href":"http:\/\/vertienteglobal.com\/index.php?rest_route=\/wp\/v2\/posts\/233486\/revisions"}],"wp:featuredmedia":[{"embeddable":true,"href":"http:\/\/vertienteglobal.com\/index.php?rest_route=\/wp\/v2\/media\/233487"}],"wp:attachment":[{"href":"http:\/\/vertienteglobal.com\/index.php?rest_route=%2Fwp%2Fv2%2Fmedia&parent=233486"}],"wp:term":[{"taxonomy":"category","embeddable":true,"href":"http:\/\/vertienteglobal.com\/index.php?rest_route=%2Fwp%2Fv2%2Fcategories&post=233486"},{"taxonomy":"post_tag","embeddable":true,"href":"http:\/\/vertienteglobal.com\/index.php?rest_route=%2Fwp%2Fv2%2Ftags&post=233486"}],"curies":[{"name":"wp","href":"https:\/\/api.w.org\/{rel}","templated":true}]}}