{"id":233383,"date":"2023-10-25T19:52:00","date_gmt":"2023-10-26T00:52:00","guid":{"rendered":"http:\/\/vertienteglobal.com\/?p=233383"},"modified":"2023-10-27T07:38:21","modified_gmt":"2023-10-27T12:38:21","slug":"congreso-de-nuevo-leon-da-licencia-a-samuel-garcia-rumbo-a-2024","status":"publish","type":"post","link":"http:\/\/vertienteglobal.com\/?p=233383","title":{"rendered":"Congreso de Nuevo Le\u00f3n da licencia a Samuel Garc\u00eda rumbo a 2024"},"content":{"rendered":"\n<div class=\"twitterbutton\" style=\"float: right; padding-left: 5px;\"><a href=\"http:\/\/twitter.com\/share\" class=\"twitter-share-button\" data-count=\"horizontal\" data-text=\"Congreso de Nuevo Le\u00f3n da licencia a Samuel Garc\u00eda rumbo a 2024\" data-via=\"https:\/\/twitter.com\/VertienteGloba1\" data-url=\"http:\/\/vertienteglobal.com\/?p=233383\" data-lang=\"es\" data-related=\"Informaci\u00f3n general:S\u00edguenos para que est\u00e9ss informado\"><\/a><\/div>\n<figure class=\"wp-block-image size-full\"><img loading=\"lazy\" decoding=\"async\" width=\"1024\" height=\"683\" src=\"http:\/\/vertienteglobal.com\/wp-content\/uploads\/2023\/10\/218277.jpg\" alt=\"\" class=\"wp-image-233384\" srcset=\"http:\/\/vertienteglobal.com\/wp-content\/uploads\/2023\/10\/218277.jpg 1024w, http:\/\/vertienteglobal.com\/wp-content\/uploads\/2023\/10\/218277-300x200.jpg 300w, http:\/\/vertienteglobal.com\/wp-content\/uploads\/2023\/10\/218277-150x100.jpg 150w, http:\/\/vertienteglobal.com\/wp-content\/uploads\/2023\/10\/218277-768x512.jpg 768w\" sizes=\"auto, (max-width: 1024px) 100vw, 1024px\" \/><\/figure>\n\n\n\n<p>(Redacci\u00f3n)<\/p>\n\n\n\n<p>La licencia fue avalada con 38 votos a favor y 3 abstenciones, ser\u00e1 efectiva a partir del 2 de diciembre y hasta el 2 de junio del pr\u00f3ximo a\u00f1o, cuando se lleven a cabo las elecciones presidenciales. Con ello, si no lo favorecen los resultados electorales, Samuel Garc\u00eda podr\u00e1 regresar a su cargo<\/p>\n\n\n\n<p>Monterrey Nuevo Le\u00f3n, 25 de octubre del 2023.-La tarde de este mi\u00e9rcoles, el Congreso de Nuevo Le\u00f3n aprob\u00f3 a Samuel Garc\u00eda Sep\u00falveda la licencia para separarse 6 meses de su cargo como gobernador del estado para buscar la candidatura presidencial por Movimiento Ciudadano.<\/p>\n\n\n\n<p>Y es que la licencia fue avalada con 38 votos a favor y 3 abstenciones, ser\u00e1 efectiva a partir del 2 de diciembre y hasta el 2 de junio del pr\u00f3ximo a\u00f1o, cuando se lleven a cabo las elecciones presidenciales. Con ello, si no lo favorecen los resultados electorales, Samuel Garc\u00eda podr\u00e1 regresar a su cargo.<\/p>\n\n\n\n<p>El acuerdo previamente aprobado por la Comisi\u00f3n de Gobernaci\u00f3n del Congreso local indica que &#8216;la XXVI Legislatura al Congreso del Estado de Nuevo Le\u00f3n (\u2026) aprueba conceder la licencia temporal al C. Dr. Samuel Alejandro Garc\u00eda Sep\u00falveda, gobernador constitucional del estado libre y soberano de Nuevo Le\u00f3n, por el tiempo de 6 meses sin goce de sueldo, (\u2026) para estar en aptitud de participar para el puesto de presidente de la Rep\u00fablica para el proceso electoral 2023-2024&#8217;.<\/p>\n\n\n\n<p>Cabe se\u00f1alar que tras ser otorgada la licencia a Garc\u00eda Sep\u00falveda, el Congreso local eligi\u00f3 a Jos\u00e9 Arturo Salinas Garza como gobernador interino del estado, hecho que el mandatario estatal acus\u00f3 como ilegal.<\/p>\n\n\n\n<p>A trav\u00e9s de su cuenta de X, el mandatario de Movimiento Ciudadano se\u00f1al\u00f3: &#8216;Pero lo que quiero dejar muy claro es que la designaci\u00f3n de gobernador interino que hizo el Congreso es completamente ilegal. Tengo claro que no vamos a poner en riesgo la construcci\u00f3n del nuevo Nuevo Le\u00f3n, dej\u00e1ndolo en manos de la vieja pol\u00edtica que mucho da\u00f1o ha hecho ya&#8217;.(Fuente:Forbes\/Foto:Twitter-Samuel Garc\u00eda\/Xeva)<\/p>\n","protected":false},"excerpt":{"rendered":"<p>(Redacci\u00f3n) La licencia fue avalada con 38 votos a favor y 3 abstenciones, ser\u00e1 efectiva a partir del 2 de diciembre y hasta el 2 de junio del pr\u00f3ximo a\u00f1o, cuando se lleven a cabo las elecciones presidenciales. Con ello, si no lo favorecen los resultados electorales, Samuel Garc\u00eda podr\u00e1 regresar a su cargo Monterrey [&hellip;]<\/p>\n","protected":false},"author":1,"featured_media":233384,"comment_status":"open","ping_status":"open","sticky":false,"template":"","format":"standard","meta":{"footnotes":""},"categories":[8],"tags":[],"class_list":["post-233383","post","type-post","status-publish","format-standard","has-post-thumbnail","hentry","category-pais","entry","has-media"],"jetpack_featured_media_url":"http:\/\/vertienteglobal.com\/wp-content\/uploads\/2023\/10\/218277.jpg","_links":{"self":[{"href":"http:\/\/vertienteglobal.com\/index.php?rest_route=\/wp\/v2\/posts\/233383","targetHints":{"allow":["GET"]}}],"collection":[{"href":"http:\/\/vertienteglobal.com\/index.php?rest_route=\/wp\/v2\/posts"}],"about":[{"href":"http:\/\/vertienteglobal.com\/index.php?rest_route=\/wp\/v2\/types\/post"}],"author":[{"embeddable":true,"href":"http:\/\/vertienteglobal.com\/index.php?rest_route=\/wp\/v2\/users\/1"}],"replies":[{"embeddable":true,"href":"http:\/\/vertienteglobal.com\/index.php?rest_route=%2Fwp%2Fv2%2Fcomments&post=233383"}],"version-history":[{"count":0,"href":"http:\/\/vertienteglobal.com\/index.php?rest_route=\/wp\/v2\/posts\/233383\/revisions"}],"wp:featuredmedia":[{"embeddable":true,"href":"http:\/\/vertienteglobal.com\/index.php?rest_route=\/wp\/v2\/media\/233384"}],"wp:attachment":[{"href":"http:\/\/vertienteglobal.com\/index.php?rest_route=%2Fwp%2Fv2%2Fmedia&parent=233383"}],"wp:term":[{"taxonomy":"category","embeddable":true,"href":"http:\/\/vertienteglobal.com\/index.php?rest_route=%2Fwp%2Fv2%2Fcategories&post=233383"},{"taxonomy":"post_tag","embeddable":true,"href":"http:\/\/vertienteglobal.com\/index.php?rest_route=%2Fwp%2Fv2%2Ftags&post=233383"}],"curies":[{"name":"wp","href":"https:\/\/api.w.org\/{rel}","templated":true}]}}