{"id":233270,"date":"2023-10-24T13:24:00","date_gmt":"2023-10-24T18:24:00","guid":{"rendered":"http:\/\/vertienteglobal.com\/?p=233270"},"modified":"2023-10-24T13:48:25","modified_gmt":"2023-10-24T18:48:25","slug":"inflacion-en-mexico-se-redujo-a-4-27-en-primera-quincena-de-octubre-de-2023","status":"publish","type":"post","link":"http:\/\/vertienteglobal.com\/?p=233270","title":{"rendered":"Inflaci\u00f3n en M\u00e9xico se redujo a 4.27% en primera quincena de octubre de 2023"},"content":{"rendered":"\n<div class=\"twitterbutton\" style=\"float: right; padding-left: 5px;\"><a href=\"http:\/\/twitter.com\/share\" class=\"twitter-share-button\" data-count=\"horizontal\" data-text=\"Inflaci\u00f3n en M\u00e9xico se redujo a 4.27% en primera quincena de octubre de 2023\" data-via=\"https:\/\/twitter.com\/VertienteGloba1\" data-url=\"http:\/\/vertienteglobal.com\/?p=233270\" data-lang=\"es\" data-related=\"Informaci\u00f3n general:S\u00edguenos para que est\u00e9ss informado\"><\/a><\/div>\n<figure class=\"wp-block-image size-full\"><img loading=\"lazy\" decoding=\"async\" width=\"1024\" height=\"683\" src=\"http:\/\/vertienteglobal.com\/wp-content\/uploads\/2023\/10\/218124.jpg\" alt=\"\" class=\"wp-image-233271\" srcset=\"http:\/\/vertienteglobal.com\/wp-content\/uploads\/2023\/10\/218124.jpg 1024w, http:\/\/vertienteglobal.com\/wp-content\/uploads\/2023\/10\/218124-300x200.jpg 300w, http:\/\/vertienteglobal.com\/wp-content\/uploads\/2023\/10\/218124-150x100.jpg 150w, http:\/\/vertienteglobal.com\/wp-content\/uploads\/2023\/10\/218124-768x512.jpg 768w\" sizes=\"auto, (max-width: 1024px) 100vw, 1024px\" \/><\/figure>\n\n\n\n<p>(Redacci\u00f3n)<\/p>\n\n\n\n<p>En contraste, en octubre del a\u00f1o pasado, la inflaci\u00f3n quincenal alcanz\u00f3 un 0.44 por ciento. Estos datos reflejan una cierta estabilidad en la tasa de inflaci\u00f3n a nivel quincenal<\/p>\n\n\n\n<p>Ciudad de M\u00e9xico 24 de octubre del 2023.-En datos recientemente publicados por el Instituto Nacional de Estad\u00edstica y Geograf\u00eda (Inegi), se revel\u00f3 que la inflaci\u00f3n general anual en M\u00e9xico se situ\u00f3 en un 4.27 por ciento durante la primera quincena de octubre.<\/p>\n\n\n\n<p>Esta cifra representa un cambio significativo en comparaci\u00f3n con el mismo per\u00edodo del a\u00f1o anterior, cuando la inflaci\u00f3n anual alcanz\u00f3 un preocupante 8.53 por ciento.<\/p>\n\n\n\n<p>El \u00edndice de referencia utilizado para medir esta variaci\u00f3n de precios es el \u00cdndice Nacional de Precios al Consumidor (INPC). Durante la quincena en cuesti\u00f3n, el INPC experiment\u00f3 un aumento del 0.24 por ciento en comparaci\u00f3n con la quincena anterior.<\/p>\n\n\n\n<p>En contraste, en octubre del a\u00f1o pasado, la inflaci\u00f3n quincenal alcanz\u00f3 un 0.44 por ciento. Estos datos reflejan una cierta estabilidad en la tasa de inflaci\u00f3n a nivel quincenal.<\/p>\n\n\n\n<p>Para comprender mejor la situaci\u00f3n, se desglosan los datos en dos categor\u00edas principales. El \u00edndice de precios subyacente, que excluye art\u00edculos de alta volatilidad, aument\u00f3 un 0.24 por ciento en la tasa quincenal y un 5.54 por ciento en la tasa anual. Este \u00edndice es considerado un indicador m\u00e1s preciso de la carest\u00eda general.<\/p>\n\n\n\n<p>Por otro lado, el \u00edndice de precios no subyacente experiment\u00f3 un incremento del 0.25 por ciento en la tasa quincenal y un 0.48 por ciento en la tasa anual. Este \u00edndice incluye productos como los energ\u00e9ticos y tarifas autorizadas por el gobierno, que tienden a tener una volatilidad mayor en sus precios.(Fuente: Exc\u00e9lsior\/Foto: Reforma\/Xeva)<\/p>\n","protected":false},"excerpt":{"rendered":"<p>(Redacci\u00f3n) En contraste, en octubre del a\u00f1o pasado, la inflaci\u00f3n quincenal alcanz\u00f3 un 0.44 por ciento. Estos datos reflejan una cierta estabilidad en la tasa de inflaci\u00f3n a nivel quincenal Ciudad de M\u00e9xico 24 de octubre del 2023.-En datos recientemente publicados por el Instituto Nacional de Estad\u00edstica y Geograf\u00eda (Inegi), se revel\u00f3 que la inflaci\u00f3n [&hellip;]<\/p>\n","protected":false},"author":1,"featured_media":233271,"comment_status":"open","ping_status":"open","sticky":false,"template":"","format":"standard","meta":{"footnotes":""},"categories":[8],"tags":[],"class_list":["post-233270","post","type-post","status-publish","format-standard","has-post-thumbnail","hentry","category-pais","entry","has-media"],"jetpack_featured_media_url":"http:\/\/vertienteglobal.com\/wp-content\/uploads\/2023\/10\/218124.jpg","_links":{"self":[{"href":"http:\/\/vertienteglobal.com\/index.php?rest_route=\/wp\/v2\/posts\/233270","targetHints":{"allow":["GET"]}}],"collection":[{"href":"http:\/\/vertienteglobal.com\/index.php?rest_route=\/wp\/v2\/posts"}],"about":[{"href":"http:\/\/vertienteglobal.com\/index.php?rest_route=\/wp\/v2\/types\/post"}],"author":[{"embeddable":true,"href":"http:\/\/vertienteglobal.com\/index.php?rest_route=\/wp\/v2\/users\/1"}],"replies":[{"embeddable":true,"href":"http:\/\/vertienteglobal.com\/index.php?rest_route=%2Fwp%2Fv2%2Fcomments&post=233270"}],"version-history":[{"count":0,"href":"http:\/\/vertienteglobal.com\/index.php?rest_route=\/wp\/v2\/posts\/233270\/revisions"}],"wp:featuredmedia":[{"embeddable":true,"href":"http:\/\/vertienteglobal.com\/index.php?rest_route=\/wp\/v2\/media\/233271"}],"wp:attachment":[{"href":"http:\/\/vertienteglobal.com\/index.php?rest_route=%2Fwp%2Fv2%2Fmedia&parent=233270"}],"wp:term":[{"taxonomy":"category","embeddable":true,"href":"http:\/\/vertienteglobal.com\/index.php?rest_route=%2Fwp%2Fv2%2Fcategories&post=233270"},{"taxonomy":"post_tag","embeddable":true,"href":"http:\/\/vertienteglobal.com\/index.php?rest_route=%2Fwp%2Fv2%2Ftags&post=233270"}],"curies":[{"name":"wp","href":"https:\/\/api.w.org\/{rel}","templated":true}]}}