{"id":233240,"date":"2023-10-23T21:53:00","date_gmt":"2023-10-24T02:53:00","guid":{"rendered":"http:\/\/vertienteglobal.com\/?p=233240"},"modified":"2023-10-24T00:59:03","modified_gmt":"2023-10-24T05:59:03","slug":"preocupa-falta-de-certeza-y-probidad-en-tribunal-electoral-humberto-aldana","status":"publish","type":"post","link":"http:\/\/vertienteglobal.com\/?p=233240","title":{"rendered":"Preocupa falta de certeza y probidad en Tribunal Electoral: Humberto Aldana"},"content":{"rendered":"\n<div class=\"twitterbutton\" style=\"float: right; padding-left: 5px;\"><a href=\"http:\/\/twitter.com\/share\" class=\"twitter-share-button\" data-count=\"horizontal\" data-text=\"Preocupa falta de certeza y probidad en Tribunal Electoral: Humberto Aldana\" data-via=\"https:\/\/twitter.com\/VertienteGloba1\" data-url=\"http:\/\/vertienteglobal.com\/?p=233240\" data-lang=\"es\" data-related=\"Informaci\u00f3n general:S\u00edguenos para que est\u00e9ss informado\"><\/a><\/div>\n<figure class=\"wp-block-image size-full\"><img loading=\"lazy\" decoding=\"async\" width=\"719\" height=\"480\" src=\"http:\/\/vertienteglobal.com\/wp-content\/uploads\/2023\/10\/1000004547.jpg\" alt=\"\" class=\"wp-image-233241\" srcset=\"http:\/\/vertienteglobal.com\/wp-content\/uploads\/2023\/10\/1000004547.jpg 719w, http:\/\/vertienteglobal.com\/wp-content\/uploads\/2023\/10\/1000004547-300x200.jpg 300w, http:\/\/vertienteglobal.com\/wp-content\/uploads\/2023\/10\/1000004547-150x100.jpg 150w\" sizes=\"auto, (max-width: 719px) 100vw, 719px\" \/><\/figure>\n\n\n\n<p>(Redacci\u00f3n)<\/p>\n\n\n\n<p>Inician comparecencias de los \u00f3rganos aut\u00f3nomos.<\/p>\n\n\n\n<p>Chetumal, Quintana Roo, 23 de octubre del 2023.- Ante la cercan\u00eda del pr\u00f3ximo proceso electoral el cual es considerado como el m\u00e1s grande que tendr\u00e1 el pa\u00eds, el presidente de la Junta de Gobierno y Coordinaci\u00f3n Pol\u00edtica (JUGOCOPO) diputado Humberto Aldana Navarro expres\u00f3 su preocupaci\u00f3n por la falta de certeza y probidad del Tribunal Electoral de Quintana Roo (TEQROO), esto en el marco de la comparecencia de Sergio Avil\u00e9s Demeneghi, magistrado presidente del \u00f3rgano jurisdiccional electoral con motivo de su informe anual de labores y resultados.<\/p>\n\n\n\n<p>Aldana Navarro manifest\u00f3 que, desde su punto de vista, el Tribunal Electoral no ha atendido el tema de certeza y probidad, los cuales son algunos de los valores y principios que deben regir su actuaci\u00f3n.<\/p>\n\n\n\n<p>\u201cNo es por una cuesti\u00f3n moral sino de experiencia, creo que mientras m\u00e1s experiencia y mejor se haya ejercido el cargo m\u00e1s probidad existe; entiendo que usted design\u00f3 a la persona que ocupa la secretar\u00eda general con apenas cuatro meses ocupando el cargo, pero entiendo que sin experiencia jurisdiccional\u201d, abund\u00f3.<\/p>\n\n\n\n<p>Los cuestionamientos hacia el presidente del Tribunal Electoral se centraron en un recurso promovido relacionado con un caso de violencia pol\u00edtica en raz\u00f3n de g\u00e9nero, pues consideraron que la actuaci\u00f3n del magistrado va en contra del respeto y defensa de mujeres que han sufrido violencia pol\u00edtica.<\/p>\n\n\n\n<p>En la sesi\u00f3n ordinaria n\u00famero 16 tambi\u00e9n compareci\u00f3 Magda Eugenia de Jes\u00fas Lozano Ocman, comisionada presidenta del Instituto de Acceso a la Informaci\u00f3n y Protecci\u00f3n de Datos Personales de Quintana Roo, con motivo de su informe anual de labores y resultados.<\/p>\n\n\n\n<p>Lozano Ocman destac\u00f3 el trabajo realizado por el Instituto para avanzar en la construcci\u00f3n de un Quintana Roo libre de opacidad.<\/p>\n\n\n\n<p>Los integrantes de la XVII Legislatura se pronunciaron, entre otras cosas, por reforzar las acciones para que los sujetos obligados cumplan con la actualizaci\u00f3n de la informaci\u00f3n obligatoria dentro de sus p\u00e1ginas oficiales.<\/p>\n\n\n\n<p>Previo a la sesi\u00f3n ordinaria, se llev\u00f3 a cabo la comparecencia de Luis Rodrigo Alc\u00e1zar Urrutia, director general del Instituto de Movilidad del Estado de Quintana Roo.<\/p>\n\n\n\n<figure class=\"wp-block-image size-full\"><img loading=\"lazy\" decoding=\"async\" width=\"720\" height=\"536\" src=\"http:\/\/vertienteglobal.com\/wp-content\/uploads\/2023\/10\/1000004545.jpg\" alt=\"\" class=\"wp-image-233242\" srcset=\"http:\/\/vertienteglobal.com\/wp-content\/uploads\/2023\/10\/1000004545.jpg 720w, http:\/\/vertienteglobal.com\/wp-content\/uploads\/2023\/10\/1000004545-300x223.jpg 300w, http:\/\/vertienteglobal.com\/wp-content\/uploads\/2023\/10\/1000004545-150x112.jpg 150w\" sizes=\"auto, (max-width: 720px) 100vw, 720px\" \/><\/figure>\n\n\n\n<figure class=\"wp-block-image size-full\"><img loading=\"lazy\" decoding=\"async\" width=\"720\" height=\"394\" src=\"http:\/\/vertienteglobal.com\/wp-content\/uploads\/2023\/10\/1000004546.jpg\" alt=\"\" class=\"wp-image-233243\" srcset=\"http:\/\/vertienteglobal.com\/wp-content\/uploads\/2023\/10\/1000004546.jpg 720w, http:\/\/vertienteglobal.com\/wp-content\/uploads\/2023\/10\/1000004546-300x164.jpg 300w, http:\/\/vertienteglobal.com\/wp-content\/uploads\/2023\/10\/1000004546-150x82.jpg 150w\" sizes=\"auto, (max-width: 720px) 100vw, 720px\" \/><\/figure>\n\n\n\n<figure class=\"wp-block-image size-full\"><img loading=\"lazy\" decoding=\"async\" width=\"720\" height=\"454\" src=\"http:\/\/vertienteglobal.com\/wp-content\/uploads\/2023\/10\/1000004544.jpg\" alt=\"\" class=\"wp-image-233244\" srcset=\"http:\/\/vertienteglobal.com\/wp-content\/uploads\/2023\/10\/1000004544.jpg 720w, http:\/\/vertienteglobal.com\/wp-content\/uploads\/2023\/10\/1000004544-300x189.jpg 300w, http:\/\/vertienteglobal.com\/wp-content\/uploads\/2023\/10\/1000004544-150x95.jpg 150w\" sizes=\"auto, (max-width: 720px) 100vw, 720px\" \/><\/figure>\n\n\n\n<figure class=\"wp-block-image size-full\"><img loading=\"lazy\" decoding=\"async\" width=\"720\" height=\"386\" src=\"http:\/\/vertienteglobal.com\/wp-content\/uploads\/2023\/10\/1000004548.jpg\" alt=\"\" class=\"wp-image-233245\" srcset=\"http:\/\/vertienteglobal.com\/wp-content\/uploads\/2023\/10\/1000004548.jpg 720w, http:\/\/vertienteglobal.com\/wp-content\/uploads\/2023\/10\/1000004548-300x161.jpg 300w, http:\/\/vertienteglobal.com\/wp-content\/uploads\/2023\/10\/1000004548-150x80.jpg 150w\" sizes=\"auto, (max-width: 720px) 100vw, 720px\" \/><\/figure>\n","protected":false},"excerpt":{"rendered":"<p>(Redacci\u00f3n) Inician comparecencias de los \u00f3rganos aut\u00f3nomos. Chetumal, Quintana Roo, 23 de octubre del 2023.- Ante la cercan\u00eda del pr\u00f3ximo proceso electoral el cual es considerado como el m\u00e1s grande que tendr\u00e1 el pa\u00eds, el presidente de la Junta de Gobierno y Coordinaci\u00f3n Pol\u00edtica (JUGOCOPO) diputado Humberto Aldana Navarro expres\u00f3 su preocupaci\u00f3n por la falta [&hellip;]<\/p>\n","protected":false},"author":1,"featured_media":233241,"comment_status":"open","ping_status":"open","sticky":false,"template":"","format":"standard","meta":{"footnotes":""},"categories":[3],"tags":[],"class_list":["post-233240","post","type-post","status-publish","format-standard","has-post-thumbnail","hentry","category-quintana-roo","entry","has-media"],"jetpack_featured_media_url":"http:\/\/vertienteglobal.com\/wp-content\/uploads\/2023\/10\/1000004547.jpg","_links":{"self":[{"href":"http:\/\/vertienteglobal.com\/index.php?rest_route=\/wp\/v2\/posts\/233240","targetHints":{"allow":["GET"]}}],"collection":[{"href":"http:\/\/vertienteglobal.com\/index.php?rest_route=\/wp\/v2\/posts"}],"about":[{"href":"http:\/\/vertienteglobal.com\/index.php?rest_route=\/wp\/v2\/types\/post"}],"author":[{"embeddable":true,"href":"http:\/\/vertienteglobal.com\/index.php?rest_route=\/wp\/v2\/users\/1"}],"replies":[{"embeddable":true,"href":"http:\/\/vertienteglobal.com\/index.php?rest_route=%2Fwp%2Fv2%2Fcomments&post=233240"}],"version-history":[{"count":0,"href":"http:\/\/vertienteglobal.com\/index.php?rest_route=\/wp\/v2\/posts\/233240\/revisions"}],"wp:featuredmedia":[{"embeddable":true,"href":"http:\/\/vertienteglobal.com\/index.php?rest_route=\/wp\/v2\/media\/233241"}],"wp:attachment":[{"href":"http:\/\/vertienteglobal.com\/index.php?rest_route=%2Fwp%2Fv2%2Fmedia&parent=233240"}],"wp:term":[{"taxonomy":"category","embeddable":true,"href":"http:\/\/vertienteglobal.com\/index.php?rest_route=%2Fwp%2Fv2%2Fcategories&post=233240"},{"taxonomy":"post_tag","embeddable":true,"href":"http:\/\/vertienteglobal.com\/index.php?rest_route=%2Fwp%2Fv2%2Ftags&post=233240"}],"curies":[{"name":"wp","href":"https:\/\/api.w.org\/{rel}","templated":true}]}}