{"id":232762,"date":"2023-10-16T11:43:00","date_gmt":"2023-10-16T16:43:00","guid":{"rendered":"http:\/\/vertienteglobal.com\/?p=232762"},"modified":"2023-10-17T06:55:20","modified_gmt":"2023-10-17T11:55:20","slug":"amlo-nombra-a-alberto-becerra-como-nuevo-titular-del-indep","status":"publish","type":"post","link":"http:\/\/vertienteglobal.com\/?p=232762","title":{"rendered":"AMLO nombra a Alberto Becerra como nuevo titular del Indep"},"content":{"rendered":"\n<div class=\"twitterbutton\" style=\"float: right; padding-left: 5px;\"><a href=\"http:\/\/twitter.com\/share\" class=\"twitter-share-button\" data-count=\"horizontal\" data-text=\"AMLO nombra a Alberto Becerra como nuevo titular del Indep\" data-via=\"https:\/\/twitter.com\/VertienteGloba1\" data-url=\"http:\/\/vertienteglobal.com\/?p=232762\" data-lang=\"es\" data-related=\"Informaci\u00f3n general:S\u00edguenos para que est\u00e9ss informado\"><\/a><\/div>\n<figure class=\"wp-block-image size-large\"><img loading=\"lazy\" decoding=\"async\" width=\"1024\" height=\"681\" src=\"http:\/\/vertienteglobal.com\/wp-content\/uploads\/2023\/10\/Conferencia_presidente_09.52.00__1_-1024x681.jpeg\" alt=\"\" class=\"wp-image-232764\" srcset=\"http:\/\/vertienteglobal.com\/wp-content\/uploads\/2023\/10\/Conferencia_presidente_09.52.00__1_-1024x681.jpeg 1024w, http:\/\/vertienteglobal.com\/wp-content\/uploads\/2023\/10\/Conferencia_presidente_09.52.00__1_-300x200.jpeg 300w, http:\/\/vertienteglobal.com\/wp-content\/uploads\/2023\/10\/Conferencia_presidente_09.52.00__1_-150x100.jpeg 150w, http:\/\/vertienteglobal.com\/wp-content\/uploads\/2023\/10\/Conferencia_presidente_09.52.00__1_-768x511.jpeg 768w, http:\/\/vertienteglobal.com\/wp-content\/uploads\/2023\/10\/Conferencia_presidente_09.52.00__1_-1536x1021.jpeg 1536w, http:\/\/vertienteglobal.com\/wp-content\/uploads\/2023\/10\/Conferencia_presidente_09.52.00__1_.jpeg 1600w\" sizes=\"auto, (max-width: 1024px) 100vw, 1024px\" \/><\/figure>\n\n\n\n<p>(Redacci\u00f3n)<\/p>\n\n\n\n<p>Alberto Becerra llegar\u00e1 al INDEP en sustituci\u00f3n de Ernesto Prieto, quien buscar\u00e1 la candidatura al Gobierno de Guanajuato de cara los comicios de 2024<\/p>\n\n\n\n<p>Ciudad de M\u00e9xico 16 de octubre del 2023.-Este lunes el presidente Andr\u00e9s Manuel L\u00f3pez Obrador inform\u00f3 que el exintegrante de la Ayudant\u00eda de la Presidencia de la Rep\u00fablica, Alberto Becerra se quedar\u00e1 al frente del Instituto para Devolver al Pueblo lo Robado (INDEP).<\/p>\n\n\n\n<p>\u201cYa se nombr\u00f3 (al nuevo titular del INDEP), es Alberto Becerra, hoy les entregan sus antecedentes, su historia p\u00fablica, es una gente de absoluta confianza de nosotros, ha estado trabajando conmigo. Incluso, estuvo en la Ayudant\u00eda. Son de los j\u00f3venes que han estado ayudando y se van formando, que los voy orientando, son como alumnos que recorren conmigo el pa\u00eds y ya despu\u00e9s de un tiempo, ya que se demuestra que son honestos, que le tienen amor al pueblo, se les promueve\u201d, puntualiz\u00f3 el L\u00f3pez Obrador en la conferencia matutina desde el Palacio Nacional.<\/p>\n\n\n\n<p>Cabe mencionar que Alberto Becerra llegar\u00e1 al INDEP en sustituci\u00f3n de Ernesto Prieto, quien buscar\u00e1 la candidatura al Gobierno de Guanajuato de cara los comicios de 2024.<\/p>\n","protected":false},"excerpt":{"rendered":"<p>(Redacci\u00f3n) Alberto Becerra llegar\u00e1 al INDEP en sustituci\u00f3n de Ernesto Prieto, quien buscar\u00e1 la candidatura al Gobierno de Guanajuato de cara los comicios de 2024 Ciudad de M\u00e9xico 16 de octubre del 2023.-Este lunes el presidente Andr\u00e9s Manuel L\u00f3pez Obrador inform\u00f3 que el exintegrante de la Ayudant\u00eda de la Presidencia de la Rep\u00fablica, Alberto Becerra [&hellip;]<\/p>\n","protected":false},"author":1,"featured_media":232764,"comment_status":"open","ping_status":"open","sticky":false,"template":"","format":"standard","meta":{"footnotes":""},"categories":[8],"tags":[],"class_list":["post-232762","post","type-post","status-publish","format-standard","has-post-thumbnail","hentry","category-pais","entry","has-media"],"jetpack_featured_media_url":"http:\/\/vertienteglobal.com\/wp-content\/uploads\/2023\/10\/Conferencia_presidente_09.52.00__1_.jpeg","_links":{"self":[{"href":"http:\/\/vertienteglobal.com\/index.php?rest_route=\/wp\/v2\/posts\/232762","targetHints":{"allow":["GET"]}}],"collection":[{"href":"http:\/\/vertienteglobal.com\/index.php?rest_route=\/wp\/v2\/posts"}],"about":[{"href":"http:\/\/vertienteglobal.com\/index.php?rest_route=\/wp\/v2\/types\/post"}],"author":[{"embeddable":true,"href":"http:\/\/vertienteglobal.com\/index.php?rest_route=\/wp\/v2\/users\/1"}],"replies":[{"embeddable":true,"href":"http:\/\/vertienteglobal.com\/index.php?rest_route=%2Fwp%2Fv2%2Fcomments&post=232762"}],"version-history":[{"count":0,"href":"http:\/\/vertienteglobal.com\/index.php?rest_route=\/wp\/v2\/posts\/232762\/revisions"}],"wp:featuredmedia":[{"embeddable":true,"href":"http:\/\/vertienteglobal.com\/index.php?rest_route=\/wp\/v2\/media\/232764"}],"wp:attachment":[{"href":"http:\/\/vertienteglobal.com\/index.php?rest_route=%2Fwp%2Fv2%2Fmedia&parent=232762"}],"wp:term":[{"taxonomy":"category","embeddable":true,"href":"http:\/\/vertienteglobal.com\/index.php?rest_route=%2Fwp%2Fv2%2Fcategories&post=232762"},{"taxonomy":"post_tag","embeddable":true,"href":"http:\/\/vertienteglobal.com\/index.php?rest_route=%2Fwp%2Fv2%2Ftags&post=232762"}],"curies":[{"name":"wp","href":"https:\/\/api.w.org\/{rel}","templated":true}]}}