{"id":232714,"date":"2023-10-16T23:52:00","date_gmt":"2023-10-17T04:52:00","guid":{"rendered":"http:\/\/vertienteglobal.com\/?p=232714"},"modified":"2023-10-17T05:42:45","modified_gmt":"2023-10-17T10:42:45","slug":"samsung-bloqueara-celulares-que-hayan-sido-comprados-en-el-mercado-gris","status":"publish","type":"post","link":"http:\/\/vertienteglobal.com\/?p=232714","title":{"rendered":"Samsung bloquear\u00e1 celulares que hayan sido comprados en el &#8216;mercado gris&#8217;"},"content":{"rendered":"\n<div class=\"twitterbutton\" style=\"float: right; padding-left: 5px;\"><a href=\"http:\/\/twitter.com\/share\" class=\"twitter-share-button\" data-count=\"horizontal\" data-text=\"Samsung bloquear\u00e1 celulares que hayan sido comprados en el &#8216;mercado gris&...\" data-via=\"https:\/\/twitter.com\/VertienteGloba1\" data-url=\"http:\/\/vertienteglobal.com\/?p=232714\" data-lang=\"es\" data-related=\"Informaci\u00f3n general:S\u00edguenos para que est\u00e9ss informado\"><\/a><\/div>\n<figure class=\"wp-block-image size-full\"><img loading=\"lazy\" decoding=\"async\" width=\"1024\" height=\"683\" src=\"http:\/\/vertienteglobal.com\/wp-content\/uploads\/2023\/10\/217492.jpg\" alt=\"\" class=\"wp-image-232715\" srcset=\"http:\/\/vertienteglobal.com\/wp-content\/uploads\/2023\/10\/217492.jpg 1024w, http:\/\/vertienteglobal.com\/wp-content\/uploads\/2023\/10\/217492-300x200.jpg 300w, http:\/\/vertienteglobal.com\/wp-content\/uploads\/2023\/10\/217492-150x100.jpg 150w, http:\/\/vertienteglobal.com\/wp-content\/uploads\/2023\/10\/217492-768x512.jpg 768w\" sizes=\"auto, (max-width: 1024px) 100vw, 1024px\" \/><\/figure>\n\n\n\n<p>(Redacci\u00f3n)<\/p>\n\n\n\n<p>Seg\u00fan lo informado por Samsung, el bloqueo de los celulares importados comenz\u00f3 el 11 de octubre y se aplicar\u00e1 de manera retroactiva a los dispositivos que se hayan activado en las \u00faltimas tres semanas<\/p>\n\n\n\n<p>Ciudad de M\u00e9xico 16 de octubre del 2023.-En un comunicado compartido en su p\u00e1gina oficial en M\u00e9xico, Samsung inform\u00f3 que a partir del 11 de octubre de 2023, comenz\u00f3 a bloquear los tel\u00e9fonos celulares que hayan sido importados al pa\u00eds a trav\u00e9s de canales de venta no oficiales. Esta decisi\u00f3n de la empresa surcoreana se enmarca en la lucha de los fabricantes de celulares contra el denominado \u00abmercado gris\u00bb en M\u00e9xico, siguiendo los pasos de acciones similares realizadas por otros competidores, como Motorola, en semanas recientes.<\/p>\n\n\n\n<p>Pero, \u00bfqu\u00e9 es el mercado gris y por qu\u00e9 afecta a los consumidores? El mercado gris se refiere a la importaci\u00f3n y distribuci\u00f3n de dispositivos electr\u00f3nicos, en este caso, tel\u00e9fonos celulares, por canales no autorizados por el fabricante o por el pa\u00eds de destino. Esto implica que estos dispositivos no han pasado por los procesos de certificaci\u00f3n y control de calidad regulares, lo que puede llevar a problemas de seguridad, garant\u00eda y calidad para los consumidores.<\/p>\n\n\n\n<p>Seg\u00fan lo informado por Samsung, el bloqueo de los celulares importados comenz\u00f3 el 11 de octubre y se aplicar\u00e1 de manera retroactiva a los dispositivos que se hayan activado en las \u00faltimas tres semanas.<\/p>\n\n\n\n<p>La empresa ha anunciado que los usuarios comenzar\u00e1n a recibir notificaciones en sus equipos Samsung importados como parte de la \u00abprimera etapa\u00bb de un plan destinado a abordar este problema. Estas notificaciones se enviar\u00e1n en diversas temporalidades.(Fuente: Milenio\/Foto: SAMSUNG\/Xeva)<\/p>\n","protected":false},"excerpt":{"rendered":"<p>(Redacci\u00f3n) Seg\u00fan lo informado por Samsung, el bloqueo de los celulares importados comenz\u00f3 el 11 de octubre y se aplicar\u00e1 de manera retroactiva a los dispositivos que se hayan activado en las \u00faltimas tres semanas Ciudad de M\u00e9xico 16 de octubre del 2023.-En un comunicado compartido en su p\u00e1gina oficial en M\u00e9xico, Samsung inform\u00f3 que [&hellip;]<\/p>\n","protected":false},"author":1,"featured_media":232715,"comment_status":"open","ping_status":"open","sticky":false,"template":"","format":"standard","meta":{"footnotes":""},"categories":[8],"tags":[],"class_list":["post-232714","post","type-post","status-publish","format-standard","has-post-thumbnail","hentry","category-pais","entry","has-media"],"jetpack_featured_media_url":"http:\/\/vertienteglobal.com\/wp-content\/uploads\/2023\/10\/217492.jpg","_links":{"self":[{"href":"http:\/\/vertienteglobal.com\/index.php?rest_route=\/wp\/v2\/posts\/232714","targetHints":{"allow":["GET"]}}],"collection":[{"href":"http:\/\/vertienteglobal.com\/index.php?rest_route=\/wp\/v2\/posts"}],"about":[{"href":"http:\/\/vertienteglobal.com\/index.php?rest_route=\/wp\/v2\/types\/post"}],"author":[{"embeddable":true,"href":"http:\/\/vertienteglobal.com\/index.php?rest_route=\/wp\/v2\/users\/1"}],"replies":[{"embeddable":true,"href":"http:\/\/vertienteglobal.com\/index.php?rest_route=%2Fwp%2Fv2%2Fcomments&post=232714"}],"version-history":[{"count":0,"href":"http:\/\/vertienteglobal.com\/index.php?rest_route=\/wp\/v2\/posts\/232714\/revisions"}],"wp:featuredmedia":[{"embeddable":true,"href":"http:\/\/vertienteglobal.com\/index.php?rest_route=\/wp\/v2\/media\/232715"}],"wp:attachment":[{"href":"http:\/\/vertienteglobal.com\/index.php?rest_route=%2Fwp%2Fv2%2Fmedia&parent=232714"}],"wp:term":[{"taxonomy":"category","embeddable":true,"href":"http:\/\/vertienteglobal.com\/index.php?rest_route=%2Fwp%2Fv2%2Fcategories&post=232714"},{"taxonomy":"post_tag","embeddable":true,"href":"http:\/\/vertienteglobal.com\/index.php?rest_route=%2Fwp%2Fv2%2Ftags&post=232714"}],"curies":[{"name":"wp","href":"https:\/\/api.w.org\/{rel}","templated":true}]}}