{"id":232682,"date":"2023-10-15T08:05:00","date_gmt":"2023-10-15T13:05:00","guid":{"rendered":"http:\/\/vertienteglobal.com\/?p=232682"},"modified":"2023-10-15T18:08:19","modified_gmt":"2023-10-15T23:08:19","slug":"claudia-sheinbaum-suma-el-apoyo-de-yuli-chapur-y-los-hermanos-abraham-mafud-en-yucatan","status":"publish","type":"post","link":"http:\/\/vertienteglobal.com\/?p=232682","title":{"rendered":"Claudia Sheinbaum suma el apoyo de Yuli Chapur y los hermanos Abraham Mafud en Yucat\u00e1n"},"content":{"rendered":"\n<div class=\"twitterbutton\" style=\"float: right; padding-left: 5px;\"><a href=\"http:\/\/twitter.com\/share\" class=\"twitter-share-button\" data-count=\"horizontal\" data-text=\"Claudia Sheinbaum suma el apoyo de Yuli Chapur y los hermanos Abraham Mafud en Y...\" data-via=\"https:\/\/twitter.com\/VertienteGloba1\" data-url=\"http:\/\/vertienteglobal.com\/?p=232682\" data-lang=\"es\" data-related=\"Informaci\u00f3n general:S\u00edguenos para que est\u00e9ss informado\"><\/a><\/div>\n<figure class=\"wp-block-image size-full\"><img loading=\"lazy\" decoding=\"async\" width=\"512\" height=\"340\" src=\"http:\/\/vertienteglobal.com\/wp-content\/uploads\/2023\/10\/1000003813.jpg\" alt=\"\" class=\"wp-image-232683\" srcset=\"http:\/\/vertienteglobal.com\/wp-content\/uploads\/2023\/10\/1000003813.jpg 512w, http:\/\/vertienteglobal.com\/wp-content\/uploads\/2023\/10\/1000003813-300x199.jpg 300w, http:\/\/vertienteglobal.com\/wp-content\/uploads\/2023\/10\/1000003813-150x100.jpg 150w\" sizes=\"auto, (max-width: 512px) 100vw, 512px\" \/><\/figure>\n\n\n\n<p>(Redacci\u00f3n)<\/p>\n\n\n\n<p>Yuli Chapur Zahoul, consejera consultiva de la comisi\u00f3n de Derechos Humanos en Yucat\u00e1n, quien se ha destacado por su trabajo para garantizar el bienestar de ni\u00f1os, ni\u00f1as y j\u00f3venes<\/p>\n\n\n\n<p>Valladolid, Yucat\u00e1n a 15 de octubre de 2023.- El pasado viernes, Claudia Sheinbaum encabez\u00f3 la firma del Acuerdo de Unidad para la Transformaci\u00f3n en Yucat\u00e1n, en el que diferentes liderazgos y representante de la sociedad yucateca se unieron a favor de la 4T.<\/p>\n\n\n\n<p>Entre quienes suscribieron a la defensa del movimiento de Transformaci\u00f3n se encuentra, Yuli Chapur Zahoul, consejera consultiva de la comisi\u00f3n de Derechos Humanos en Yucat\u00e1n, quien se ha destacado por su trabajo para garantizar el bienestar de ni\u00f1os, ni\u00f1as y j\u00f3venes.<\/p>\n\n\n\n<p>Por su parte, tambi\u00e9n firmaron, Roberto Abraham Mafud, empresario, promotor cultural y compositor mexicano y Carlos Abraham Mafud, presidente del Consejo Consultivo de la junta de asistencia privada en Yucat\u00e1n, quienes se han dedicado a buscar nuevas y mejores oportunidades para la sociedad yucateca.<\/p>\n\n\n\n<figure class=\"wp-block-image size-full\"><img loading=\"lazy\" decoding=\"async\" width=\"512\" height=\"341\" src=\"http:\/\/vertienteglobal.com\/wp-content\/uploads\/2023\/10\/1000003815.jpg\" alt=\"\" class=\"wp-image-232684\" srcset=\"http:\/\/vertienteglobal.com\/wp-content\/uploads\/2023\/10\/1000003815.jpg 512w, http:\/\/vertienteglobal.com\/wp-content\/uploads\/2023\/10\/1000003815-300x200.jpg 300w, http:\/\/vertienteglobal.com\/wp-content\/uploads\/2023\/10\/1000003815-150x100.jpg 150w\" sizes=\"auto, (max-width: 512px) 100vw, 512px\" \/><\/figure>\n\n\n\n<figure class=\"wp-block-image size-full\"><img loading=\"lazy\" decoding=\"async\" width=\"512\" height=\"341\" src=\"http:\/\/vertienteglobal.com\/wp-content\/uploads\/2023\/10\/1000003814.jpg\" alt=\"\" class=\"wp-image-232685\" srcset=\"http:\/\/vertienteglobal.com\/wp-content\/uploads\/2023\/10\/1000003814.jpg 512w, http:\/\/vertienteglobal.com\/wp-content\/uploads\/2023\/10\/1000003814-300x200.jpg 300w, http:\/\/vertienteglobal.com\/wp-content\/uploads\/2023\/10\/1000003814-150x100.jpg 150w\" sizes=\"auto, (max-width: 512px) 100vw, 512px\" \/><\/figure>\n","protected":false},"excerpt":{"rendered":"<p>(Redacci\u00f3n) Yuli Chapur Zahoul, consejera consultiva de la comisi\u00f3n de Derechos Humanos en Yucat\u00e1n, quien se ha destacado por su trabajo para garantizar el bienestar de ni\u00f1os, ni\u00f1as y j\u00f3venes Valladolid, Yucat\u00e1n a 15 de octubre de 2023.- El pasado viernes, Claudia Sheinbaum encabez\u00f3 la firma del Acuerdo de Unidad para la Transformaci\u00f3n en Yucat\u00e1n, [&hellip;]<\/p>\n","protected":false},"author":1,"featured_media":232683,"comment_status":"open","ping_status":"open","sticky":false,"template":"","format":"standard","meta":{"footnotes":""},"categories":[2],"tags":[],"class_list":["post-232682","post","type-post","status-publish","format-standard","has-post-thumbnail","hentry","category-yucatan","entry","has-media"],"jetpack_featured_media_url":"http:\/\/vertienteglobal.com\/wp-content\/uploads\/2023\/10\/1000003813.jpg","_links":{"self":[{"href":"http:\/\/vertienteglobal.com\/index.php?rest_route=\/wp\/v2\/posts\/232682","targetHints":{"allow":["GET"]}}],"collection":[{"href":"http:\/\/vertienteglobal.com\/index.php?rest_route=\/wp\/v2\/posts"}],"about":[{"href":"http:\/\/vertienteglobal.com\/index.php?rest_route=\/wp\/v2\/types\/post"}],"author":[{"embeddable":true,"href":"http:\/\/vertienteglobal.com\/index.php?rest_route=\/wp\/v2\/users\/1"}],"replies":[{"embeddable":true,"href":"http:\/\/vertienteglobal.com\/index.php?rest_route=%2Fwp%2Fv2%2Fcomments&post=232682"}],"version-history":[{"count":0,"href":"http:\/\/vertienteglobal.com\/index.php?rest_route=\/wp\/v2\/posts\/232682\/revisions"}],"wp:featuredmedia":[{"embeddable":true,"href":"http:\/\/vertienteglobal.com\/index.php?rest_route=\/wp\/v2\/media\/232683"}],"wp:attachment":[{"href":"http:\/\/vertienteglobal.com\/index.php?rest_route=%2Fwp%2Fv2%2Fmedia&parent=232682"}],"wp:term":[{"taxonomy":"category","embeddable":true,"href":"http:\/\/vertienteglobal.com\/index.php?rest_route=%2Fwp%2Fv2%2Fcategories&post=232682"},{"taxonomy":"post_tag","embeddable":true,"href":"http:\/\/vertienteglobal.com\/index.php?rest_route=%2Fwp%2Fv2%2Ftags&post=232682"}],"curies":[{"name":"wp","href":"https:\/\/api.w.org\/{rel}","templated":true}]}}