{"id":232594,"date":"2023-10-13T21:34:00","date_gmt":"2023-10-14T02:34:00","guid":{"rendered":"http:\/\/vertienteglobal.com\/?p=232594"},"modified":"2023-10-13T23:59:59","modified_gmt":"2023-10-14T04:59:59","slug":"morena-da-a-conocer-la-lista-final-de-aspirantes-a-candidaturas-en-9-gubernaturas","status":"publish","type":"post","link":"http:\/\/vertienteglobal.com\/?p=232594","title":{"rendered":"Morena da a conocer la lista final de aspirantes a candidaturas en 9 gubernaturas\u00a0"},"content":{"rendered":"\n<div class=\"twitterbutton\" style=\"float: right; padding-left: 5px;\"><a href=\"http:\/\/twitter.com\/share\" class=\"twitter-share-button\" data-count=\"horizontal\" data-text=\"Morena da a conocer la lista final de aspirantes a candidaturas en 9 gubernatura...\" data-via=\"https:\/\/twitter.com\/VertienteGloba1\" data-url=\"http:\/\/vertienteglobal.com\/?p=232594\" data-lang=\"es\" data-related=\"Informaci\u00f3n general:S\u00edguenos para que est\u00e9ss informado\"><\/a><\/div>\n<figure class=\"wp-block-image size-full\"><img loading=\"lazy\" decoding=\"async\" width=\"1024\" height=\"683\" src=\"http:\/\/vertienteglobal.com\/wp-content\/uploads\/2023\/10\/217438-1.jpg\" alt=\"\" class=\"wp-image-232587\" srcset=\"http:\/\/vertienteglobal.com\/wp-content\/uploads\/2023\/10\/217438-1.jpg 1024w, http:\/\/vertienteglobal.com\/wp-content\/uploads\/2023\/10\/217438-1-300x200.jpg 300w, http:\/\/vertienteglobal.com\/wp-content\/uploads\/2023\/10\/217438-1-150x100.jpg 150w, http:\/\/vertienteglobal.com\/wp-content\/uploads\/2023\/10\/217438-1-768x512.jpg 768w\" sizes=\"auto, (max-width: 1024px) 100vw, 1024px\" \/><\/figure>\n\n\n\n<p>(Redacci\u00f3n)<\/p>\n\n\n\n<p>El pr\u00f3ximo lunes 16 de octubre se reunir\u00e1 la Comisi\u00f3n de Elecciones de Morena con los aspirantes, en donde les explicar\u00e1n cu\u00e1ndo y c\u00f3mo ser\u00e1 la encuesta que se realizar\u00e1, y cu\u00e1l ser\u00e1 el criterio de paridad que se llevar\u00e1 a cabo.<\/p>\n\n\n\n<p>Ciudad de M\u00e9xico 13 de octubre del 2023.-La Comisi\u00f3n Nacional de Elecciones de Morena difundi\u00f3 este viernes la lista de las personas finalistas que podr\u00e1n aspirar a la Jefatura de Gobierno o a una de las ocho gubernaturas que se renuevan en 2024, a trav\u00e9s de una encuesta final.<\/p>\n\n\n\n<p>Mario Delgado Carrillo, dirigente nacional de Morena, escribi\u00f3 en sus redes sociales: \u00abDamos a conocer los nombres de las y los aspirantes que pasar\u00e1n a la encuesta final en el marco del proceso de definici\u00f3n de las Coordinaciones de Defensa de la Transformaci\u00f3n en CDMX, Chiapas, Guanajuato, Jalisco, Morelos, Puebla, Tabasco, Veracruz y Yucat\u00e1n\u00bb.<\/p>\n\n\n\n<p>Cabe se\u00f1alar que despu\u00e9s de una valoraci\u00f3n pol\u00edtica en la que se consideraron los resultados de los sondeos para saber qui\u00e9nes eran m\u00e1s reconocidos por la ciudadan\u00eda en cada entidad, como las votaciones de respaldo de la estructura partidista estatal, la Comisi\u00f3n Nacional de Elecciones defini\u00f3 los siguientes nombres:<\/p>\n\n\n\n<p>Tabasco:<\/p>\n\n\n\n<p>Yolanda Osuna<br>M\u00f3nica Fernandez<br>Javier May<br>Ra\u00fal Ojeda<br>Oscar Cant\u00f3n<br>Chiapas<\/p>\n\n\n\n<p>Patricia Armend\u00e1riz<br>Rosa Irene Urbina<br>Sasil de Le\u00f3n<br>Eduardo Ram\u00edrez<br>Jos\u00e9 Manuel Cruz<br>Jos\u00e9 Antonio Aguilar<br>Carlos Morales V\u00e1zquez<br>Ciudad de M\u00e9xico<\/p>\n\n\n\n<p>Clara Brugada Molina<br>Mariana Boy Tamborell<br>Omar Garc\u00eda Harfuch<br>Hugo L\u00f3pez Gatell<br>Miguel Torruco<br>Guanajuato<\/p>\n\n\n\n<p>Antares V\u00e1zquez<br>Alma Alcaraz<br>Ricardo Scheffield<br>Ernesto Prieto<br>H\u00e9ctor Tejada<br>Jalisco<\/p>\n\n\n\n<p>Claudia Delgadillo<br>Clara C\u00e1rdenas<br>Cecilia M\u00e1rquez<br>Carlos Lomel\u00ed<br>Jos\u00e9 Mar\u00eda Mart\u00ednez<br>To\u00f1o P\u00e9rez Garibay<br>Morelos<\/p>\n\n\n\n<p>Margarita Gonz\u00e1lez<br>Sandra Anaya<br>Tania Valentina Rodr\u00edguez Ruiz<br>V\u00edctor Mercado<br>Rabiadranath Salazar<br>Juan Salgado Brito<br>Puebla<\/p>\n\n\n\n<p>Olivia Salom\u00f3n<br>Claudia Rivera<br>Lizeth S\u00e1nchez<br>Nacho Mier<br>Armenta Alejandro<br>Julio huerta<br>Rodrigo Abdala Dartigues<br>Veracruz<\/p>\n\n\n\n<p>Roc\u00edo Nahle<br>Claudia Tello<br>Eric Cisneros<br>Manuel Huerta<br>Sergio Guti\u00e9rrez Luna<br>Zenyazen Escobar<br>Yucat\u00e1n<\/p>\n\n\n\n<p>Ver\u00f3nica Camino<br>Roc\u00edo Barrera<br>Alpha Tavera<br>Jessica Saiden<br>Huacho D\u00edaz<br>Ra\u00fal Paz<br>Jorge Carlos Ram\u00edrez Mar\u00edn<\/p>\n\n\n\n<p>El pr\u00f3ximo lunes 16 de octubre se reunir\u00e1 la Comisi\u00f3n de Elecciones de Morena con los aspirantes, en donde les explicar\u00e1n cu\u00e1ndo y c\u00f3mo ser\u00e1 la encuesta que se realizar\u00e1, y cu\u00e1l ser\u00e1 el criterio de paridad que se llevar\u00e1 a cabo.<\/p>\n\n\n\n<p>Tras la aplicaci\u00f3n de las encuestas, el pr\u00f3ximo 30 de octubre se dar\u00e1n a conocer a los coordinadores de la defensa de la transformaci\u00f3n, que ser\u00e1n llamados formalmente candidatos a ocho gubernaturas y a la Jefatura de Gobierno de la Ciudad de M\u00e9xico, cuando lo permita la legislaci\u00f3n electoral.(Fuente:Milenio\/Foto:Morena-Tabasco\/Xeva)<\/p>\n","protected":false},"excerpt":{"rendered":"<p>(Redacci\u00f3n) El pr\u00f3ximo lunes 16 de octubre se reunir\u00e1 la Comisi\u00f3n de Elecciones de Morena con los aspirantes, en donde les explicar\u00e1n cu\u00e1ndo y c\u00f3mo ser\u00e1 la encuesta que se realizar\u00e1, y cu\u00e1l ser\u00e1 el criterio de paridad que se llevar\u00e1 a cabo. Ciudad de M\u00e9xico 13 de octubre del 2023.-La Comisi\u00f3n Nacional de Elecciones [&hellip;]<\/p>\n","protected":false},"author":1,"featured_media":232587,"comment_status":"open","ping_status":"open","sticky":false,"template":"","format":"standard","meta":{"footnotes":""},"categories":[6,8,5,7,2],"tags":[],"class_list":["post-232594","post","type-post","status-publish","format-standard","has-post-thumbnail","hentry","category-chiapas","category-pais","category-tabasco","category-veracruz","category-yucatan","entry","has-media"],"jetpack_featured_media_url":"http:\/\/vertienteglobal.com\/wp-content\/uploads\/2023\/10\/217438-1.jpg","_links":{"self":[{"href":"http:\/\/vertienteglobal.com\/index.php?rest_route=\/wp\/v2\/posts\/232594","targetHints":{"allow":["GET"]}}],"collection":[{"href":"http:\/\/vertienteglobal.com\/index.php?rest_route=\/wp\/v2\/posts"}],"about":[{"href":"http:\/\/vertienteglobal.com\/index.php?rest_route=\/wp\/v2\/types\/post"}],"author":[{"embeddable":true,"href":"http:\/\/vertienteglobal.com\/index.php?rest_route=\/wp\/v2\/users\/1"}],"replies":[{"embeddable":true,"href":"http:\/\/vertienteglobal.com\/index.php?rest_route=%2Fwp%2Fv2%2Fcomments&post=232594"}],"version-history":[{"count":0,"href":"http:\/\/vertienteglobal.com\/index.php?rest_route=\/wp\/v2\/posts\/232594\/revisions"}],"wp:featuredmedia":[{"embeddable":true,"href":"http:\/\/vertienteglobal.com\/index.php?rest_route=\/wp\/v2\/media\/232587"}],"wp:attachment":[{"href":"http:\/\/vertienteglobal.com\/index.php?rest_route=%2Fwp%2Fv2%2Fmedia&parent=232594"}],"wp:term":[{"taxonomy":"category","embeddable":true,"href":"http:\/\/vertienteglobal.com\/index.php?rest_route=%2Fwp%2Fv2%2Fcategories&post=232594"},{"taxonomy":"post_tag","embeddable":true,"href":"http:\/\/vertienteglobal.com\/index.php?rest_route=%2Fwp%2Fv2%2Ftags&post=232594"}],"curies":[{"name":"wp","href":"https:\/\/api.w.org\/{rel}","templated":true}]}}