{"id":232563,"date":"2023-10-13T11:52:00","date_gmt":"2023-10-13T16:52:00","guid":{"rendered":"http:\/\/vertienteglobal.com\/?p=232563"},"modified":"2023-10-13T18:26:33","modified_gmt":"2023-10-13T23:26:33","slug":"despegan-aeronaves-de-la-fuerza-aerea-mexicana-rumbo-a-israel-para-rescatar-a-connacionales","status":"publish","type":"post","link":"http:\/\/vertienteglobal.com\/?p=232563","title":{"rendered":"Despegan aeronaves de la Fuerza A\u00e9rea Mexicana rumbo a Israel para rescatar a connacionales"},"content":{"rendered":"\n<div class=\"twitterbutton\" style=\"float: right; padding-left: 5px;\"><a href=\"http:\/\/twitter.com\/share\" class=\"twitter-share-button\" data-count=\"horizontal\" data-text=\"Despegan aeronaves de la Fuerza A\u00e9rea Mexicana rumbo a Israel para rescatar a c...\" data-via=\"https:\/\/twitter.com\/VertienteGloba1\" data-url=\"http:\/\/vertienteglobal.com\/?p=232563\" data-lang=\"es\" data-related=\"Informaci\u00f3n general:S\u00edguenos para que est\u00e9ss informado\"><\/a><\/div>\n<figure class=\"wp-block-image size-full\"><img loading=\"lazy\" decoding=\"async\" width=\"1024\" height=\"683\" src=\"http:\/\/vertienteglobal.com\/wp-content\/uploads\/2023\/10\/217394.jpg\" alt=\"\" class=\"wp-image-232564\" srcset=\"http:\/\/vertienteglobal.com\/wp-content\/uploads\/2023\/10\/217394.jpg 1024w, http:\/\/vertienteglobal.com\/wp-content\/uploads\/2023\/10\/217394-300x200.jpg 300w, http:\/\/vertienteglobal.com\/wp-content\/uploads\/2023\/10\/217394-150x100.jpg 150w, http:\/\/vertienteglobal.com\/wp-content\/uploads\/2023\/10\/217394-768x512.jpg 768w\" sizes=\"auto, (max-width: 1024px) 100vw, 1024px\" \/><\/figure>\n\n\n\n<p>(Redacci\u00f3n)<\/p>\n\n\n\n<p>Leobardo \u00c1vila Boj\u00f3rquez, jefe de la misi\u00f3n inform\u00f3 que la primera aeronave llegar\u00e1 al aeropuerto de Tel Aviv y de ah\u00ed transportar\u00e1 a 143 connacionales directo hacia M\u00e9xico<\/p>\n\n\n\n<p>Ciudad de M\u00e9xico 13 de octubre del 2023.-La ma\u00f1ana de este viernes partieron los aviones de la Fuerza A\u00e9rea Mexicana de la Secretar\u00eda de la Defensa Nacional (SEDENA), que establecer\u00e1n el puente a\u00e9reo Tel Aviv &#8211; Madrid para las y los connacionales que permanecen en la zona de Israel y Palestina.<\/p>\n\n\n\n<p>Y es que las aeronaves tipo Boeing B-737 que partieron del Aeropuerto Internacional Felipe \u00c1ngeles est\u00e1n en ruta para iniciar operaciones en Europa, como parte de la segunda misi\u00f3n humanitaria; el primer avi\u00f3n matr\u00edcula 3528 con 17 militares abordo, tom\u00f3 pista a las 8:40 horas y 13 minutos despeg\u00f3.<\/p>\n\n\n\n<p>M\u00e1s tarde a las 9:45 horas sali\u00f3 la segunda aeronave con matr\u00edcula 3527 de la FAM con 16 militares abordo, la cual parti\u00f3 al aeropuerto de Israel y tender\u00e1 un puente a\u00e9reo hacia Madrid, para trasladar a 144 connacionales y los dejar\u00e1 en Madrid, Espa\u00f1a, para despu\u00e9s regresar a Israel y sacar\u00e1 al resto de los mexicanos para retornar a la Rep\u00fablica Mexicana.<\/p>\n\n\n\n<p>Leobardo \u00c1vila Boj\u00f3rquez, jefe de la misi\u00f3n inform\u00f3 que la primera aeronave llegar\u00e1 al aeropuerto de Tel Aviv y de ah\u00ed transportar\u00e1 a 143 connacionales directo hacia M\u00e9xico.<\/p>\n\n\n\n<p>\u201cHasta ahorita hay 430 connacionales que voluntariamente han expresado voluntariamente salir de Israel. Algunos ya no est\u00e1n registrados y en trabajo conjunto con las autoridades de relaciones exteriores se han registrado ese n\u00famero. Hay una flexibilidad de acord\u00e9 a los mexicanos que quieran salir\u201d explic\u00f3, luego de asegurar que la misi\u00f3n tiene como objetivo salvaguardar la integridad de los mexicanos y que regresen con bien.(Fuente: La Jornada \/ Mrcv\/ Foto: SRE\/Xeva)<\/p>\n","protected":false},"excerpt":{"rendered":"<p>(Redacci\u00f3n) Leobardo \u00c1vila Boj\u00f3rquez, jefe de la misi\u00f3n inform\u00f3 que la primera aeronave llegar\u00e1 al aeropuerto de Tel Aviv y de ah\u00ed transportar\u00e1 a 143 connacionales directo hacia M\u00e9xico Ciudad de M\u00e9xico 13 de octubre del 2023.-La ma\u00f1ana de este viernes partieron los aviones de la Fuerza A\u00e9rea Mexicana de la Secretar\u00eda de la Defensa [&hellip;]<\/p>\n","protected":false},"author":1,"featured_media":232564,"comment_status":"open","ping_status":"open","sticky":false,"template":"","format":"standard","meta":{"footnotes":""},"categories":[8],"tags":[],"class_list":["post-232563","post","type-post","status-publish","format-standard","has-post-thumbnail","hentry","category-pais","entry","has-media"],"jetpack_featured_media_url":"http:\/\/vertienteglobal.com\/wp-content\/uploads\/2023\/10\/217394.jpg","_links":{"self":[{"href":"http:\/\/vertienteglobal.com\/index.php?rest_route=\/wp\/v2\/posts\/232563","targetHints":{"allow":["GET"]}}],"collection":[{"href":"http:\/\/vertienteglobal.com\/index.php?rest_route=\/wp\/v2\/posts"}],"about":[{"href":"http:\/\/vertienteglobal.com\/index.php?rest_route=\/wp\/v2\/types\/post"}],"author":[{"embeddable":true,"href":"http:\/\/vertienteglobal.com\/index.php?rest_route=\/wp\/v2\/users\/1"}],"replies":[{"embeddable":true,"href":"http:\/\/vertienteglobal.com\/index.php?rest_route=%2Fwp%2Fv2%2Fcomments&post=232563"}],"version-history":[{"count":0,"href":"http:\/\/vertienteglobal.com\/index.php?rest_route=\/wp\/v2\/posts\/232563\/revisions"}],"wp:featuredmedia":[{"embeddable":true,"href":"http:\/\/vertienteglobal.com\/index.php?rest_route=\/wp\/v2\/media\/232564"}],"wp:attachment":[{"href":"http:\/\/vertienteglobal.com\/index.php?rest_route=%2Fwp%2Fv2%2Fmedia&parent=232563"}],"wp:term":[{"taxonomy":"category","embeddable":true,"href":"http:\/\/vertienteglobal.com\/index.php?rest_route=%2Fwp%2Fv2%2Fcategories&post=232563"},{"taxonomy":"post_tag","embeddable":true,"href":"http:\/\/vertienteglobal.com\/index.php?rest_route=%2Fwp%2Fv2%2Ftags&post=232563"}],"curies":[{"name":"wp","href":"https:\/\/api.w.org\/{rel}","templated":true}]}}