{"id":232552,"date":"2023-10-13T12:19:00","date_gmt":"2023-10-13T17:19:00","guid":{"rendered":"http:\/\/vertienteglobal.com\/?p=232552"},"modified":"2023-10-13T18:15:52","modified_gmt":"2023-10-13T23:15:52","slug":"claudia-sheinbaum-ya-esta-en-yucatan","status":"publish","type":"post","link":"http:\/\/vertienteglobal.com\/?p=232552","title":{"rendered":"Claudia Sheinbaum, ya est\u00e1 en Yucat\u00e1n"},"content":{"rendered":"\n<div class=\"twitterbutton\" style=\"float: right; padding-left: 5px;\"><a href=\"http:\/\/twitter.com\/share\" class=\"twitter-share-button\" data-count=\"horizontal\" data-text=\"Claudia Sheinbaum, ya est\u00e1 en Yucat\u00e1n\" data-via=\"https:\/\/twitter.com\/VertienteGloba1\" data-url=\"http:\/\/vertienteglobal.com\/?p=232552\" data-lang=\"es\" data-related=\"Informaci\u00f3n general:S\u00edguenos para que est\u00e9ss informado\"><\/a><\/div>\n<figure class=\"wp-block-image size-full\"><img loading=\"lazy\" decoding=\"async\" width=\"608\" height=\"330\" src=\"http:\/\/vertienteglobal.com\/wp-content\/uploads\/2023\/10\/claudia-608x330-1.jpg\" alt=\"\" class=\"wp-image-232553\" srcset=\"http:\/\/vertienteglobal.com\/wp-content\/uploads\/2023\/10\/claudia-608x330-1.jpg 608w, http:\/\/vertienteglobal.com\/wp-content\/uploads\/2023\/10\/claudia-608x330-1-300x163.jpg 300w, http:\/\/vertienteglobal.com\/wp-content\/uploads\/2023\/10\/claudia-608x330-1-150x81.jpg 150w\" sizes=\"auto, (max-width: 608px) 100vw, 608px\" \/><\/figure>\n\n\n\n<p>(Redacci\u00f3n)<\/p>\n\n\n\n<p>La Coordinadora Nacional de la Defensa de la Cuarta Transformaci\u00f3n estar\u00e1 de visita en Valladolid el Viernes 13 de octubre.<\/p>\n\n\n\n<p>M\u00e9rida, Yucat\u00e1n., 13 de octubre 2023..- Desde las 10o0l de la ma\u00f1ana sostuvo una reuni\u00f3n con dirigentes de Morena, PT y PVEM, ya que a las 4 de la tarde tendr\u00e1 un acto masivo p\u00fablico en la Hacienda San Gregorio.<\/p>\n\n\n\n<p>Y es que en el marco de una nueva muestra de unidad de los liderazgos de Morena en Yucat\u00e1n, el Diputado Octavio Rivero Villase\u00f1or, Delegado Nacional de Claudia Sheinbaum en el Estado de Yucat\u00e1n, dio a conocer la agenda de la visita que realizar\u00e1 hoy viernes 13 de octubre en Valladolid la coordinadora nacional de los comit\u00e9s de defensa de la Cuarta Transformaci\u00f3n.<\/p>\n\n\n\n<p>La Dra. Claudia, quien lleg\u00f3 procedente de Quintana Roo, inicio a las 10 de la ma\u00f1ana una reuni\u00f3n con los dirigentes de los partidos que integran la coalici\u00f3n que la respalda, es decir, Morena, Partido del Trabajo y PVEM.<\/p>\n\n\n\n<p>Por ello, m\u00e1s tarde tendr\u00e1 actividades de car\u00e1cter privado y a las 4 de la tarde, encabezar\u00e1 en la Hacienda San Gregorio un acto masivo denominado \u201cLa Esperanza nos Une\u201d, que incluir\u00e1 un mensaje de la Dra. Claudia, la firma de un acuerdo de unidad por la transformaci\u00f3n del pa\u00eds y de Yucat\u00e1n, adem\u00e1s de la toma de protesta de los comit\u00e9s de defensa de la Cuarta Transformaci\u00f3n.<\/p>\n\n\n\n<p>En este acto masivo p\u00fablico se espera la presencia de acad\u00e9micos, artistas, l\u00edderes sociales y la sociedad en general. Tambi\u00e9n estar\u00e1n militantes y simpatizantes de municipios cercanos como Sucil\u00e1, Temoz\u00f3n, Chemax, Calotmul, Tizim\u00edn entre otros.<\/p>\n\n\n\n<p>Cabe destacar que de Valladolid, la Dra. Sheinbaum continuar\u00e1 su gira rumbo a Campeche.<\/p>\n\n\n\n<p>En la conferencia de prensa estuvieron presentes los presidentes de Morena Yucat\u00e1n, Omar P\u00e9rez; del Partido del Trabajo, Francisco Rosas Villavicencio, y Guillermo Porras Quevedo, en representaci\u00f3n de la dirigencia estatal del PVEM.<\/p>\n\n\n\n<p>Tambi\u00e9n estuvieron Joaqu\u00edn D\u00edaz Mena, ex delegado del Bienestar en Yucat\u00e1n y uno de los aspirantes a la gubernatura de Yucat\u00e1n, Jazm\u00edn Villanueva Moo, tambi\u00e9n aspirante a la gubernatura, as\u00ed como los representantes de Ver\u00f3nica Camino Farjat y Roc\u00edo Barrera Puc, quienes completan la lista de cuatro propuestas que hizo el Consejo Estatal de Morena para el Gobierno de Estado.<\/p>\n\n\n\n<figure class=\"wp-block-image size-full\"><img loading=\"lazy\" decoding=\"async\" width=\"768\" height=\"225\" src=\"http:\/\/vertienteglobal.com\/wp-content\/uploads\/2023\/10\/01_cs-768x225-1.jpg\" alt=\"\" class=\"wp-image-232554\" srcset=\"http:\/\/vertienteglobal.com\/wp-content\/uploads\/2023\/10\/01_cs-768x225-1.jpg 768w, http:\/\/vertienteglobal.com\/wp-content\/uploads\/2023\/10\/01_cs-768x225-1-300x88.jpg 300w, http:\/\/vertienteglobal.com\/wp-content\/uploads\/2023\/10\/01_cs-768x225-1-150x44.jpg 150w\" sizes=\"auto, (max-width: 768px) 100vw, 768px\" \/><\/figure>\n","protected":false},"excerpt":{"rendered":"<p>(Redacci\u00f3n) La Coordinadora Nacional de la Defensa de la Cuarta Transformaci\u00f3n estar\u00e1 de visita en Valladolid el Viernes 13 de octubre. M\u00e9rida, Yucat\u00e1n., 13 de octubre 2023..- Desde las 10o0l de la ma\u00f1ana sostuvo una reuni\u00f3n con dirigentes de Morena, PT y PVEM, ya que a las 4 de la tarde tendr\u00e1 un acto masivo [&hellip;]<\/p>\n","protected":false},"author":1,"featured_media":232553,"comment_status":"open","ping_status":"open","sticky":false,"template":"","format":"standard","meta":{"footnotes":""},"categories":[2],"tags":[],"class_list":["post-232552","post","type-post","status-publish","format-standard","has-post-thumbnail","hentry","category-yucatan","entry","has-media"],"jetpack_featured_media_url":"http:\/\/vertienteglobal.com\/wp-content\/uploads\/2023\/10\/claudia-608x330-1.jpg","_links":{"self":[{"href":"http:\/\/vertienteglobal.com\/index.php?rest_route=\/wp\/v2\/posts\/232552","targetHints":{"allow":["GET"]}}],"collection":[{"href":"http:\/\/vertienteglobal.com\/index.php?rest_route=\/wp\/v2\/posts"}],"about":[{"href":"http:\/\/vertienteglobal.com\/index.php?rest_route=\/wp\/v2\/types\/post"}],"author":[{"embeddable":true,"href":"http:\/\/vertienteglobal.com\/index.php?rest_route=\/wp\/v2\/users\/1"}],"replies":[{"embeddable":true,"href":"http:\/\/vertienteglobal.com\/index.php?rest_route=%2Fwp%2Fv2%2Fcomments&post=232552"}],"version-history":[{"count":0,"href":"http:\/\/vertienteglobal.com\/index.php?rest_route=\/wp\/v2\/posts\/232552\/revisions"}],"wp:featuredmedia":[{"embeddable":true,"href":"http:\/\/vertienteglobal.com\/index.php?rest_route=\/wp\/v2\/media\/232553"}],"wp:attachment":[{"href":"http:\/\/vertienteglobal.com\/index.php?rest_route=%2Fwp%2Fv2%2Fmedia&parent=232552"}],"wp:term":[{"taxonomy":"category","embeddable":true,"href":"http:\/\/vertienteglobal.com\/index.php?rest_route=%2Fwp%2Fv2%2Fcategories&post=232552"},{"taxonomy":"post_tag","embeddable":true,"href":"http:\/\/vertienteglobal.com\/index.php?rest_route=%2Fwp%2Fv2%2Ftags&post=232552"}],"curies":[{"name":"wp","href":"https:\/\/api.w.org\/{rel}","templated":true}]}}