{"id":232369,"date":"2023-10-10T23:42:00","date_gmt":"2023-10-11T04:42:00","guid":{"rendered":"http:\/\/vertienteglobal.com\/?p=232369"},"modified":"2023-10-11T00:15:25","modified_gmt":"2023-10-11T05:15:25","slug":"huracan-lidia-se-debilita-a-categoria-2-tras-tocar-tierra-en-jalisco-y-deja-un-muerto-en-nayarit","status":"publish","type":"post","link":"http:\/\/vertienteglobal.com\/?p=232369","title":{"rendered":"Hurac\u00e1n &#8216;Lidia&#8217; se debilita a categor\u00eda 2 tras tocar tierra en Jalisco y deja un muerto en Nayarit"},"content":{"rendered":"\n<div class=\"twitterbutton\" style=\"float: right; padding-left: 5px;\"><a href=\"http:\/\/twitter.com\/share\" class=\"twitter-share-button\" data-count=\"horizontal\" data-text=\"Hurac\u00e1n &#8216;Lidia&#8217; se debilita a categor\u00eda 2 tras tocar tierra en Jal...\" data-via=\"https:\/\/twitter.com\/VertienteGloba1\" data-url=\"http:\/\/vertienteglobal.com\/?p=232369\" data-lang=\"es\" data-related=\"Informaci\u00f3n general:S\u00edguenos para que est\u00e9ss informado\"><\/a><\/div>\n<figure class=\"wp-block-image size-full\"><img loading=\"lazy\" decoding=\"async\" width=\"1024\" height=\"552\" src=\"http:\/\/vertienteglobal.com\/wp-content\/uploads\/2023\/10\/217180.jpg\" alt=\"\" class=\"wp-image-232370\" srcset=\"http:\/\/vertienteglobal.com\/wp-content\/uploads\/2023\/10\/217180.jpg 1024w, http:\/\/vertienteglobal.com\/wp-content\/uploads\/2023\/10\/217180-300x162.jpg 300w, http:\/\/vertienteglobal.com\/wp-content\/uploads\/2023\/10\/217180-150x81.jpg 150w, http:\/\/vertienteglobal.com\/wp-content\/uploads\/2023\/10\/217180-768x414.jpg 768w\" sizes=\"auto, (max-width: 1024px) 100vw, 1024px\" \/><\/figure>\n\n\n\n<p>(Redacci\u00f3n)<\/p>\n\n\n\n<p>Mientras en el gobierno de Nayarit confirm\u00f3 la muerte de una persona por este cicl\u00f3n en Bah\u00eda de Banderas<\/p>\n\n\n\n<p>Ciudad de M\u00e9xico 10 de octubre del 2023.-El Servicio Meteorol\u00f3gico Nacional (SMN), inform\u00f3 que el hurac\u00e1n \u00abLidia\u00bb baj\u00f3 la noche de este martes su intensidad a categor\u00eda 2, durante su paso por tierra en Jalisco.<\/p>\n\n\n\n<p>Y es que de acuerdo al informe de las 21:30 horas, el SMN indic\u00f3 que el fen\u00f3meno climatol\u00f3gico ten\u00eda su centro aproximadamente a 40 kil\u00f3metros al suroeste de Amatl\u00e1n de Ca\u00f1as, Nayarit, y a 50 kil\u00f3metros al este de Puerto Vallarta, Jalisco.<\/p>\n\n\n\n<p>Igualmente, indic\u00f3 que se registra una disminuci\u00f3n en los vientos m\u00e1ximos sostenidos, ahora de 165 kil\u00f3metros por hora, y rachas de 205 km\/h.<\/p>\n\n\n\n<p>Mientras en el gobierno de Nayarit confirm\u00f3 la muerte de una persona por este cicl\u00f3n en Bah\u00eda de Banderas.<\/p>\n\n\n\n<p>Seg\u00fan la secretar\u00eda de Seguridad estatal indic\u00f3 que un hombre iba manejando su autom\u00f3vil cuando un \u00e1rbol le cay\u00f3 encima a causa de los fuertes vientos y lamentablemente falleci\u00f3, sin embargo, su acompa\u00f1ante s\u00f3lo result\u00f3 lesionada.(Fuente:MVS-Latinus\/oto:Twiitter-Conaguaa\/Xeva)<\/p>\n","protected":false},"excerpt":{"rendered":"<p>(Redacci\u00f3n) Mientras en el gobierno de Nayarit confirm\u00f3 la muerte de una persona por este cicl\u00f3n en Bah\u00eda de Banderas Ciudad de M\u00e9xico 10 de octubre del 2023.-El Servicio Meteorol\u00f3gico Nacional (SMN), inform\u00f3 que el hurac\u00e1n \u00abLidia\u00bb baj\u00f3 la noche de este martes su intensidad a categor\u00eda 2, durante su paso por tierra en Jalisco. [&hellip;]<\/p>\n","protected":false},"author":1,"featured_media":232370,"comment_status":"open","ping_status":"open","sticky":false,"template":"","format":"standard","meta":{"footnotes":""},"categories":[8],"tags":[],"class_list":["post-232369","post","type-post","status-publish","format-standard","has-post-thumbnail","hentry","category-pais","entry","has-media"],"jetpack_featured_media_url":"http:\/\/vertienteglobal.com\/wp-content\/uploads\/2023\/10\/217180.jpg","_links":{"self":[{"href":"http:\/\/vertienteglobal.com\/index.php?rest_route=\/wp\/v2\/posts\/232369","targetHints":{"allow":["GET"]}}],"collection":[{"href":"http:\/\/vertienteglobal.com\/index.php?rest_route=\/wp\/v2\/posts"}],"about":[{"href":"http:\/\/vertienteglobal.com\/index.php?rest_route=\/wp\/v2\/types\/post"}],"author":[{"embeddable":true,"href":"http:\/\/vertienteglobal.com\/index.php?rest_route=\/wp\/v2\/users\/1"}],"replies":[{"embeddable":true,"href":"http:\/\/vertienteglobal.com\/index.php?rest_route=%2Fwp%2Fv2%2Fcomments&post=232369"}],"version-history":[{"count":0,"href":"http:\/\/vertienteglobal.com\/index.php?rest_route=\/wp\/v2\/posts\/232369\/revisions"}],"wp:featuredmedia":[{"embeddable":true,"href":"http:\/\/vertienteglobal.com\/index.php?rest_route=\/wp\/v2\/media\/232370"}],"wp:attachment":[{"href":"http:\/\/vertienteglobal.com\/index.php?rest_route=%2Fwp%2Fv2%2Fmedia&parent=232369"}],"wp:term":[{"taxonomy":"category","embeddable":true,"href":"http:\/\/vertienteglobal.com\/index.php?rest_route=%2Fwp%2Fv2%2Fcategories&post=232369"},{"taxonomy":"post_tag","embeddable":true,"href":"http:\/\/vertienteglobal.com\/index.php?rest_route=%2Fwp%2Fv2%2Ftags&post=232369"}],"curies":[{"name":"wp","href":"https:\/\/api.w.org\/{rel}","templated":true}]}}