{"id":232309,"date":"2023-10-10T17:52:00","date_gmt":"2023-10-10T22:52:00","guid":{"rendered":"http:\/\/vertienteglobal.com\/?p=232309"},"modified":"2023-10-10T20:50:10","modified_gmt":"2023-10-11T01:50:10","slug":"morena-publicara-este-viernes-la-lista-final-de-aspirantes-a-la-cdmx-y-gubernaturas","status":"publish","type":"post","link":"http:\/\/vertienteglobal.com\/?p=232309","title":{"rendered":"Morena publicar\u00e1 este viernes la lista final de aspirantes a la CDMX y gubernaturas"},"content":{"rendered":"\n<div class=\"twitterbutton\" style=\"float: right; padding-left: 5px;\"><a href=\"http:\/\/twitter.com\/share\" class=\"twitter-share-button\" data-count=\"horizontal\" data-text=\"Morena publicar\u00e1 este viernes la lista final de aspirantes a la CDMX y gubernat...\" data-via=\"https:\/\/twitter.com\/VertienteGloba1\" data-url=\"http:\/\/vertienteglobal.com\/?p=232309\" data-lang=\"es\" data-related=\"Informaci\u00f3n general:S\u00edguenos para que est\u00e9ss informado\"><\/a><\/div>\n<figure class=\"wp-block-image size-full\"><img loading=\"lazy\" decoding=\"async\" width=\"1024\" height=\"683\" src=\"http:\/\/vertienteglobal.com\/wp-content\/uploads\/2023\/10\/217153.jpg\" alt=\"\" class=\"wp-image-232310\" srcset=\"http:\/\/vertienteglobal.com\/wp-content\/uploads\/2023\/10\/217153.jpg 1024w, http:\/\/vertienteglobal.com\/wp-content\/uploads\/2023\/10\/217153-300x200.jpg 300w, http:\/\/vertienteglobal.com\/wp-content\/uploads\/2023\/10\/217153-150x100.jpg 150w, http:\/\/vertienteglobal.com\/wp-content\/uploads\/2023\/10\/217153-768x512.jpg 768w\" sizes=\"auto, (max-width: 1024px) 100vw, 1024px\" \/><\/figure>\n\n\n\n<p>(Redacci\u00f3n)<\/p>\n\n\n\n<p>Espec\u00edfico que este jueves se reunir\u00e1n con los aspirantes de las nueve entidades para darles a conocer los resultados de las encuestas de reconocimiento, que se tomar\u00e1n en cuenta para su inclusi\u00f3n en la lista final<\/p>\n\n\n\n<p>Ciudad de M\u00e9xico 10 de octubre del 2023.-El dirigente nacional de Morena, Mario Delgado Carrillo, inform\u00f3 que este viernes 13 de octubre se dar\u00e1 a conocer los nombres de las y los aspirantes a las ocho gubernaturas y la jefa de Gobierno de la Ciudad de M\u00e9xico.<\/p>\n\n\n\n<p>El presidente de Morena, en conferencia de prensa, aclar\u00f3 que estas listas incluir\u00e1n las valoraciones de los consejos estatales, as\u00ed como de la Comisi\u00f3n de Elecciones.<\/p>\n\n\n\n<p>Asimismo, que los consejos estatales sesionaron para recomendar cuatro perfiles que deben ir a la encuesta: dos hombres y dos mujeres. Adem\u00e1s, se realizaron encuestas de reconocimiento de todos los aspirantes registrados.<\/p>\n\n\n\n<p>Y apunt\u00f3 que &#8216;Hay quienes entienden el proceso y hay quienes les gana el enojo. Si no saliste seleccionado en el consejo, no importa. Porque si tienes un trabajo con la gente y sales bien posicionado en la encuesta de reconocimiento, pues vas a estar incluido en la encuesta final&#8217;.<\/p>\n\n\n\n<p>&#8216;Es un desprop\u00f3sito que compa\u00f1eros descalifiquen la decisi\u00f3n que toman los consejos, porque son los representantes de la militancia. Y estamos seguros de que nuestros consejeros han actuado con honestidad&#8217;, afirm\u00f3 el l\u00edder morenista.<\/p>\n\n\n\n<p>Espec\u00edfico que este jueves se reunir\u00e1n con los aspirantes de las nueve entidades para darles a conocer los resultados de las encuestas de reconocimiento, que se tomar\u00e1n en cuenta para su inclusi\u00f3n en la lista final.<\/p>\n\n\n\n<p>Adem\u00e1s, dijo que se considerar\u00e1 la inclusi\u00f3n de perfiles externos a Morena que sean competitivos. Y detall\u00f3 que la Comisi\u00f3n de Elecciones sesionar\u00e1 el viernes y publicar\u00e1 los nombres de los perfiles que ir\u00e1n a la encuesta final.<\/p>\n\n\n\n<p>Y hasta el pr\u00f3ximo lunes sostendr\u00e1n una reuni\u00f3n con los perfiles seleccionados para explicarles c\u00f3mo se llevar\u00e1n a cabo las encuestas, las preguntas y la ponderaci\u00f3n y que se comprometan con el criterio de equidad.<\/p>\n\n\n\n<p>Por \u00faltimo, Delgado Carrillo recalc\u00f3 sobre el tema de la paridad, dijo que van a garantizar que m\u00ednimo 4 mujeres sean seleccionadas como candidatas. En caso de que sean m\u00e1s hombres los que ganen las encuestas, se buscar\u00e1 privilegiar a las mujeres m\u00e1s competitivas.(Fuente:El Universal\/Foto:Twiter-MarioDelgado\/Xeva)<\/p>\n","protected":false},"excerpt":{"rendered":"<p>(Redacci\u00f3n) Espec\u00edfico que este jueves se reunir\u00e1n con los aspirantes de las nueve entidades para darles a conocer los resultados de las encuestas de reconocimiento, que se tomar\u00e1n en cuenta para su inclusi\u00f3n en la lista final Ciudad de M\u00e9xico 10 de octubre del 2023.-El dirigente nacional de Morena, Mario Delgado Carrillo, inform\u00f3 que este [&hellip;]<\/p>\n","protected":false},"author":1,"featured_media":232310,"comment_status":"open","ping_status":"open","sticky":false,"template":"","format":"standard","meta":{"footnotes":""},"categories":[8],"tags":[],"class_list":["post-232309","post","type-post","status-publish","format-standard","has-post-thumbnail","hentry","category-pais","entry","has-media"],"jetpack_featured_media_url":"http:\/\/vertienteglobal.com\/wp-content\/uploads\/2023\/10\/217153.jpg","_links":{"self":[{"href":"http:\/\/vertienteglobal.com\/index.php?rest_route=\/wp\/v2\/posts\/232309","targetHints":{"allow":["GET"]}}],"collection":[{"href":"http:\/\/vertienteglobal.com\/index.php?rest_route=\/wp\/v2\/posts"}],"about":[{"href":"http:\/\/vertienteglobal.com\/index.php?rest_route=\/wp\/v2\/types\/post"}],"author":[{"embeddable":true,"href":"http:\/\/vertienteglobal.com\/index.php?rest_route=\/wp\/v2\/users\/1"}],"replies":[{"embeddable":true,"href":"http:\/\/vertienteglobal.com\/index.php?rest_route=%2Fwp%2Fv2%2Fcomments&post=232309"}],"version-history":[{"count":0,"href":"http:\/\/vertienteglobal.com\/index.php?rest_route=\/wp\/v2\/posts\/232309\/revisions"}],"wp:featuredmedia":[{"embeddable":true,"href":"http:\/\/vertienteglobal.com\/index.php?rest_route=\/wp\/v2\/media\/232310"}],"wp:attachment":[{"href":"http:\/\/vertienteglobal.com\/index.php?rest_route=%2Fwp%2Fv2%2Fmedia&parent=232309"}],"wp:term":[{"taxonomy":"category","embeddable":true,"href":"http:\/\/vertienteglobal.com\/index.php?rest_route=%2Fwp%2Fv2%2Fcategories&post=232309"},{"taxonomy":"post_tag","embeddable":true,"href":"http:\/\/vertienteglobal.com\/index.php?rest_route=%2Fwp%2Fv2%2Ftags&post=232309"}],"curies":[{"name":"wp","href":"https:\/\/api.w.org\/{rel}","templated":true}]}}