{"id":232292,"date":"2023-10-09T13:52:00","date_gmt":"2023-10-09T18:52:00","guid":{"rendered":"http:\/\/vertienteglobal.com\/?p=232292"},"modified":"2023-10-10T15:07:52","modified_gmt":"2023-10-10T20:07:52","slug":"recibiremos-a-la-doctora-claudia-en-unidad-para-consolidar-la-ruta-transformadora-anahi-gonzalez","status":"publish","type":"post","link":"http:\/\/vertienteglobal.com\/?p=232292","title":{"rendered":"Recibiremos a la Doctora Claudia en unidad para consolidar la ruta transformadora: Anah\u00ed Gonz\u00e1lez"},"content":{"rendered":"\n<div class=\"twitterbutton\" style=\"float: right; padding-left: 5px;\"><a href=\"http:\/\/twitter.com\/share\" class=\"twitter-share-button\" data-count=\"horizontal\" data-text=\"Recibiremos a la Doctora Claudia en unidad para consolidar la ruta transformador...\" data-via=\"https:\/\/twitter.com\/VertienteGloba1\" data-url=\"http:\/\/vertienteglobal.com\/?p=232292\" data-lang=\"es\" data-related=\"Informaci\u00f3n general:S\u00edguenos para que est\u00e9ss informado\"><\/a><\/div>\n<figure class=\"wp-block-image size-full\"><img loading=\"lazy\" decoding=\"async\" width=\"720\" height=\"481\" src=\"http:\/\/vertienteglobal.com\/wp-content\/uploads\/2023\/10\/FB_IMG_1696968311374.jpg\" alt=\"\" class=\"wp-image-232293\" srcset=\"http:\/\/vertienteglobal.com\/wp-content\/uploads\/2023\/10\/FB_IMG_1696968311374.jpg 720w, http:\/\/vertienteglobal.com\/wp-content\/uploads\/2023\/10\/FB_IMG_1696968311374-300x200.jpg 300w, http:\/\/vertienteglobal.com\/wp-content\/uploads\/2023\/10\/FB_IMG_1696968311374-150x100.jpg 150w\" sizes=\"auto, (max-width: 720px) 100vw, 720px\" \/><\/figure>\n\n\n\n<p>(Redacci\u00f3n)<\/p>\n\n\n\n<p>La Coordinadora de la Red de la Doctora Claudia en Quintana Roo destac\u00f3 que la Cuarta Transformaci\u00f3n es un proyecto de vida en el que confiamos todas y todos<\/p>\n\n\n\n<p>En compa\u00f1\u00eda de los representantes de los partidos que respaldan los trabajos de Defensa de la Transformaci\u00f3n, la Diputada federal anunci\u00f3 la visita de Sheinbaum el pr\u00f3ximo jueves 12<\/p>\n\n\n\n<p>Playa del Carmen, Solidaridad Quintana Roo, 09 de octubre de 2023.- Gracias al pueblo de M\u00e9xico una gran mujer como la Doctora Claudia Sheinbaum dirigir\u00e1 los trabajos de continuidad de la Cuarta Transformaci\u00f3n, \u201cpor eso hoy entramos a una nueva etapa en la que pasamos de forma institucional y estrat\u00e9gica como partido pol\u00edtico a respaldar ese trabajo para privilegiar la continuidad este 2024\u201d.<\/p>\n\n\n\n<p>As\u00ed lo se\u00f1al\u00f3 la diputada federal Anah\u00ed Gonz\u00e1lez, al anunciar junto a los dirigentes estatales de MORENA y referentes de ese instituto pol\u00edtico la pr\u00f3xima visita de Claudia Sheinbaum el jueves 12 de octubre, a las 3 de la tarde, en la Unidad deportiva Luis Doblando Colosio en la avenida 30.<\/p>\n\n\n\n<p>En rueda de prensa, la Coordinadora de la Red de la Doctora Claudia en Quintana Roo resalt\u00f3 que la ruta transformadora est\u00e1 conformada tambi\u00e9n por simpatizantes de la coalici\u00f3n, asociaciones civiles, empresarios y ciudadanos que a lo mejor no simpatizaban con ning\u00fan partido pol\u00edtico pero que ya decidieron unirse a este gran camino.<\/p>\n\n\n\n<p>\u201cEs un proyecto de vida en el que confiamos todas y todos, ya no solo los Claudistas porque hoy por hoy vamos en unidad con el Comit\u00e9 Estatal de MORENA y partidos aliados, juntos compartimos el proyecto mediante la fuerza pol\u00edtica m\u00e1s importante de Latinoam\u00e9rica, que gobierna 23 estados y cuenta con m\u00e1s afiliados en nuestro pa\u00eds\u201d, subray\u00f3 la legisladora quintanarroense originaria de Canc\u00fan.<\/p>\n\n\n\n<figure class=\"wp-block-image size-full\"><img loading=\"lazy\" decoding=\"async\" width=\"720\" height=\"540\" src=\"http:\/\/vertienteglobal.com\/wp-content\/uploads\/2023\/10\/FB_IMG_1696968314283.jpg\" alt=\"\" class=\"wp-image-232294\" srcset=\"http:\/\/vertienteglobal.com\/wp-content\/uploads\/2023\/10\/FB_IMG_1696968314283.jpg 720w, http:\/\/vertienteglobal.com\/wp-content\/uploads\/2023\/10\/FB_IMG_1696968314283-300x225.jpg 300w, http:\/\/vertienteglobal.com\/wp-content\/uploads\/2023\/10\/FB_IMG_1696968314283-150x113.jpg 150w\" sizes=\"auto, (max-width: 720px) 100vw, 720px\" \/><\/figure>\n","protected":false},"excerpt":{"rendered":"<p>(Redacci\u00f3n) La Coordinadora de la Red de la Doctora Claudia en Quintana Roo destac\u00f3 que la Cuarta Transformaci\u00f3n es un proyecto de vida en el que confiamos todas y todos En compa\u00f1\u00eda de los representantes de los partidos que respaldan los trabajos de Defensa de la Transformaci\u00f3n, la Diputada federal anunci\u00f3 la visita de Sheinbaum [&hellip;]<\/p>\n","protected":false},"author":1,"featured_media":232293,"comment_status":"open","ping_status":"open","sticky":false,"template":"","format":"standard","meta":{"footnotes":""},"categories":[3],"tags":[],"class_list":["post-232292","post","type-post","status-publish","format-standard","has-post-thumbnail","hentry","category-quintana-roo","entry","has-media"],"jetpack_featured_media_url":"http:\/\/vertienteglobal.com\/wp-content\/uploads\/2023\/10\/FB_IMG_1696968311374.jpg","_links":{"self":[{"href":"http:\/\/vertienteglobal.com\/index.php?rest_route=\/wp\/v2\/posts\/232292","targetHints":{"allow":["GET"]}}],"collection":[{"href":"http:\/\/vertienteglobal.com\/index.php?rest_route=\/wp\/v2\/posts"}],"about":[{"href":"http:\/\/vertienteglobal.com\/index.php?rest_route=\/wp\/v2\/types\/post"}],"author":[{"embeddable":true,"href":"http:\/\/vertienteglobal.com\/index.php?rest_route=\/wp\/v2\/users\/1"}],"replies":[{"embeddable":true,"href":"http:\/\/vertienteglobal.com\/index.php?rest_route=%2Fwp%2Fv2%2Fcomments&post=232292"}],"version-history":[{"count":0,"href":"http:\/\/vertienteglobal.com\/index.php?rest_route=\/wp\/v2\/posts\/232292\/revisions"}],"wp:featuredmedia":[{"embeddable":true,"href":"http:\/\/vertienteglobal.com\/index.php?rest_route=\/wp\/v2\/media\/232293"}],"wp:attachment":[{"href":"http:\/\/vertienteglobal.com\/index.php?rest_route=%2Fwp%2Fv2%2Fmedia&parent=232292"}],"wp:term":[{"taxonomy":"category","embeddable":true,"href":"http:\/\/vertienteglobal.com\/index.php?rest_route=%2Fwp%2Fv2%2Fcategories&post=232292"},{"taxonomy":"post_tag","embeddable":true,"href":"http:\/\/vertienteglobal.com\/index.php?rest_route=%2Fwp%2Fv2%2Ftags&post=232292"}],"curies":[{"name":"wp","href":"https:\/\/api.w.org\/{rel}","templated":true}]}}