{"id":232241,"date":"2023-10-10T09:53:00","date_gmt":"2023-10-10T14:53:00","guid":{"rendered":"http:\/\/vertienteglobal.com\/?p=232241"},"modified":"2023-10-10T11:48:43","modified_gmt":"2023-10-10T16:48:43","slug":"balancan-requiere-una-sociedad-civil-organizada-sanchez-de-la-o","status":"publish","type":"post","link":"http:\/\/vertienteglobal.com\/?p=232241","title":{"rendered":"Balanc\u00e1n requiere una sociedad civil organizada: S\u00e1nchez de la O"},"content":{"rendered":"\n<div class=\"twitterbutton\" style=\"float: right; padding-left: 5px;\"><a href=\"http:\/\/twitter.com\/share\" class=\"twitter-share-button\" data-count=\"horizontal\" data-text=\"Balanc\u00e1n requiere una sociedad civil organizada: S\u00e1nchez de la O\" data-via=\"https:\/\/twitter.com\/VertienteGloba1\" data-url=\"http:\/\/vertienteglobal.com\/?p=232241\" data-lang=\"es\" data-related=\"Informaci\u00f3n general:S\u00edguenos para que est\u00e9ss informado\"><\/a><\/div>\n<figure class=\"wp-block-image size-full\"><img loading=\"lazy\" decoding=\"async\" width=\"720\" height=\"523\" src=\"http:\/\/vertienteglobal.com\/wp-content\/uploads\/2023\/10\/FB_IMG_1696956379265.jpg\" alt=\"\" class=\"wp-image-232242\" srcset=\"http:\/\/vertienteglobal.com\/wp-content\/uploads\/2023\/10\/FB_IMG_1696956379265.jpg 720w, http:\/\/vertienteglobal.com\/wp-content\/uploads\/2023\/10\/FB_IMG_1696956379265-300x218.jpg 300w, http:\/\/vertienteglobal.com\/wp-content\/uploads\/2023\/10\/FB_IMG_1696956379265-150x109.jpg 150w\" sizes=\"auto, (max-width: 720px) 100vw, 720px\" \/><\/figure>\n\n\n\n<p>(Por Ra\u00fal Medina)<\/p>\n\n\n\n<p>Debemos buscar un gobierno que impulse la superaci\u00f3n de rezagos, observa el l\u00edder de la A. C. Productores Unidos por el Bienestar<\/p>\n\n\n\n<p>Balanc\u00e1n, Tabasco, 10 de octubre del 2023.- Durante toda su lucha por un mejor pa\u00eds y su proyecto de Naci\u00f3n a favor de los m\u00e1s necesitados, el presidente Andr\u00e9s Manuel L\u00f3pez Obrador ha dejado claro que lo m\u00e1s valioso, es el trabajo organizado de la sociedad civil, la rectitud y humildad para con nuestros conciudadanos.<\/p>\n\n\n\n<p>As\u00ed lo ha entendido la Asociaci\u00f3n Civil Productores Unidos por el Bienestar de los Municipios Zona R\u00edos, que desde Balanc\u00e1n encabeza Jos\u00e9 Manuel S\u00e1nchez de la O, y que durante los \u00faltimos seis a\u00f1os se ha dedicado a escuchar, atender y dar soluci\u00f3n -en la medida de sus posibilidades- a los balancanenses.<\/p>\n\n\n\n<p>Al respecto, S\u00e1nchez de la O, ha recalcado que la participaci\u00f3n social e inclusi\u00f3n son claves para superar los rezagos y necesidades de la poblaci\u00f3n, por lo cual respaldan decididamente los principios del Movimiento de Regeneraci\u00f3n Nacional (Morena), as\u00ed como de su coordinadora nacional para asegurar la continuidad de este proyecto, Claudia Sheimbaun Pardo.<\/p>\n\n\n\n<p>Sin necesidad de cargos o recursos p\u00fablicos, nuestra A. C. ha venido abriendo brecha, fortaleciendo la conciencia social de ayudarnos los unos a los otros, haciendo un trabajo perseverante y a ras de tierra en los rubros de apoyo al deporte, a la salud, en materia alimenticia y a favor de los m\u00e1s necesitados para que superen su situaci\u00f3n de pobreza, expuso.<\/p>\n\n\n\n<p>De acuerdo a lo manifestado por Jos\u00e9 Manuel S\u00e1nchez, la Asociaci\u00f3n que preside promueve el bienestar de los habitantes de Balanc\u00e1n y zonas aleda\u00f1as, sin simulaci\u00f3n, con la visi\u00f3n de erradicar aquellas conductas que son m\u00e1s de lo mismo, que dicen trabajar a favor de sus conciudadanos, pero s\u00f3lo buscan obtener beneficios personales o de grupo.<\/p>\n\n\n\n<figure class=\"wp-block-image size-full\"><img loading=\"lazy\" decoding=\"async\" width=\"720\" height=\"399\" src=\"http:\/\/vertienteglobal.com\/wp-content\/uploads\/2023\/10\/FB_IMG_1696956386980.jpg\" alt=\"\" class=\"wp-image-232243\" srcset=\"http:\/\/vertienteglobal.com\/wp-content\/uploads\/2023\/10\/FB_IMG_1696956386980.jpg 720w, http:\/\/vertienteglobal.com\/wp-content\/uploads\/2023\/10\/FB_IMG_1696956386980-300x166.jpg 300w, http:\/\/vertienteglobal.com\/wp-content\/uploads\/2023\/10\/FB_IMG_1696956386980-150x83.jpg 150w\" sizes=\"auto, (max-width: 720px) 100vw, 720px\" \/><\/figure>\n\n\n\n<figure class=\"wp-block-image size-full\"><img loading=\"lazy\" decoding=\"async\" width=\"720\" height=\"674\" src=\"http:\/\/vertienteglobal.com\/wp-content\/uploads\/2023\/10\/FB_IMG_1696956384387.jpg\" alt=\"\" class=\"wp-image-232244\" srcset=\"http:\/\/vertienteglobal.com\/wp-content\/uploads\/2023\/10\/FB_IMG_1696956384387.jpg 720w, http:\/\/vertienteglobal.com\/wp-content\/uploads\/2023\/10\/FB_IMG_1696956384387-300x281.jpg 300w, http:\/\/vertienteglobal.com\/wp-content\/uploads\/2023\/10\/FB_IMG_1696956384387-150x140.jpg 150w\" sizes=\"auto, (max-width: 720px) 100vw, 720px\" \/><\/figure>\n\n\n\n<figure class=\"wp-block-image size-full\"><img loading=\"lazy\" decoding=\"async\" width=\"720\" height=\"715\" src=\"http:\/\/vertienteglobal.com\/wp-content\/uploads\/2023\/10\/FB_IMG_1696956381968.jpg\" alt=\"\" class=\"wp-image-232245\" srcset=\"http:\/\/vertienteglobal.com\/wp-content\/uploads\/2023\/10\/FB_IMG_1696956381968.jpg 720w, http:\/\/vertienteglobal.com\/wp-content\/uploads\/2023\/10\/FB_IMG_1696956381968-300x298.jpg 300w, http:\/\/vertienteglobal.com\/wp-content\/uploads\/2023\/10\/FB_IMG_1696956381968-150x150.jpg 150w\" sizes=\"auto, (max-width: 720px) 100vw, 720px\" \/><\/figure>\n","protected":false},"excerpt":{"rendered":"<p>(Por Ra\u00fal Medina) Debemos buscar un gobierno que impulse la superaci\u00f3n de rezagos, observa el l\u00edder de la A. C. Productores Unidos por el Bienestar Balanc\u00e1n, Tabasco, 10 de octubre del 2023.- Durante toda su lucha por un mejor pa\u00eds y su proyecto de Naci\u00f3n a favor de los m\u00e1s necesitados, el presidente Andr\u00e9s Manuel [&hellip;]<\/p>\n","protected":false},"author":1,"featured_media":232242,"comment_status":"open","ping_status":"open","sticky":false,"template":"","format":"standard","meta":{"footnotes":""},"categories":[5],"tags":[],"class_list":["post-232241","post","type-post","status-publish","format-standard","has-post-thumbnail","hentry","category-tabasco","entry","has-media"],"jetpack_featured_media_url":"http:\/\/vertienteglobal.com\/wp-content\/uploads\/2023\/10\/FB_IMG_1696956379265.jpg","_links":{"self":[{"href":"http:\/\/vertienteglobal.com\/index.php?rest_route=\/wp\/v2\/posts\/232241","targetHints":{"allow":["GET"]}}],"collection":[{"href":"http:\/\/vertienteglobal.com\/index.php?rest_route=\/wp\/v2\/posts"}],"about":[{"href":"http:\/\/vertienteglobal.com\/index.php?rest_route=\/wp\/v2\/types\/post"}],"author":[{"embeddable":true,"href":"http:\/\/vertienteglobal.com\/index.php?rest_route=\/wp\/v2\/users\/1"}],"replies":[{"embeddable":true,"href":"http:\/\/vertienteglobal.com\/index.php?rest_route=%2Fwp%2Fv2%2Fcomments&post=232241"}],"version-history":[{"count":0,"href":"http:\/\/vertienteglobal.com\/index.php?rest_route=\/wp\/v2\/posts\/232241\/revisions"}],"wp:featuredmedia":[{"embeddable":true,"href":"http:\/\/vertienteglobal.com\/index.php?rest_route=\/wp\/v2\/media\/232242"}],"wp:attachment":[{"href":"http:\/\/vertienteglobal.com\/index.php?rest_route=%2Fwp%2Fv2%2Fmedia&parent=232241"}],"wp:term":[{"taxonomy":"category","embeddable":true,"href":"http:\/\/vertienteglobal.com\/index.php?rest_route=%2Fwp%2Fv2%2Fcategories&post=232241"},{"taxonomy":"post_tag","embeddable":true,"href":"http:\/\/vertienteglobal.com\/index.php?rest_route=%2Fwp%2Fv2%2Ftags&post=232241"}],"curies":[{"name":"wp","href":"https:\/\/api.w.org\/{rel}","templated":true}]}}