{"id":232190,"date":"2023-10-08T21:52:00","date_gmt":"2023-10-09T02:52:00","guid":{"rendered":"http:\/\/vertienteglobal.com\/?p=232190"},"modified":"2023-10-09T10:15:31","modified_gmt":"2023-10-09T15:15:31","slug":"los-empresarios-tambien-saben-que-lo-mejor-que-le-puede-pasar-al-pais-es-que-siga-un-gobierno-en-donde-no-haya-corrupcion-claudia-sheinbaum-continua-sumando-liderazgos-a-favor-de-la-4t-en-man","status":"publish","type":"post","link":"http:\/\/vertienteglobal.com\/?p=232190","title":{"rendered":"\u00bbLos empresarios tambi\u00e9n saben que lo mejor que le puede pasar al pa\u00eds es que siga un Gobierno en donde no haya corrupci\u00f3n\u00bb: Claudia Sheinbaum contin\u00faa sumando liderazgos a favor de la 4T en Manzanillo, Colima"},"content":{"rendered":"\n<div class=\"twitterbutton\" style=\"float: right; padding-left: 5px;\"><a href=\"http:\/\/twitter.com\/share\" class=\"twitter-share-button\" data-count=\"horizontal\" data-text=\"\u00bbLos empresarios tambi\u00e9n saben que lo mejor que le puede pasar al pa\u00eds es que...\" data-via=\"https:\/\/twitter.com\/VertienteGloba1\" data-url=\"http:\/\/vertienteglobal.com\/?p=232190\" data-lang=\"es\" data-related=\"Informaci\u00f3n general:S\u00edguenos para que est\u00e9ss informado\"><\/a><\/div>\n<figure class=\"wp-block-image size-full\"><img loading=\"lazy\" decoding=\"async\" width=\"512\" height=\"279\" src=\"http:\/\/vertienteglobal.com\/wp-content\/uploads\/2023\/10\/hl-11807669265.jpeg\" alt=\"\" class=\"wp-image-232191\" srcset=\"http:\/\/vertienteglobal.com\/wp-content\/uploads\/2023\/10\/hl-11807669265.jpeg 512w, http:\/\/vertienteglobal.com\/wp-content\/uploads\/2023\/10\/hl-11807669265-300x163.jpeg 300w, http:\/\/vertienteglobal.com\/wp-content\/uploads\/2023\/10\/hl-11807669265-150x82.jpeg 150w\" sizes=\"auto, (max-width: 512px) 100vw, 512px\" \/><\/figure>\n\n\n\n<p>(Redacci\u00f3n)<\/p>\n\n\n\n<p>\u00bbYo s\u00e9 que no estoy sola en esta tarea, que est\u00e1 el pueblo de Colima con la Transformaci\u00f3n\u00bb, celebr\u00f3<br>El Acuerdo de Unidad para la Transformaci\u00f3n fue firmado por m\u00e1s de 50 personalidades de Colima y de liderazgos nacionales como el diputado y deportista ol\u00edmpico Rommel Pacheco<\/p>\n\n\n\n<p>Manzanillo, Colima, a 8 de octubre de 2023.- \u00bbMuchos empresarios del pa\u00eds, much\u00edsimos est\u00e1n firmando con nosotros el Acuerdo de Unidad para la Transformaci\u00f3n, porque los empresarios tambi\u00e9n saben que lo mejor que le puede pasar al pa\u00eds es que siga un Gobierno en donde no haya corrupci\u00f3n y que sigan los gobiernos que apoyen a los que menos tienen en nuestro pa\u00eds, y que sigan los gobiernos que peleen por los trabajadores, que siga subiendo el salario m\u00ednimo\u00bb, destac\u00f3 Claudia Sheinbaum Pardo como una de las principales razones por las cuales es vital que el movimiento de la 4T contin\u00fae fortaleci\u00e9ndose.<\/p>\n\n\n\n<p>Durante la firma del Acuerdo de Unidad para la Transformaci\u00f3n, la Coordinadora de Defensa de la 4T puntualiz\u00f3 que la construcci\u00f3n del segundo piso del movimiento comenzado por Andr\u00e9s Manuel L\u00f3pez Obrador, no solo significa garantizar que contin\u00faen obras de infraestructura hist\u00f3ricas como el Tren Maya o la implementaci\u00f3n de programas sociales en beneficio del pueblo de M\u00e9xico, sino que adem\u00e1s implica seguir construyendo un mejor futuro para las pr\u00f3ximas generaciones.<\/p>\n\n\n\n<p>\u00bbCada uno de los que estamos aqu\u00ed, sabemos que lo mejor que le podemos decir a nuestros hijos, a nuestros nietos, es que fuimos protagonistas de esta historia\u00bb, celebr\u00f3 mientras militantes y simpatizantes de Colima mostraron su apoyo al grito de \u00a1No est\u00e1s sola! En su mensaje, Claudia Sheinbaum asever\u00f3 que, la mejor defensa de lo que ha logrado el Presidente L\u00f3pez Obrador y de todo lo que va a venir, tiene que ver con la organizaci\u00f3n de nuestro movimiento y del pueblo de M\u00e9xico\u00bb, lo cual puntualiz\u00f3 es vital para evitar que los gobiernos de la oposici\u00f3n regresen.<\/p>\n\n\n\n<p>\u00bbLa oposici\u00f3n se est\u00e1 quedando cada vez m\u00e1s chiquita, porque del otro lado lo que quieren es regresar al pasado, al pasado de privilegios, al pasado de corrupci\u00f3n y aqu\u00ed en nuestro proyecto, lo que queremos es seguir con el beneficio del pueblo de M\u00e9xico, que M\u00e9xico siga siendo un pa\u00eds que brille en el mundo\u00bb, a\u00f1adi\u00f3. Previo a la firma del Acuerdo de Unidad, el presidente nacional de Morena, Mario Delgado, le dio la bienvenida al movimiento de Transformaci\u00f3n a Rommel Pacheco, diputado y medallista ol\u00edmpico, pues destac\u00f3 que en la pol\u00edtica no hay nada mejor que ser fiel a los principios y valores personales.<\/p>\n\n\n\n<p>\u00bbNo hay mayor satisfacci\u00f3n que alinear lo que uno piensa, sus ideas, con lo que uno siente, sus sentimientos, con lo que uno hace, esa es la mayor satisfacci\u00f3n que vas a tener en pol\u00edtica y eso solo se logra en Morena\u00bb, coment\u00f3. El Acuerdo fue firmado por Rommel Pacheco, clavadista ol\u00edmpico y pol\u00edtico mexicano; Francisco Medina Solana, presidente CANIRAC Colima; Liliana Arreola Ocha, presidenta estatal del partido Nueva Alianza; Alejandro Meill\u00f3n, empresario; Carlos Alberto Carrasco, presidente estatal del PES; Claudia Mac\u00edas Hermosillo, seleccionada nacional de Handball y Jaime Haces Pacheco, dirigente Fuerza por M\u00e9xico en Colima.<\/p>\n\n\n\n<p>Tambi\u00e9n se sumaron, Catalina Su\u00e1rez D\u00e1vila, rectora de la Universidad Intercultural de Colima; Vanessa Virgen, campeona nacional e internacional en voleibol de playa; Cuauht\u00e9moc Ram\u00edrez Zamora, investigador del Centro de Estudios de la Cuenca del Pac\u00edfico; Nolasco G\u00f3mez, presidente de la Uni\u00f3n de Transportistas de Manzanillo; Priscila Garc\u00eda Delgado, diputada local; Ana Luz Quintana Montoya, premio nacional de Energ\u00eda 2006; Ricardo Antonio Navarro, bi\u00f3logo e investigador de la Universidad de Colima; Francisco Hueso Alcaraz, presidente del Consejo Estatal Agropecuario; Gloria Figueroa Mart\u00ednez, subdirectora de Captaci\u00f3n de Banca Afirme; Julio Lugo Barriga, presidente de CMIC Colima.<\/p>\n\n\n\n<p>De igual forma, Jos\u00e9 Luis Hurtado Anguiano, presidente de la C\u00e1mara de Comercio Colima; Lupita Ruano, regidora de MC en Manzanillo; Leoncio Alfonso Mor\u00e1n S\u00e1nchez, dirigente del MC en Colima; Nico Mej\u00eda embajador de la Comida de Colima; David Ortega Quintero, secretario general de la CROC; Gustavo Larios, secretario general de la CROM; Guillermo Woodward, empresario aduanero de Manzanillo; Ra\u00fal Sandoval, empresario; Agust\u00edn Morales Mej\u00eda, ex alcalde de Comala; Oliver Mendoza Cano, investigador SNI; Ricardo Antonio Navarro,investigador SNI; V\u00edctor Manuel Reyna, dirigente de la Uni\u00f3n Nacional de Trabajadores Agr\u00edcolas en Colima; Carlos Alfaro Montes, presidente estatal de Vida Independiente; Ram\u00f3n Figueroa Fojardo, coordinador estatal de la Red Magisterial Ciudadana; Elvira Valencia Puga, presidenta de la Asociaci\u00f3n Manzillence; Armando Torres Barrag\u00e1n, presidente del Consejo Estatal del Mango; Jos\u00e9 Manuel Rodr\u00edguez Hern\u00e1ndez, coordinador estatal de Maestros por M\u00e9xico; Rub\u00e9n Cabrera Silva, presidente del Consejo Estatal de Plantas de Ornato.<\/p>\n\n\n\n<p>Finalmente, Cristian Joaqu\u00edn S\u00e1nchez Cosio, dirigente del Movimiento Nacional por la Transformaci\u00f3n Sindical; Osvaldo Ugarte Vizcaino, presidente de Productores Unidos por Colima; Francisco Javier Guardado, presidente de la Uni\u00f3n Local de Productores de Az\u00facar; Jorge Antonio Salazar Barrag\u00e1n, presidente de la Uni\u00f3n Local Ganadera; Miguel Cavazos Ceballos, presidente del Consejo Estatal del Coco; Jer\u00f3nimo C\u00e1rdenas Ochoa, representante del Consejo Estatal del Coco; Miguel \u00c1ngel Duarte, presidente de la Asociaci\u00f3n Ganadera de Manzanillo; Jes\u00fas Armando Vel\u00e1zquez Morales, delegado especial del (S.N.T.M.M.S.S.R.M.); Juan Jos\u00e9 Delgado, empresario salinero; Victoria L\u00f3pez Mac\u00edas, presidenta de AIVEC; Rodrigo Vera Mendoza, secretario general del Sindicato de Transportistas de Colima; Ignacio Vega \u00c1valos, presidente de la Asociaci\u00f3n de Productores de Sal Independientes; Javier Pe\u00f1a Gonz\u00e1lez, l\u00edder de pescadores de desembarque a Playita, Manzanillo; Francisco Mart\u00edn C\u00e1rdenas Medina, enlace de Morena Diversidad Sexual en Manzanillo; Sharon Monserrat D\u00edaz Garc\u00eda, activista por el derecho de personas sordas; y Ang\u00e9lica Verduzco Silva, presidenta estatal de Presidentas MX en Colima.<\/p>\n\n\n\n<figure class=\"wp-block-image size-full\"><img loading=\"lazy\" decoding=\"async\" width=\"512\" height=\"306\" src=\"http:\/\/vertienteglobal.com\/wp-content\/uploads\/2023\/10\/hl-11807669267.jpeg\" alt=\"\" class=\"wp-image-232192\" srcset=\"http:\/\/vertienteglobal.com\/wp-content\/uploads\/2023\/10\/hl-11807669267.jpeg 512w, http:\/\/vertienteglobal.com\/wp-content\/uploads\/2023\/10\/hl-11807669267-300x179.jpeg 300w, http:\/\/vertienteglobal.com\/wp-content\/uploads\/2023\/10\/hl-11807669267-150x90.jpeg 150w\" sizes=\"auto, (max-width: 512px) 100vw, 512px\" \/><\/figure>\n\n\n\n<figure class=\"wp-block-image size-full\"><img loading=\"lazy\" decoding=\"async\" width=\"512\" height=\"341\" src=\"http:\/\/vertienteglobal.com\/wp-content\/uploads\/2023\/10\/hl-11807669264.jpeg\" alt=\"\" class=\"wp-image-232193\" srcset=\"http:\/\/vertienteglobal.com\/wp-content\/uploads\/2023\/10\/hl-11807669264.jpeg 512w, http:\/\/vertienteglobal.com\/wp-content\/uploads\/2023\/10\/hl-11807669264-300x200.jpeg 300w, http:\/\/vertienteglobal.com\/wp-content\/uploads\/2023\/10\/hl-11807669264-150x100.jpeg 150w\" sizes=\"auto, (max-width: 512px) 100vw, 512px\" \/><\/figure>\n\n\n\n<figure class=\"wp-block-image size-full\"><img loading=\"lazy\" decoding=\"async\" width=\"512\" height=\"341\" src=\"http:\/\/vertienteglobal.com\/wp-content\/uploads\/2023\/10\/hl-11807669266.jpeg\" alt=\"\" class=\"wp-image-232194\" srcset=\"http:\/\/vertienteglobal.com\/wp-content\/uploads\/2023\/10\/hl-11807669266.jpeg 512w, http:\/\/vertienteglobal.com\/wp-content\/uploads\/2023\/10\/hl-11807669266-300x200.jpeg 300w, http:\/\/vertienteglobal.com\/wp-content\/uploads\/2023\/10\/hl-11807669266-150x100.jpeg 150w\" sizes=\"auto, (max-width: 512px) 100vw, 512px\" \/><\/figure>\n","protected":false},"excerpt":{"rendered":"<p>(Redacci\u00f3n) \u00bbYo s\u00e9 que no estoy sola en esta tarea, que est\u00e1 el pueblo de Colima con la Transformaci\u00f3n\u00bb, celebr\u00f3El Acuerdo de Unidad para la Transformaci\u00f3n fue firmado por m\u00e1s de 50 personalidades de Colima y de liderazgos nacionales como el diputado y deportista ol\u00edmpico Rommel Pacheco Manzanillo, Colima, a 8 de octubre de 2023.- [&hellip;]<\/p>\n","protected":false},"author":1,"featured_media":232191,"comment_status":"open","ping_status":"open","sticky":false,"template":"","format":"standard","meta":{"footnotes":""},"categories":[8],"tags":[],"class_list":["post-232190","post","type-post","status-publish","format-standard","has-post-thumbnail","hentry","category-pais","entry","has-media"],"jetpack_featured_media_url":"http:\/\/vertienteglobal.com\/wp-content\/uploads\/2023\/10\/hl-11807669265.jpeg","_links":{"self":[{"href":"http:\/\/vertienteglobal.com\/index.php?rest_route=\/wp\/v2\/posts\/232190","targetHints":{"allow":["GET"]}}],"collection":[{"href":"http:\/\/vertienteglobal.com\/index.php?rest_route=\/wp\/v2\/posts"}],"about":[{"href":"http:\/\/vertienteglobal.com\/index.php?rest_route=\/wp\/v2\/types\/post"}],"author":[{"embeddable":true,"href":"http:\/\/vertienteglobal.com\/index.php?rest_route=\/wp\/v2\/users\/1"}],"replies":[{"embeddable":true,"href":"http:\/\/vertienteglobal.com\/index.php?rest_route=%2Fwp%2Fv2%2Fcomments&post=232190"}],"version-history":[{"count":0,"href":"http:\/\/vertienteglobal.com\/index.php?rest_route=\/wp\/v2\/posts\/232190\/revisions"}],"wp:featuredmedia":[{"embeddable":true,"href":"http:\/\/vertienteglobal.com\/index.php?rest_route=\/wp\/v2\/media\/232191"}],"wp:attachment":[{"href":"http:\/\/vertienteglobal.com\/index.php?rest_route=%2Fwp%2Fv2%2Fmedia&parent=232190"}],"wp:term":[{"taxonomy":"category","embeddable":true,"href":"http:\/\/vertienteglobal.com\/index.php?rest_route=%2Fwp%2Fv2%2Fcategories&post=232190"},{"taxonomy":"post_tag","embeddable":true,"href":"http:\/\/vertienteglobal.com\/index.php?rest_route=%2Fwp%2Fv2%2Ftags&post=232190"}],"curies":[{"name":"wp","href":"https:\/\/api.w.org\/{rel}","templated":true}]}}