{"id":232130,"date":"2023-10-06T09:52:00","date_gmt":"2023-10-06T14:52:00","guid":{"rendered":"http:\/\/vertienteglobal.com\/?p=232130"},"modified":"2023-10-09T09:33:10","modified_gmt":"2023-10-09T14:33:10","slug":"secoes-coordina-trabajos-con-contralores-del-estado-para-fortalecer-la-transparencia-y-rendicion-de-cuentas","status":"publish","type":"post","link":"http:\/\/vertienteglobal.com\/?p=232130","title":{"rendered":"SECOES coordina trabajos con contralores del Estado para fortalecer la transparencia y rendici\u00f3n de cuentas"},"content":{"rendered":"\n<div class=\"twitterbutton\" style=\"float: right; padding-left: 5px;\"><a href=\"http:\/\/twitter.com\/share\" class=\"twitter-share-button\" data-count=\"horizontal\" data-text=\"SECOES coordina trabajos con contralores del Estado para fortalecer la transpare...\" data-via=\"https:\/\/twitter.com\/VertienteGloba1\" data-url=\"http:\/\/vertienteglobal.com\/?p=232130\" data-lang=\"es\" data-related=\"Informaci\u00f3n general:S\u00edguenos para que est\u00e9ss informado\"><\/a><\/div>\n<figure class=\"wp-block-image size-full\"><img loading=\"lazy\" decoding=\"async\" width=\"720\" height=\"480\" src=\"http:\/\/vertienteglobal.com\/wp-content\/uploads\/2023\/10\/FB_IMG_1696861801506.jpg\" alt=\"\" class=\"wp-image-232131\" srcset=\"http:\/\/vertienteglobal.com\/wp-content\/uploads\/2023\/10\/FB_IMG_1696861801506.jpg 720w, http:\/\/vertienteglobal.com\/wp-content\/uploads\/2023\/10\/FB_IMG_1696861801506-300x200.jpg 300w, http:\/\/vertienteglobal.com\/wp-content\/uploads\/2023\/10\/FB_IMG_1696861801506-150x100.jpg 150w\" sizes=\"auto, (max-width: 720px) 100vw, 720px\" \/><\/figure>\n\n\n\n<p>(Redacci\u00f3n)<\/p>\n\n\n\n<p>A trav\u00e9s de las mesas de trabajo de la Comisi\u00f3n Permanente de Contralores del Estado avanzan de manera coordinada<\/p>\n\n\n\n<p>Jos\u00e9 Mar\u00eda Morelos, Quintana Roo 06 de octubre del 2023.- Con el objetivo de compartir experiencias para mejorar el control interno y fortalecer la transparencia, la Secretar\u00eda de la Contralor\u00eda encabez\u00f3 la mesa de trabajo de la zona sur de la Comisi\u00f3n Permanente de Contralores del Estado de Quintana Roo, que se realiz\u00f3 en el municipio de Jos\u00e9 Mar\u00eda Morelos.<\/p>\n\n\n\n<p>La contralora del Estado, Reyna Arceo Rosado agradeci\u00f3 la asistencia del presidente municipal Erik Borges Yam, as\u00ed como de su invaluable apoyo para la realizaci\u00f3n de esta mesa de trabajo en la que adem\u00e1s de revisar los avances en el Plan Anual de Trabajo, se realiz\u00f3 un an\u00e1lisis de la Ley de Entrega y Recepci\u00f3n de los Poderes P\u00fablicos, Ayuntamientos, \u00d3rganos P\u00fablicos Aut\u00f3nomos y de las Entidades de la Administraci\u00f3n P\u00fablica Paraestatal del Estado de Quintana Roo.<\/p>\n\n\n\n<p>Mencion\u00f3 que, es fundamental implementar el control interno en la administraci\u00f3n p\u00fablica con el fin de transformarla y hacerla m\u00e1s eficiente y eficaz, en beneficio de la ciudadan\u00eda.<\/p>\n\n\n\n<p>Por su parte, el presidente municipal Erik Borges Yam dijo que, es esencial fomentar la rendici\u00f3n de cuentas y la transparencia en cada gobierno para erradicar la corrupci\u00f3n que ha afectado al municipio y estado, por ello, estas mesas de trabajo son cruciales para fortalecer la administraci\u00f3n a trav\u00e9s de evaluaciones, lo que es una excelente iniciativa de la gobernadora Mara Lezama.<\/p>\n\n\n\n<p>Cabe hacer menci\u00f3n que la Comisi\u00f3n Permanente de Contralores del Estado de Quintana Roo es un organismo colegiado cuyo objetivo es establecer las bases para fortalecer las acciones de vinculaci\u00f3n institucional, promover la modernizaci\u00f3n de los esquemas, instrumentos, mecanismos de control, verificaci\u00f3n y evaluaci\u00f3n de la gesti\u00f3n p\u00fablica y el desarrollo de la administraci\u00f3n p\u00fablica.<\/p>\n\n\n\n<p>Con estas acciones, la SECOES refrenda su compromiso para garantizar la transparencia, la rendici\u00f3n de cuentas y el combate a la corrupci\u00f3n en Quintana Roo.<\/p>\n","protected":false},"excerpt":{"rendered":"<p>(Redacci\u00f3n) A trav\u00e9s de las mesas de trabajo de la Comisi\u00f3n Permanente de Contralores del Estado avanzan de manera coordinada Jos\u00e9 Mar\u00eda Morelos, Quintana Roo 06 de octubre del 2023.- Con el objetivo de compartir experiencias para mejorar el control interno y fortalecer la transparencia, la Secretar\u00eda de la Contralor\u00eda encabez\u00f3 la mesa de trabajo [&hellip;]<\/p>\n","protected":false},"author":1,"featured_media":232131,"comment_status":"open","ping_status":"open","sticky":false,"template":"","format":"standard","meta":{"footnotes":""},"categories":[3],"tags":[],"class_list":["post-232130","post","type-post","status-publish","format-standard","has-post-thumbnail","hentry","category-quintana-roo","entry","has-media"],"jetpack_featured_media_url":"http:\/\/vertienteglobal.com\/wp-content\/uploads\/2023\/10\/FB_IMG_1696861801506.jpg","_links":{"self":[{"href":"http:\/\/vertienteglobal.com\/index.php?rest_route=\/wp\/v2\/posts\/232130","targetHints":{"allow":["GET"]}}],"collection":[{"href":"http:\/\/vertienteglobal.com\/index.php?rest_route=\/wp\/v2\/posts"}],"about":[{"href":"http:\/\/vertienteglobal.com\/index.php?rest_route=\/wp\/v2\/types\/post"}],"author":[{"embeddable":true,"href":"http:\/\/vertienteglobal.com\/index.php?rest_route=\/wp\/v2\/users\/1"}],"replies":[{"embeddable":true,"href":"http:\/\/vertienteglobal.com\/index.php?rest_route=%2Fwp%2Fv2%2Fcomments&post=232130"}],"version-history":[{"count":0,"href":"http:\/\/vertienteglobal.com\/index.php?rest_route=\/wp\/v2\/posts\/232130\/revisions"}],"wp:featuredmedia":[{"embeddable":true,"href":"http:\/\/vertienteglobal.com\/index.php?rest_route=\/wp\/v2\/media\/232131"}],"wp:attachment":[{"href":"http:\/\/vertienteglobal.com\/index.php?rest_route=%2Fwp%2Fv2%2Fmedia&parent=232130"}],"wp:term":[{"taxonomy":"category","embeddable":true,"href":"http:\/\/vertienteglobal.com\/index.php?rest_route=%2Fwp%2Fv2%2Fcategories&post=232130"},{"taxonomy":"post_tag","embeddable":true,"href":"http:\/\/vertienteglobal.com\/index.php?rest_route=%2Fwp%2Fv2%2Ftags&post=232130"}],"curies":[{"name":"wp","href":"https:\/\/api.w.org\/{rel}","templated":true}]}}