{"id":231889,"date":"2023-10-03T20:51:00","date_gmt":"2023-10-04T01:51:00","guid":{"rendered":"http:\/\/vertienteglobal.com\/?p=231889"},"modified":"2023-10-04T16:42:37","modified_gmt":"2023-10-04T21:42:37","slug":"oh-la-la-tulum-enamora-a-francia-en-feria-de-turismo-parisina","status":"publish","type":"post","link":"http:\/\/vertienteglobal.com\/?p=231889","title":{"rendered":"\u00a1Oh l\u00e1 l\u00e1! Tulum enamora a Francia en feria de turismo parisina"},"content":{"rendered":"\n<div class=\"twitterbutton\" style=\"float: right; padding-left: 5px;\"><a href=\"http:\/\/twitter.com\/share\" class=\"twitter-share-button\" data-count=\"horizontal\" data-text=\"\u00a1Oh l\u00e1 l\u00e1! Tulum enamora a Francia en feria de turismo parisina\" data-via=\"https:\/\/twitter.com\/VertienteGloba1\" data-url=\"http:\/\/vertienteglobal.com\/?p=231889\" data-lang=\"es\" data-related=\"Informaci\u00f3n general:S\u00edguenos para que est\u00e9ss informado\"><\/a><\/div>\n<figure class=\"wp-block-image size-full\"><img loading=\"lazy\" decoding=\"async\" width=\"720\" height=\"540\" src=\"http:\/\/vertienteglobal.com\/wp-content\/uploads\/2023\/10\/FB_IMG_1696455474128.jpg\" alt=\"\" class=\"wp-image-231890\" srcset=\"http:\/\/vertienteglobal.com\/wp-content\/uploads\/2023\/10\/FB_IMG_1696455474128.jpg 720w, http:\/\/vertienteglobal.com\/wp-content\/uploads\/2023\/10\/FB_IMG_1696455474128-300x225.jpg 300w, http:\/\/vertienteglobal.com\/wp-content\/uploads\/2023\/10\/FB_IMG_1696455474128-150x113.jpg 150w\" sizes=\"auto, (max-width: 720px) 100vw, 720px\" \/><\/figure>\n\n\n\n<p>(Redacci\u00f3n)<\/p>\n\n\n\n<p>Las indicaciones del presidente municipal Diego Casta\u00f1\u00f3n Trejo durante los pr\u00f3ximos meses la Direcci\u00f3n General de Turismo y Econom\u00eda del Ayuntamiento de Tulum continuar\u00e1 trabajando con acciones de promoci\u00f3n tur\u00edstica digitales y presenciales en el mercado europeo para reposicionar al destino y atraer m\u00e1s turistas franceses, ingleses, alemanes, espa\u00f1oles, suizos y austriacos principalmente<\/p>\n\n\n\n<p>Paris,Francia, 03 de octubre del 2023.-La participacion de Tulum en la 44va edici\u00f3n de la feria parisina IFTM Top Resa 2023 es clave para promover al gran destino tur\u00edstico de M\u00e9xico ante los m\u00faltiples segmentos de mercado; aventura, naturaleza, cultura, gastronom\u00eda, bienestar, estilo de vida, deporte, romance y bodas, los cuales complementan la variada oferta turistica de sol y playa.<\/p>\n\n\n\n<p>Gracias a la sinergia p\u00fablico-privada; entre el Ayuntamiento de Tulum, el Consejo de Promoci\u00f3n Tur\u00edstica de Quintana Roo (CPTQ)y la Asociaci\u00f3n de Hoteles de Tulum (AHT), los integrantes de la comitiva del destino m\u00e1s atractivo del Caribe Mexicano sostienen una importante agenda de reuniones informativas y de negocios tanto con promotores como con compradores franceses e internacionales; agencias de viajes, l\u00edneas a\u00e9reas, periodistas, influencers, funcionarios internacionales y ciudadanos franceses para penetrar en mercados de alto poder adquisitivo; viajeros experimentados y nuevas generaciones, que buscan lujo sostenible.<\/p>\n\n\n\n<p>Con m\u00e1s de 20,000 visitantes y 500 expositores, la Feria Internacional de Turismo y Viajes en Francia (IFTM) es el evento l\u00edder que atiende al mercado tur\u00edstico franc\u00e9s emisor durante tres d\u00edas; del 3 al 5 de octubre, d\u00f3nde Tulum expondr\u00e1 su estrategia de comunicaci\u00f3n, promoci\u00f3n y comercializaci\u00f3n tur\u00edstica desde su novedosa plataforma www.visittulum.travel<\/p>\n\n\n\n<p>Atendiendo las indicaciones del presidente municipal Diego Casta\u00f1\u00f3n Trejo durante los pr\u00f3ximos meses la Direcci\u00f3n General de Turismo y Econom\u00eda del Ayuntamiento de Tulum continuar\u00e1 trabajando con acciones de promoci\u00f3n tur\u00edstica digitales y presenciales en el mercado europeo para reposicionar al destino y atraer m\u00e1s turistas franceses, ingleses, alemanes, espa\u00f1oles, suizos y austriacos principalmente. D\u00f3nde hay transformaci\u00f3n, hay futuro.<\/p>\n\n\n\n<figure class=\"wp-block-image size-full\"><img loading=\"lazy\" decoding=\"async\" width=\"720\" height=\"405\" src=\"http:\/\/vertienteglobal.com\/wp-content\/uploads\/2023\/10\/FB_IMG_1696455623216.jpg\" alt=\"\" class=\"wp-image-231891\" srcset=\"http:\/\/vertienteglobal.com\/wp-content\/uploads\/2023\/10\/FB_IMG_1696455623216.jpg 720w, http:\/\/vertienteglobal.com\/wp-content\/uploads\/2023\/10\/FB_IMG_1696455623216-300x169.jpg 300w, http:\/\/vertienteglobal.com\/wp-content\/uploads\/2023\/10\/FB_IMG_1696455623216-150x84.jpg 150w\" sizes=\"auto, (max-width: 720px) 100vw, 720px\" \/><\/figure>\n\n\n\n<figure class=\"wp-block-image size-full\"><img loading=\"lazy\" decoding=\"async\" width=\"720\" height=\"540\" src=\"http:\/\/vertienteglobal.com\/wp-content\/uploads\/2023\/10\/FB_IMG_1696455625963.jpg\" alt=\"\" class=\"wp-image-231892\" srcset=\"http:\/\/vertienteglobal.com\/wp-content\/uploads\/2023\/10\/FB_IMG_1696455625963.jpg 720w, http:\/\/vertienteglobal.com\/wp-content\/uploads\/2023\/10\/FB_IMG_1696455625963-300x225.jpg 300w, http:\/\/vertienteglobal.com\/wp-content\/uploads\/2023\/10\/FB_IMG_1696455625963-150x113.jpg 150w\" sizes=\"auto, (max-width: 720px) 100vw, 720px\" \/><\/figure>\n","protected":false},"excerpt":{"rendered":"<p>(Redacci\u00f3n) Las indicaciones del presidente municipal Diego Casta\u00f1\u00f3n Trejo durante los pr\u00f3ximos meses la Direcci\u00f3n General de Turismo y Econom\u00eda del Ayuntamiento de Tulum continuar\u00e1 trabajando con acciones de promoci\u00f3n tur\u00edstica digitales y presenciales en el mercado europeo para reposicionar al destino y atraer m\u00e1s turistas franceses, ingleses, alemanes, espa\u00f1oles, suizos y austriacos principalmente Paris,Francia, [&hellip;]<\/p>\n","protected":false},"author":1,"featured_media":231890,"comment_status":"open","ping_status":"open","sticky":false,"template":"","format":"standard","meta":{"footnotes":""},"categories":[3],"tags":[],"class_list":["post-231889","post","type-post","status-publish","format-standard","has-post-thumbnail","hentry","category-quintana-roo","entry","has-media"],"jetpack_featured_media_url":"http:\/\/vertienteglobal.com\/wp-content\/uploads\/2023\/10\/FB_IMG_1696455474128.jpg","_links":{"self":[{"href":"http:\/\/vertienteglobal.com\/index.php?rest_route=\/wp\/v2\/posts\/231889","targetHints":{"allow":["GET"]}}],"collection":[{"href":"http:\/\/vertienteglobal.com\/index.php?rest_route=\/wp\/v2\/posts"}],"about":[{"href":"http:\/\/vertienteglobal.com\/index.php?rest_route=\/wp\/v2\/types\/post"}],"author":[{"embeddable":true,"href":"http:\/\/vertienteglobal.com\/index.php?rest_route=\/wp\/v2\/users\/1"}],"replies":[{"embeddable":true,"href":"http:\/\/vertienteglobal.com\/index.php?rest_route=%2Fwp%2Fv2%2Fcomments&post=231889"}],"version-history":[{"count":0,"href":"http:\/\/vertienteglobal.com\/index.php?rest_route=\/wp\/v2\/posts\/231889\/revisions"}],"wp:featuredmedia":[{"embeddable":true,"href":"http:\/\/vertienteglobal.com\/index.php?rest_route=\/wp\/v2\/media\/231890"}],"wp:attachment":[{"href":"http:\/\/vertienteglobal.com\/index.php?rest_route=%2Fwp%2Fv2%2Fmedia&parent=231889"}],"wp:term":[{"taxonomy":"category","embeddable":true,"href":"http:\/\/vertienteglobal.com\/index.php?rest_route=%2Fwp%2Fv2%2Fcategories&post=231889"},{"taxonomy":"post_tag","embeddable":true,"href":"http:\/\/vertienteglobal.com\/index.php?rest_route=%2Fwp%2Fv2%2Ftags&post=231889"}],"curies":[{"name":"wp","href":"https:\/\/api.w.org\/{rel}","templated":true}]}}