{"id":231835,"date":"2023-10-02T20:52:00","date_gmt":"2023-10-03T01:52:00","guid":{"rendered":"http:\/\/vertienteglobal.com\/?p=231835"},"modified":"2023-10-04T14:04:39","modified_gmt":"2023-10-04T19:04:39","slug":"el-mejor-homenaje-que-podemos-hacer-ahora-es-ganar-el-2024-recuerda-claudia-sheinbaum-a-estudiantes-del-68-en-aniversario-12-de-morenanunca-vamos-a-usar-a-la-fuerza-publica-en-contra-del-pueblo","status":"publish","type":"post","link":"http:\/\/vertienteglobal.com\/?p=231835","title":{"rendered":"\u00abEl mejor homenaje que podemos hacer ahora es ganar el 2024&#8243;: Recuerda Claudia Sheinbaum a estudiantes del 68 en aniversario 12 de Morena\u00bbNunca vamos a usar a la fuerza p\u00fablica en contra del pueblo de M\u00e9xico\u00bb, asegur\u00f3 y expuso que con la Cuarta Transformaci\u00f3n se acabaron los gobiernos represores"},"content":{"rendered":"\n<div class=\"twitterbutton\" style=\"float: right; padding-left: 5px;\"><a href=\"http:\/\/twitter.com\/share\" class=\"twitter-share-button\" data-count=\"horizontal\" data-text=\"\u00abEl mejor homenaje que podemos hacer ahora es ganar el 2024&#8243;: Recuerda Cl...\" data-via=\"https:\/\/twitter.com\/VertienteGloba1\" data-url=\"http:\/\/vertienteglobal.com\/?p=231835\" data-lang=\"es\" data-related=\"Informaci\u00f3n general:S\u00edguenos para que est\u00e9ss informado\"><\/a><\/div>\n<figure class=\"wp-block-image size-full\"><img loading=\"lazy\" decoding=\"async\" width=\"512\" height=\"341\" src=\"http:\/\/vertienteglobal.com\/wp-content\/uploads\/2023\/10\/FB_IMG_1696446091032.jpg\" alt=\"\" class=\"wp-image-231836\" srcset=\"http:\/\/vertienteglobal.com\/wp-content\/uploads\/2023\/10\/FB_IMG_1696446091032.jpg 512w, http:\/\/vertienteglobal.com\/wp-content\/uploads\/2023\/10\/FB_IMG_1696446091032-300x200.jpg 300w, http:\/\/vertienteglobal.com\/wp-content\/uploads\/2023\/10\/FB_IMG_1696446091032-150x100.jpg 150w\" sizes=\"auto, (max-width: 512px) 100vw, 512px\" \/><\/figure>\n\n\n\n<p>(Redacci\u00f3n)<\/p>\n\n\n\n<p>El dirigente nacional de Morena, Mario Delgado reconoci\u00f3 la gran oportunidad de un cambio verdadero para que M\u00e9xico tenga a su primera mujer presidenta<\/p>\n\n\n\n<p>Ciudad de M\u00e9xico, a 2 de octubre de 2023.- \u00abEl mejor homenaje que podemos hacerle a muchos de los que vimos en ese video, que hoy no est\u00e1n con nosotros, a muchos y muchas de los que perdieron la vida luchando por la justicia, a los j\u00f3venes que perdieron la vida en el 68, el mejor homenaje que podemos hacer ahora es ganar el 2024\u00bb, resalt\u00f3 Claudia Sheinbaum Pardo en el 12 aniversario de Morena, donde tambi\u00e9n se record\u00f3 al movimiento estudiantil de 1968 que luch\u00f3 por la democratizaci\u00f3n del pa\u00eds.<\/p>\n\n\n\n<p>La Coordinadora Nacional de Defensa de la Transformaci\u00f3n expuso que la represi\u00f3n a los estudiantes en 1968 representa un crimen de Estado que compromete al Movimiento de Regeneraci\u00f3n Nacional (Morena) a que nunca m\u00e1s en el pa\u00eds exista un gobierno que reprima a su pueblo.<\/p>\n\n\n\n<p>\u00abEl 2 de octubre de 1968 hubo un crimen de Estado, j\u00f3venes fueron arteramente asesinados por la decisi\u00f3n de un civil, de un presidente de la Rep\u00fablica y lo que podemos decir que defiende nuestro movimiento es que eso nunca m\u00e1s ocurra eso M\u00e9xico y desde aqu\u00ed, como se comprometi\u00f3 el presidente de la Rep\u00fablica a nunca reprimir, me comprometo con ustedes: Nunca vamos a usar a la fuerza p\u00fablica en contra del pueblo de M\u00e9xico, que nunca, nunca, vamos a reprimir al pueblo\u00bb, destac\u00f3.<\/p>\n\n\n\n<p>Manifest\u00f3 que despu\u00e9s del movimiento del 68, hubo diversas movilizaciones sociales de trabajadores, maestros y de la sociedad civil en general que dieron vida a Morena, y que desde el 2018, cambi\u00f3 la forma de gobernar el pa\u00eds bajo el liderazgo del Presidente Andr\u00e9s Manuel L\u00f3pez Obrador.<\/p>\n\n\n\n<p>Agreg\u00f3 que la responsabilidad hist\u00f3rica que tiene el movimiento es garantizar justicia social a los m\u00e1s desprotegidos, pero aclar\u00f3 que esto solo se puede lograr con unidad y la suma de todas aquellas personas de buena voluntad que crean en la continuidad de la Cuarta Transformaci\u00f3n.<\/p>\n\n\n\n<p>\u00abLa unidad est\u00e1 en la lucha, la unidad est\u00e1 en acci\u00f3n, la unidad es con el pueblo y para la transformaci\u00f3n\u00bb, asever\u00f3.<\/p>\n\n\n\n<p>Por su parte, el dirigente nacional de Morena, Mario Delgado, destac\u00f3 cada uno de los logros que hubo con L\u00f3pez Obrador, y reconoci\u00f3 la gran oportunidad de dar continuidad a ese proyecto de la mano de Claudia Sheinbaum, para que se convierta en la primera mujer en dirigir los destinos del pa\u00eds.<\/p>\n\n\n\n<p>\u00abEstamos ante la gran oportunidad de que seamos protagonistas del cambio para que una mujer sea Presidenta de la Rep\u00fablica, si eso no nos mueve, si eso no nos motiva, si no nos vuelve locos por salir a trabajar y lograrlo, no s\u00e9 qu\u00e9 nos puede mover a quienes estamos aqu\u00ed\u00bb, expuso.<\/p>\n\n\n\n<p>Durante su intervenci\u00f3n, el director del Fondo de Cultura Econ\u00f3mico (FCE), Paco Ignacio Taibo II, resalt\u00f3 la relaci\u00f3n entre la fundaci\u00f3n de Morena y la masacre de 68, m\u00e1s all\u00e1 de la fecha. \u00abAunque parecen dos hechos aislados en el tiempo, no lo son, obviamente no lo son. El 68 signific\u00f3 para muchos de nosotros la irrupci\u00f3n, en la escena pol\u00edtica de nuestro pa\u00eds, de una generaci\u00f3n entera de estudiantes, dispuestos a jugarse la vida por democracia, libertad\u00bb.<\/p>\n\n\n\n<p>En tanto que, la coordinadora nacional de la Red Mundial de J\u00f3venes Pol\u00edticos, Alejandra B\u00e1ez Chac\u00f3n expuso: \u00abQuien mejor que usted (la Dra. Claudia Sheinbaum) para entender la lucha de la juventud, el origen es destino y a usted que form\u00f3 parte de estos movimientos estudiantiles como el que hoy nos re\u00fane el d\u00eda de hoy, le pedimos que nunca pierda ese fuego, la energ\u00eda y la pasi\u00f3n y la garra Puma de esa joven universitaria que levant\u00f3 la voz por las causas justas\u00bb.<\/p>\n\n\n\n<p>Rafael Barajas \u00abEl Fisg\u00f3n\u00bb, director del Instituto de Formaci\u00f3n Pol\u00edtica, asegur\u00f3 que,\u00bbyo s\u00ed estoy convencido que el movimiento estudiantil del 68 sigue vivo en nuestro movimiento, somos herederos del movimiento del 68 (\u2026)Somos los herederos de estas causas, los pobres de M\u00e9xico siguen siendo nuestro principal centro de atenci\u00f3n. Vamos a terminar el primer gobierno de la transformaci\u00f3n dentro de unos meses, pero esto apenas empieza, vamos a profundizar la transformaci\u00f3n y vamos a hacer valer el esp\u00edritu del 68&#8243;.<\/p>\n\n\n\n<p>Finalmente, la diputada federal Julieta Ram\u00edrez Padilla afirm\u00f3 que \u00abeste movimiento es ese que recoge las heridas de los lastimados (\u2026) Morena es consecuencia del amor del pueblo a su patria\u00bb.<\/p>\n\n\n\n<p>Adem\u00e1s de los ponentes, en el presidium estuvieron presentes la escritora Elena Poniatowska; la secretaria general de Morena, Citlalli Hern\u00e1ndez; el secretario de Organizaci\u00f3n de Morena, Alejandro Pe\u00f1a; la secretaria de Comunicaci\u00f3n, Andrea Ch\u00e1vez; el secretario de Finanzas, Javier Caviedes; el secretario de J\u00f3venes, Alejandro Porras; la secretaria de Mujeres, Adriana Grajales; el secretario de Artes y Cultura, Tom\u00e1s Pliego; la secretaria de Pueblos Ind\u00edgenas, Bxido Xishe Jara Bola\u00f1os; y el secretario T\u00e9cnico del Consejo Nacional, \u00c1lvaro Bracamonte.<\/p>\n\n\n\n<figure class=\"wp-block-image size-full\"><img loading=\"lazy\" decoding=\"async\" width=\"512\" height=\"341\" src=\"http:\/\/vertienteglobal.com\/wp-content\/uploads\/2023\/10\/FB_IMG_1696446093102.jpg\" alt=\"\" class=\"wp-image-231837\" srcset=\"http:\/\/vertienteglobal.com\/wp-content\/uploads\/2023\/10\/FB_IMG_1696446093102.jpg 512w, http:\/\/vertienteglobal.com\/wp-content\/uploads\/2023\/10\/FB_IMG_1696446093102-300x200.jpg 300w, http:\/\/vertienteglobal.com\/wp-content\/uploads\/2023\/10\/FB_IMG_1696446093102-150x100.jpg 150w\" sizes=\"auto, (max-width: 512px) 100vw, 512px\" \/><\/figure>\n\n\n\n<figure class=\"wp-block-image size-full\"><img loading=\"lazy\" decoding=\"async\" width=\"512\" height=\"344\" src=\"http:\/\/vertienteglobal.com\/wp-content\/uploads\/2023\/10\/FB_IMG_1696446086934.jpg\" alt=\"\" class=\"wp-image-231838\" srcset=\"http:\/\/vertienteglobal.com\/wp-content\/uploads\/2023\/10\/FB_IMG_1696446086934.jpg 512w, http:\/\/vertienteglobal.com\/wp-content\/uploads\/2023\/10\/FB_IMG_1696446086934-300x202.jpg 300w, http:\/\/vertienteglobal.com\/wp-content\/uploads\/2023\/10\/FB_IMG_1696446086934-150x101.jpg 150w\" sizes=\"auto, (max-width: 512px) 100vw, 512px\" \/><\/figure>\n","protected":false},"excerpt":{"rendered":"<p>(Redacci\u00f3n) El dirigente nacional de Morena, Mario Delgado reconoci\u00f3 la gran oportunidad de un cambio verdadero para que M\u00e9xico tenga a su primera mujer presidenta Ciudad de M\u00e9xico, a 2 de octubre de 2023.- \u00abEl mejor homenaje que podemos hacerle a muchos de los que vimos en ese video, que hoy no est\u00e1n con nosotros, [&hellip;]<\/p>\n","protected":false},"author":1,"featured_media":231836,"comment_status":"open","ping_status":"open","sticky":false,"template":"","format":"standard","meta":{"footnotes":""},"categories":[3],"tags":[],"class_list":["post-231835","post","type-post","status-publish","format-standard","has-post-thumbnail","hentry","category-quintana-roo","entry","has-media"],"jetpack_featured_media_url":"http:\/\/vertienteglobal.com\/wp-content\/uploads\/2023\/10\/FB_IMG_1696446091032.jpg","_links":{"self":[{"href":"http:\/\/vertienteglobal.com\/index.php?rest_route=\/wp\/v2\/posts\/231835","targetHints":{"allow":["GET"]}}],"collection":[{"href":"http:\/\/vertienteglobal.com\/index.php?rest_route=\/wp\/v2\/posts"}],"about":[{"href":"http:\/\/vertienteglobal.com\/index.php?rest_route=\/wp\/v2\/types\/post"}],"author":[{"embeddable":true,"href":"http:\/\/vertienteglobal.com\/index.php?rest_route=\/wp\/v2\/users\/1"}],"replies":[{"embeddable":true,"href":"http:\/\/vertienteglobal.com\/index.php?rest_route=%2Fwp%2Fv2%2Fcomments&post=231835"}],"version-history":[{"count":0,"href":"http:\/\/vertienteglobal.com\/index.php?rest_route=\/wp\/v2\/posts\/231835\/revisions"}],"wp:featuredmedia":[{"embeddable":true,"href":"http:\/\/vertienteglobal.com\/index.php?rest_route=\/wp\/v2\/media\/231836"}],"wp:attachment":[{"href":"http:\/\/vertienteglobal.com\/index.php?rest_route=%2Fwp%2Fv2%2Fmedia&parent=231835"}],"wp:term":[{"taxonomy":"category","embeddable":true,"href":"http:\/\/vertienteglobal.com\/index.php?rest_route=%2Fwp%2Fv2%2Fcategories&post=231835"},{"taxonomy":"post_tag","embeddable":true,"href":"http:\/\/vertienteglobal.com\/index.php?rest_route=%2Fwp%2Fv2%2Ftags&post=231835"}],"curies":[{"name":"wp","href":"https:\/\/api.w.org\/{rel}","templated":true}]}}