{"id":231772,"date":"2023-10-02T21:32:00","date_gmt":"2023-10-03T02:32:00","guid":{"rendered":"http:\/\/vertienteglobal.com\/?p=231772"},"modified":"2023-10-04T13:04:37","modified_gmt":"2023-10-04T18:04:37","slug":"morena-celebra-12-anos-de-su-fundacion-para-transformar-la-vida-publica-de-mexico","status":"publish","type":"post","link":"http:\/\/vertienteglobal.com\/?p=231772","title":{"rendered":"Morena celebra 12 a\u00f1os de su fundaci\u00f3n &#8216;para transformar la vida p\u00fablica de M\u00e9xico&#8217;"},"content":{"rendered":"\n<div class=\"twitterbutton\" style=\"float: right; padding-left: 5px;\"><a href=\"http:\/\/twitter.com\/share\" class=\"twitter-share-button\" data-count=\"horizontal\" data-text=\"Morena celebra 12 a\u00f1os de su fundaci\u00f3n &#8216;para transformar la vida p\u00fablic...\" data-via=\"https:\/\/twitter.com\/VertienteGloba1\" data-url=\"http:\/\/vertienteglobal.com\/?p=231772\" data-lang=\"es\" data-related=\"Informaci\u00f3n general:S\u00edguenos para que est\u00e9ss informado\"><\/a><\/div>\n<figure class=\"wp-block-image size-full\"><img loading=\"lazy\" decoding=\"async\" width=\"1024\" height=\"683\" src=\"http:\/\/vertienteglobal.com\/wp-content\/uploads\/2023\/10\/216626.jpg\" alt=\"\" class=\"wp-image-231773\" srcset=\"http:\/\/vertienteglobal.com\/wp-content\/uploads\/2023\/10\/216626.jpg 1024w, http:\/\/vertienteglobal.com\/wp-content\/uploads\/2023\/10\/216626-300x200.jpg 300w, http:\/\/vertienteglobal.com\/wp-content\/uploads\/2023\/10\/216626-150x100.jpg 150w, http:\/\/vertienteglobal.com\/wp-content\/uploads\/2023\/10\/216626-768x512.jpg 768w\" sizes=\"auto, (max-width: 1024px) 100vw, 1024px\" \/><\/figure>\n\n\n\n<p>(Redacci\u00f3n)<\/p>\n\n\n\n<p>Claudia Sheinbaum Pardo, coordinadora nacional de los Comit\u00e9s de la Defensa de la 4T, fue recibida al grito de &#8216;\u00a1Presidenta, presidenta!&#8217;, al llegar al Mide donde se encuentran figuras como la escritora Elena Poniatoska<\/p>\n\n\n\n<p>Ciudad de M\u00e9xico 02 de octubre del 2023.-Morena celebr\u00f3 12 a\u00f1os de su fundaci\u00f3n desde el Museo Interactivo de Econom\u00eda (Mide) de la Ciudad de M\u00e9xico, esto de cara a las elecciones de 2024.<\/p>\n\n\n\n<p>Mario Delgado, presidente nacional de Morena, destac\u00f3 la celebraci\u00f3n del partido porque &#8216;hace 12 a\u00f1os el pueblo se organiz\u00f3 para transformar la vida p\u00fablica de M\u00e9xico&#8217;.<\/p>\n\n\n\n<p>&#8216;Juntas y juntos somos Morena, la esperanza de M\u00e9xico&#8217;, expres\u00f3 Delgado en redes.<\/p>\n\n\n\n<p>Mientras, Claudia Sheinbaum Pardo, coordinadora nacional de los Comit\u00e9s de la Defensa de la 4T, fue recibida al grito de &#8216;\u00a1Presidenta, presidenta!&#8217;, al llegar al Mide donde se encuentran figuras como la escritora Elena Poniatoska.<\/p>\n\n\n\n<p>Asimismo, Rafael Barajas &#8216;El Fisg\u00f3n&#8217;, director de formaci\u00f3n pol\u00edtica del partido, asegur\u00f3 que el movimiento de 1968 sigue vivo en el instituto pol\u00edtico morenista y que los movimientos sociales posteriores son la base de sus causas.<\/p>\n\n\n\n<p>&#8216;Vamos a terminar el primer gobierno de la Cuarta Transformaci\u00f3n, pero esto apenas comienza, vamos a darle continuidad y vamos a hacer valer el movimiento del 68&#8217;, comento.(Fuente:Agencias\/Xeva)<\/p>\n","protected":false},"excerpt":{"rendered":"<p>(Redacci\u00f3n) Claudia Sheinbaum Pardo, coordinadora nacional de los Comit\u00e9s de la Defensa de la 4T, fue recibida al grito de &#8216;\u00a1Presidenta, presidenta!&#8217;, al llegar al Mide donde se encuentran figuras como la escritora Elena Poniatoska Ciudad de M\u00e9xico 02 de octubre del 2023.-Morena celebr\u00f3 12 a\u00f1os de su fundaci\u00f3n desde el Museo Interactivo de Econom\u00eda [&hellip;]<\/p>\n","protected":false},"author":1,"featured_media":231773,"comment_status":"open","ping_status":"open","sticky":false,"template":"","format":"standard","meta":{"footnotes":""},"categories":[8],"tags":[],"class_list":["post-231772","post","type-post","status-publish","format-standard","has-post-thumbnail","hentry","category-pais","entry","has-media"],"jetpack_featured_media_url":"http:\/\/vertienteglobal.com\/wp-content\/uploads\/2023\/10\/216626.jpg","_links":{"self":[{"href":"http:\/\/vertienteglobal.com\/index.php?rest_route=\/wp\/v2\/posts\/231772","targetHints":{"allow":["GET"]}}],"collection":[{"href":"http:\/\/vertienteglobal.com\/index.php?rest_route=\/wp\/v2\/posts"}],"about":[{"href":"http:\/\/vertienteglobal.com\/index.php?rest_route=\/wp\/v2\/types\/post"}],"author":[{"embeddable":true,"href":"http:\/\/vertienteglobal.com\/index.php?rest_route=\/wp\/v2\/users\/1"}],"replies":[{"embeddable":true,"href":"http:\/\/vertienteglobal.com\/index.php?rest_route=%2Fwp%2Fv2%2Fcomments&post=231772"}],"version-history":[{"count":0,"href":"http:\/\/vertienteglobal.com\/index.php?rest_route=\/wp\/v2\/posts\/231772\/revisions"}],"wp:featuredmedia":[{"embeddable":true,"href":"http:\/\/vertienteglobal.com\/index.php?rest_route=\/wp\/v2\/media\/231773"}],"wp:attachment":[{"href":"http:\/\/vertienteglobal.com\/index.php?rest_route=%2Fwp%2Fv2%2Fmedia&parent=231772"}],"wp:term":[{"taxonomy":"category","embeddable":true,"href":"http:\/\/vertienteglobal.com\/index.php?rest_route=%2Fwp%2Fv2%2Fcategories&post=231772"},{"taxonomy":"post_tag","embeddable":true,"href":"http:\/\/vertienteglobal.com\/index.php?rest_route=%2Fwp%2Fv2%2Ftags&post=231772"}],"curies":[{"name":"wp","href":"https:\/\/api.w.org\/{rel}","templated":true}]}}