{"id":231760,"date":"2023-10-03T10:51:00","date_gmt":"2023-10-03T15:51:00","guid":{"rendered":"http:\/\/vertienteglobal.com\/?p=231760"},"modified":"2023-10-04T12:51:58","modified_gmt":"2023-10-04T17:51:58","slug":"claudia-sheinbaum-acepto-la-proteccion-de-sedena-revela-amlo","status":"publish","type":"post","link":"http:\/\/vertienteglobal.com\/?p=231760","title":{"rendered":"Claudia Sheinbaum acept\u00f3 la protecci\u00f3n de Sedena, revela AMLO"},"content":{"rendered":"\n<div class=\"twitterbutton\" style=\"float: right; padding-left: 5px;\"><a href=\"http:\/\/twitter.com\/share\" class=\"twitter-share-button\" data-count=\"horizontal\" data-text=\"Claudia Sheinbaum acept\u00f3 la protecci\u00f3n de Sedena, revela AMLO\" data-via=\"https:\/\/twitter.com\/VertienteGloba1\" data-url=\"http:\/\/vertienteglobal.com\/?p=231760\" data-lang=\"es\" data-related=\"Informaci\u00f3n general:S\u00edguenos para que est\u00e9ss informado\"><\/a><\/div>\n<figure class=\"wp-block-image size-full\"><img loading=\"lazy\" decoding=\"async\" width=\"1024\" height=\"683\" src=\"http:\/\/vertienteglobal.com\/wp-content\/uploads\/2023\/10\/216663.jpg\" alt=\"\" class=\"wp-image-231761\" srcset=\"http:\/\/vertienteglobal.com\/wp-content\/uploads\/2023\/10\/216663.jpg 1024w, http:\/\/vertienteglobal.com\/wp-content\/uploads\/2023\/10\/216663-300x200.jpg 300w, http:\/\/vertienteglobal.com\/wp-content\/uploads\/2023\/10\/216663-150x100.jpg 150w, http:\/\/vertienteglobal.com\/wp-content\/uploads\/2023\/10\/216663-768x512.jpg 768w\" sizes=\"auto, (max-width: 1024px) 100vw, 1024px\" \/><\/figure>\n\n\n\n<p>(Redacci\u00f3n)<\/p>\n\n\n\n<p>AMLO mencion\u00f3 que Claudia Sheinbaum, candidata presidencial de Morena y aliados, ha aceptado recibir vigilancia y protecci\u00f3n por parte de la Sedena en el contexto de la pr\u00f3xima contienda electoral<\/p>\n\n\n\n<p>Ciudad de M\u00e9xico 03 de octubre del 2023.-El presidente de M\u00e9xico, Andr\u00e9s Manuel L\u00f3pez Obrador, anunci\u00f3 en la conferencia matutina que las dos principales candidatas presidenciales han sido abordadas en relaci\u00f3n a su seguridad durante la pr\u00f3xima campa\u00f1a electoral, y que una de ellas ya ha aceptado la protecci\u00f3n brindada por la Secretar\u00eda de la Defensa Nacional (Sedena).<\/p>\n\n\n\n<p>En sus declaraciones, AMLO mencion\u00f3 que Claudia Sheinbaum, candidata presidencial de Morena y aliados, ha aceptado recibir vigilancia y protecci\u00f3n por parte de la Sedena en el contexto de la pr\u00f3xima contienda electoral.<\/p>\n\n\n\n<p>Asimismo, inform\u00f3 que X\u00f3chitl G\u00e1lvez, candidata del Frente Amplio por M\u00e9xico, est\u00e1 programada para mantener una reuni\u00f3n este martes con el titular de la Sedena, Luis Cresencio Sandoval, para abordar el tema de su seguridad y protecci\u00f3n durante la campa\u00f1a electoral.<\/p>\n\n\n\n<p>AMLO enfatiz\u00f3 que ambas candidatas han sido informadas sobre la obligaci\u00f3n de ofrecerles protecci\u00f3n y vigilancia debido a la importancia de garantizar su integridad durante el proceso electoral. Aunque Claudia Sheinbaum ha aceptado la protecci\u00f3n, X\u00f3chitl G\u00e1lvez est\u00e1 evaluando las condiciones antes de tomar una decisi\u00f3n final.(Fuente: LD\/Xeva)<\/p>\n","protected":false},"excerpt":{"rendered":"<p>(Redacci\u00f3n) AMLO mencion\u00f3 que Claudia Sheinbaum, candidata presidencial de Morena y aliados, ha aceptado recibir vigilancia y protecci\u00f3n por parte de la Sedena en el contexto de la pr\u00f3xima contienda electoral Ciudad de M\u00e9xico 03 de octubre del 2023.-El presidente de M\u00e9xico, Andr\u00e9s Manuel L\u00f3pez Obrador, anunci\u00f3 en la conferencia matutina que las dos principales [&hellip;]<\/p>\n","protected":false},"author":1,"featured_media":231761,"comment_status":"open","ping_status":"open","sticky":false,"template":"","format":"standard","meta":{"footnotes":""},"categories":[8],"tags":[],"class_list":["post-231760","post","type-post","status-publish","format-standard","has-post-thumbnail","hentry","category-pais","entry","has-media"],"jetpack_featured_media_url":"http:\/\/vertienteglobal.com\/wp-content\/uploads\/2023\/10\/216663.jpg","_links":{"self":[{"href":"http:\/\/vertienteglobal.com\/index.php?rest_route=\/wp\/v2\/posts\/231760","targetHints":{"allow":["GET"]}}],"collection":[{"href":"http:\/\/vertienteglobal.com\/index.php?rest_route=\/wp\/v2\/posts"}],"about":[{"href":"http:\/\/vertienteglobal.com\/index.php?rest_route=\/wp\/v2\/types\/post"}],"author":[{"embeddable":true,"href":"http:\/\/vertienteglobal.com\/index.php?rest_route=\/wp\/v2\/users\/1"}],"replies":[{"embeddable":true,"href":"http:\/\/vertienteglobal.com\/index.php?rest_route=%2Fwp%2Fv2%2Fcomments&post=231760"}],"version-history":[{"count":0,"href":"http:\/\/vertienteglobal.com\/index.php?rest_route=\/wp\/v2\/posts\/231760\/revisions"}],"wp:featuredmedia":[{"embeddable":true,"href":"http:\/\/vertienteglobal.com\/index.php?rest_route=\/wp\/v2\/media\/231761"}],"wp:attachment":[{"href":"http:\/\/vertienteglobal.com\/index.php?rest_route=%2Fwp%2Fv2%2Fmedia&parent=231760"}],"wp:term":[{"taxonomy":"category","embeddable":true,"href":"http:\/\/vertienteglobal.com\/index.php?rest_route=%2Fwp%2Fv2%2Fcategories&post=231760"},{"taxonomy":"post_tag","embeddable":true,"href":"http:\/\/vertienteglobal.com\/index.php?rest_route=%2Fwp%2Fv2%2Ftags&post=231760"}],"curies":[{"name":"wp","href":"https:\/\/api.w.org\/{rel}","templated":true}]}}