{"id":231608,"date":"2023-09-30T11:22:48","date_gmt":"2023-09-30T16:22:48","guid":{"rendered":"http:\/\/vertienteglobal.com\/?p=231608"},"modified":"2023-09-30T11:22:48","modified_gmt":"2023-09-30T16:22:48","slug":"supervisa-mara-lezama-avances-en-los-trabajos-del-puente-nichupte","status":"publish","type":"post","link":"http:\/\/vertienteglobal.com\/?p=231608","title":{"rendered":"Supervisa Mara Lezama avances en los trabajos del Puente Nichupt\u00e9"},"content":{"rendered":"\n<div class=\"twitterbutton\" style=\"float: right; padding-left: 5px;\"><a href=\"http:\/\/twitter.com\/share\" class=\"twitter-share-button\" data-count=\"horizontal\" data-text=\"Supervisa Mara Lezama avances en los trabajos del Puente Nichupt\u00e9\" data-via=\"https:\/\/twitter.com\/VertienteGloba1\" data-url=\"http:\/\/vertienteglobal.com\/?p=231608\" data-lang=\"es\" data-related=\"Informaci\u00f3n general:S\u00edguenos para que est\u00e9ss informado\"><\/a><\/div>\n<figure class=\"wp-block-image size-full\"><img loading=\"lazy\" decoding=\"async\" width=\"585\" height=\"780\" src=\"http:\/\/vertienteglobal.com\/wp-content\/uploads\/2023\/09\/WhatsApp-Image-2023-09-30-at-10.22.30-3-585x780-1.jpeg\" alt=\"\" class=\"wp-image-231609\" srcset=\"http:\/\/vertienteglobal.com\/wp-content\/uploads\/2023\/09\/WhatsApp-Image-2023-09-30-at-10.22.30-3-585x780-1.jpeg 585w, http:\/\/vertienteglobal.com\/wp-content\/uploads\/2023\/09\/WhatsApp-Image-2023-09-30-at-10.22.30-3-585x780-1-225x300.jpeg 225w, http:\/\/vertienteglobal.com\/wp-content\/uploads\/2023\/09\/WhatsApp-Image-2023-09-30-at-10.22.30-3-585x780-1-113x150.jpeg 113w\" sizes=\"auto, (max-width: 585px) 100vw, 585px\" \/><\/figure>\n\n\n\n<p>(Redacci\u00f3n)<\/p>\n\n\n\n<p>La Gobernadora destac\u00f3 el trabajo de quienes est\u00e1n a cargo de esta obra que estar\u00e1 lista en el 2024 y que es tan necesaria para la movilidad de la ciudadan\u00eda quintanarroenese y de los turistas<\/p>\n\n\n\n<p>Canc\u00fan, Quintana Roo, a 30 de septiembre del 2023.- El puente de la laguna Nichupt\u00e9 ser\u00e1 una realidad en 2024, despu\u00e9s de muchos a\u00f1os que se necesitaba, expres\u00f3 la gobernadora Mara Lezama Espinosa al recorrer, en territorio, los avances que registra su construcci\u00f3n que transformar\u00e1 la imagen urbana de Canc\u00fan con apoyo del presidente de M\u00e9xico, Andr\u00e9s Manuel L\u00f3pez Obrador que realiza una inversi\u00f3n hist\u00f3rica en diversas obras gestionadas.<\/p>\n\n\n\n<p>La titular del Ejecutivo constat\u00f3 que los obreros trabajan 24\/7, d\u00eda y noche, d\u00edas festivos, para avanzar m\u00e1s r\u00e1pido y concluirlo en el tiempo programado. Cit\u00f3 que es una obra hist\u00f3rica que atender\u00e1 las necesidades de los benitojuarenses, pero tambi\u00e9n de los quintanarroenses y de los turistas.<\/p>\n\n\n\n<p>\u201cCuando el dinero del pueblo de aplica donde se debe y como se debe, rinde y da para m\u00e1s. As\u00ed trabajamos con el Nuevo Acuerdo por el Bienestar y Desarrollo de Quintana Roo, en donde las personas est\u00e1n en el centro de las acciones del gobierno\u201d a\u00f1adi\u00f3 Mara Lezama.<\/p>\n\n\n\n<p>En la obra, la Gobernadora record\u00f3 que el puente saldr\u00e1 en la intersecci\u00f3n del bulevar Colosio con la avenida Kabah. \u201cLlegar\u00e1 pr\u00e1cticamente al kil\u00f3metro 15 a la altura de Kukulc\u00e1n Plaza. Se est\u00e1 trabajando ya en el lado de la zona hotelera, justamente a donde llegar\u00e1 el puente\u201d expres\u00f3.<\/p>\n\n\n\n<p>La gobernadora de Quintana Roo reiter\u00f3 que el Puente Nichupt\u00e9 es una obra tan necesaria, sobre todo en materia de Protecci\u00f3n Civil, pero tambi\u00e9n para mejorar la calidad de vida de las y los benitojuarenses, de las y los quintanarroenses. Con esta nueva vialidad el bulevar Kukulc\u00e1n tendr\u00e1 menos carga vehicular.<\/p>\n\n\n\n<p>\u201cY eso tambi\u00e9n mejorar\u00e1 la vida de los seres humanos, la gente que va y viene en el transporte p\u00fablico podr\u00e1 pasar menos tiempo en el transporte y m\u00e1s tiempo en casa, con sus hijos, con su familia\u201d puntualiz\u00f3 la gobernadora Mara Lezama.<\/p>\n\n\n\n<figure class=\"wp-block-image size-large\"><img loading=\"lazy\" decoding=\"async\" width=\"1024\" height=\"683\" src=\"http:\/\/vertienteglobal.com\/wp-content\/uploads\/2023\/09\/WhatsApp-Image-2023-09-30-at-10.22.30-2-scaled-1-1024x683.jpeg\" alt=\"\" class=\"wp-image-231610\" srcset=\"http:\/\/vertienteglobal.com\/wp-content\/uploads\/2023\/09\/WhatsApp-Image-2023-09-30-at-10.22.30-2-scaled-1-1024x683.jpeg 1024w, http:\/\/vertienteglobal.com\/wp-content\/uploads\/2023\/09\/WhatsApp-Image-2023-09-30-at-10.22.30-2-scaled-1-300x200.jpeg 300w, http:\/\/vertienteglobal.com\/wp-content\/uploads\/2023\/09\/WhatsApp-Image-2023-09-30-at-10.22.30-2-scaled-1-150x100.jpeg 150w, http:\/\/vertienteglobal.com\/wp-content\/uploads\/2023\/09\/WhatsApp-Image-2023-09-30-at-10.22.30-2-scaled-1-768x512.jpeg 768w, http:\/\/vertienteglobal.com\/wp-content\/uploads\/2023\/09\/WhatsApp-Image-2023-09-30-at-10.22.30-2-scaled-1-1536x1024.jpeg 1536w, http:\/\/vertienteglobal.com\/wp-content\/uploads\/2023\/09\/WhatsApp-Image-2023-09-30-at-10.22.30-2-scaled-1-2048x1366.jpeg 2048w\" sizes=\"auto, (max-width: 1024px) 100vw, 1024px\" \/><\/figure>\n\n\n\n<figure class=\"wp-block-image size-full\"><img loading=\"lazy\" decoding=\"async\" width=\"585\" height=\"439\" src=\"http:\/\/vertienteglobal.com\/wp-content\/uploads\/2023\/09\/WhatsApp-Image-2023-09-30-at-10.22.29-585x439-1.jpeg\" alt=\"\" class=\"wp-image-231611\" srcset=\"http:\/\/vertienteglobal.com\/wp-content\/uploads\/2023\/09\/WhatsApp-Image-2023-09-30-at-10.22.29-585x439-1.jpeg 585w, http:\/\/vertienteglobal.com\/wp-content\/uploads\/2023\/09\/WhatsApp-Image-2023-09-30-at-10.22.29-585x439-1-300x225.jpeg 300w, http:\/\/vertienteglobal.com\/wp-content\/uploads\/2023\/09\/WhatsApp-Image-2023-09-30-at-10.22.29-585x439-1-150x113.jpeg 150w\" sizes=\"auto, (max-width: 585px) 100vw, 585px\" \/><\/figure>\n\n\n\n<figure class=\"wp-block-image size-full\"><img loading=\"lazy\" decoding=\"async\" width=\"585\" height=\"390\" src=\"http:\/\/vertienteglobal.com\/wp-content\/uploads\/2023\/09\/WhatsApp-Image-2023-09-30-at-10.22.30-1-585x390-1.jpeg\" alt=\"\" class=\"wp-image-231612\" srcset=\"http:\/\/vertienteglobal.com\/wp-content\/uploads\/2023\/09\/WhatsApp-Image-2023-09-30-at-10.22.30-1-585x390-1.jpeg 585w, http:\/\/vertienteglobal.com\/wp-content\/uploads\/2023\/09\/WhatsApp-Image-2023-09-30-at-10.22.30-1-585x390-1-300x200.jpeg 300w, http:\/\/vertienteglobal.com\/wp-content\/uploads\/2023\/09\/WhatsApp-Image-2023-09-30-at-10.22.30-1-585x390-1-150x100.jpeg 150w\" sizes=\"auto, (max-width: 585px) 100vw, 585px\" \/><\/figure>\n\n\n\n<figure class=\"wp-block-image size-full\"><img loading=\"lazy\" decoding=\"async\" width=\"585\" height=\"390\" src=\"http:\/\/vertienteglobal.com\/wp-content\/uploads\/2023\/09\/WhatsApp-Image-2023-09-30-at-10.22.30-585x390-1.jpeg\" alt=\"\" class=\"wp-image-231613\" srcset=\"http:\/\/vertienteglobal.com\/wp-content\/uploads\/2023\/09\/WhatsApp-Image-2023-09-30-at-10.22.30-585x390-1.jpeg 585w, http:\/\/vertienteglobal.com\/wp-content\/uploads\/2023\/09\/WhatsApp-Image-2023-09-30-at-10.22.30-585x390-1-300x200.jpeg 300w, http:\/\/vertienteglobal.com\/wp-content\/uploads\/2023\/09\/WhatsApp-Image-2023-09-30-at-10.22.30-585x390-1-150x100.jpeg 150w\" sizes=\"auto, (max-width: 585px) 100vw, 585px\" \/><\/figure>\n","protected":false},"excerpt":{"rendered":"<p>(Redacci\u00f3n) La Gobernadora destac\u00f3 el trabajo de quienes est\u00e1n a cargo de esta obra que estar\u00e1 lista en el 2024 y que es tan necesaria para la movilidad de la ciudadan\u00eda quintanarroenese y de los turistas Canc\u00fan, Quintana Roo, a 30 de septiembre del 2023.- El puente de la laguna Nichupt\u00e9 ser\u00e1 una realidad en [&hellip;]<\/p>\n","protected":false},"author":1,"featured_media":231610,"comment_status":"open","ping_status":"open","sticky":false,"template":"","format":"standard","meta":{"footnotes":""},"categories":[3],"tags":[],"class_list":["post-231608","post","type-post","status-publish","format-standard","has-post-thumbnail","hentry","category-quintana-roo","entry","has-media"],"jetpack_featured_media_url":"http:\/\/vertienteglobal.com\/wp-content\/uploads\/2023\/09\/WhatsApp-Image-2023-09-30-at-10.22.30-2-scaled-1.jpeg","_links":{"self":[{"href":"http:\/\/vertienteglobal.com\/index.php?rest_route=\/wp\/v2\/posts\/231608","targetHints":{"allow":["GET"]}}],"collection":[{"href":"http:\/\/vertienteglobal.com\/index.php?rest_route=\/wp\/v2\/posts"}],"about":[{"href":"http:\/\/vertienteglobal.com\/index.php?rest_route=\/wp\/v2\/types\/post"}],"author":[{"embeddable":true,"href":"http:\/\/vertienteglobal.com\/index.php?rest_route=\/wp\/v2\/users\/1"}],"replies":[{"embeddable":true,"href":"http:\/\/vertienteglobal.com\/index.php?rest_route=%2Fwp%2Fv2%2Fcomments&post=231608"}],"version-history":[{"count":0,"href":"http:\/\/vertienteglobal.com\/index.php?rest_route=\/wp\/v2\/posts\/231608\/revisions"}],"wp:featuredmedia":[{"embeddable":true,"href":"http:\/\/vertienteglobal.com\/index.php?rest_route=\/wp\/v2\/media\/231610"}],"wp:attachment":[{"href":"http:\/\/vertienteglobal.com\/index.php?rest_route=%2Fwp%2Fv2%2Fmedia&parent=231608"}],"wp:term":[{"taxonomy":"category","embeddable":true,"href":"http:\/\/vertienteglobal.com\/index.php?rest_route=%2Fwp%2Fv2%2Fcategories&post=231608"},{"taxonomy":"post_tag","embeddable":true,"href":"http:\/\/vertienteglobal.com\/index.php?rest_route=%2Fwp%2Fv2%2Ftags&post=231608"}],"curies":[{"name":"wp","href":"https:\/\/api.w.org\/{rel}","templated":true}]}}