{"id":231599,"date":"2023-09-29T21:24:00","date_gmt":"2023-09-30T02:24:00","guid":{"rendered":"http:\/\/vertienteglobal.com\/?p=231599"},"modified":"2023-09-30T11:13:27","modified_gmt":"2023-09-30T16:13:27","slug":"eugenio-segura-vazquez-participa-en-reunion-de-funcionarios-fiscales","status":"publish","type":"post","link":"http:\/\/vertienteglobal.com\/?p=231599","title":{"rendered":"Eugenio Segura V\u00e1zquez participa en reuni\u00f3n de funcionarios fiscales"},"content":{"rendered":"\n<div class=\"twitterbutton\" style=\"float: right; padding-left: 5px;\"><a href=\"http:\/\/twitter.com\/share\" class=\"twitter-share-button\" data-count=\"horizontal\" data-text=\"Eugenio Segura V\u00e1zquez participa en reuni\u00f3n de funcionarios fiscales\" data-via=\"https:\/\/twitter.com\/VertienteGloba1\" data-url=\"http:\/\/vertienteglobal.com\/?p=231599\" data-lang=\"es\" data-related=\"Informaci\u00f3n general:S\u00edguenos para que est\u00e9ss informado\"><\/a><\/div>\n<figure class=\"wp-block-image size-large\"><img loading=\"lazy\" decoding=\"async\" width=\"1024\" height=\"273\" src=\"http:\/\/vertienteglobal.com\/wp-content\/uploads\/2023\/09\/sfp-1024x273.jpg\" alt=\"\" class=\"wp-image-231600\" srcset=\"http:\/\/vertienteglobal.com\/wp-content\/uploads\/2023\/09\/sfp-1024x273.jpg 1024w, http:\/\/vertienteglobal.com\/wp-content\/uploads\/2023\/09\/sfp-300x80.jpg 300w, http:\/\/vertienteglobal.com\/wp-content\/uploads\/2023\/09\/sfp-150x40.jpg 150w, http:\/\/vertienteglobal.com\/wp-content\/uploads\/2023\/09\/sfp-768x204.jpg 768w, http:\/\/vertienteglobal.com\/wp-content\/uploads\/2023\/09\/sfp-1536x409.jpg 1536w, http:\/\/vertienteglobal.com\/wp-content\/uploads\/2023\/09\/sfp.jpg 1600w\" sizes=\"auto, (max-width: 1024px) 100vw, 1024px\" \/><\/figure>\n\n\n\n<p>(Redacci\u00f3n)<\/p>\n\n\n\n<p>Segura V\u00e1zquez manifest\u00f3 el apoyo del Gobierno del Estado a trav\u00e9s de la SEFIPLAN para trabajar en coordinaci\u00f3n con las entidades que requieran utilizar el mismo modelo<\/p>\n\n\n\n<p>Huatulco, Oaxaca, 29 de septiembre del 2023.- El Secretario de Finanzas y Planeaci\u00f3n del Gobierno de Quintana Roo, Eugenio Segura V\u00e1zquez, particip\u00f3 en la CCCLIII (353) Reuni\u00f3n de la Comisi\u00f3n Permanente de Funcionarios Fiscales, realizada en Huatulco, Oaxaca en la que se analizaron las expectativas de ingresos a nivel federal, adem\u00e1s se valoraron las proyecciones para el cierre de este 2023.<\/p>\n\n\n\n<p>El titular de la SEFIPLAN comparti\u00f3 que Quintana Roo tiene buenas pr\u00e1cticas para el manejo de los recursos en cuanto a protecci\u00f3n para bienes inmuebles y la recuperaci\u00f3n de playas y arrecifes en caso de alg\u00fan fen\u00f3meno hidrometeorol\u00f3gico por lo que se ha hecho acreedor a reconocimiento a nivel nacional.<\/p>\n\n\n\n<p>En este sentido, Segura V\u00e1zquez manifest\u00f3 el apoyo del Gobierno del Estado a trav\u00e9s de la SEFIPLAN para trabajar en coordinaci\u00f3n con las entidades que requieran utilizar el mismo modelo.<\/p>\n\n\n\n<p>Durante la reuni\u00f3n se cont\u00f3 con la presencia del Gobernador de Oaxaca, Salom\u00f3n Jara Cruz; as\u00ed como, funcionarios de la Secretar\u00eda de Hacienda y Cr\u00e9dito P\u00fablico; Fernando Renoir Baca Rivera, titular de la Unidad de Coordinaci\u00f3n con Entidades Federativa y el Director General de Transferencias Federales, Alan Carbajal Z\u00fa\u00f1iga y, Javier Jim\u00e9nez Jim\u00e9nez, Secretario de Hacienda de Oaxaca y Coordinador de la Comisi\u00f3n Permanente de Funcionarios Fiscales.<\/p>\n\n\n\n<p>A lo largo de la jornada fiscal, se trataron diversos temas que fueron expuestos por la Auditor\u00eda Superior de la Federaci\u00f3n; Secretar\u00eda de Hacienda y Cr\u00e9dito P\u00fablico; Servicio de Administraci\u00f3n Tributaria; Procuradur\u00eda Fiscal de la Federaci\u00f3n; Procuradur\u00eda de la Defensa del Contribuyente; ISSSTE; Agencia Nacional de Aduanas de M\u00e9xico; Unidad de Coordinaci\u00f3n con Entidades Federativas y del INDETEC.<\/p>\n\n\n\n<figure class=\"wp-block-image size-full\"><img loading=\"lazy\" decoding=\"async\" width=\"585\" height=\"390\" src=\"http:\/\/vertienteglobal.com\/wp-content\/uploads\/2023\/09\/sfp2-585x390-1.jpg\" alt=\"\" class=\"wp-image-231601\" srcset=\"http:\/\/vertienteglobal.com\/wp-content\/uploads\/2023\/09\/sfp2-585x390-1.jpg 585w, http:\/\/vertienteglobal.com\/wp-content\/uploads\/2023\/09\/sfp2-585x390-1-300x200.jpg 300w, http:\/\/vertienteglobal.com\/wp-content\/uploads\/2023\/09\/sfp2-585x390-1-150x100.jpg 150w\" sizes=\"auto, (max-width: 585px) 100vw, 585px\" \/><\/figure>\n","protected":false},"excerpt":{"rendered":"<p>(Redacci\u00f3n) Segura V\u00e1zquez manifest\u00f3 el apoyo del Gobierno del Estado a trav\u00e9s de la SEFIPLAN para trabajar en coordinaci\u00f3n con las entidades que requieran utilizar el mismo modelo Huatulco, Oaxaca, 29 de septiembre del 2023.- El Secretario de Finanzas y Planeaci\u00f3n del Gobierno de Quintana Roo, Eugenio Segura V\u00e1zquez, particip\u00f3 en la CCCLIII (353) Reuni\u00f3n [&hellip;]<\/p>\n","protected":false},"author":1,"featured_media":231600,"comment_status":"open","ping_status":"open","sticky":false,"template":"","format":"standard","meta":{"footnotes":""},"categories":[8,3],"tags":[],"class_list":["post-231599","post","type-post","status-publish","format-standard","has-post-thumbnail","hentry","category-pais","category-quintana-roo","entry","has-media"],"jetpack_featured_media_url":"http:\/\/vertienteglobal.com\/wp-content\/uploads\/2023\/09\/sfp.jpg","_links":{"self":[{"href":"http:\/\/vertienteglobal.com\/index.php?rest_route=\/wp\/v2\/posts\/231599","targetHints":{"allow":["GET"]}}],"collection":[{"href":"http:\/\/vertienteglobal.com\/index.php?rest_route=\/wp\/v2\/posts"}],"about":[{"href":"http:\/\/vertienteglobal.com\/index.php?rest_route=\/wp\/v2\/types\/post"}],"author":[{"embeddable":true,"href":"http:\/\/vertienteglobal.com\/index.php?rest_route=\/wp\/v2\/users\/1"}],"replies":[{"embeddable":true,"href":"http:\/\/vertienteglobal.com\/index.php?rest_route=%2Fwp%2Fv2%2Fcomments&post=231599"}],"version-history":[{"count":0,"href":"http:\/\/vertienteglobal.com\/index.php?rest_route=\/wp\/v2\/posts\/231599\/revisions"}],"wp:featuredmedia":[{"embeddable":true,"href":"http:\/\/vertienteglobal.com\/index.php?rest_route=\/wp\/v2\/media\/231600"}],"wp:attachment":[{"href":"http:\/\/vertienteglobal.com\/index.php?rest_route=%2Fwp%2Fv2%2Fmedia&parent=231599"}],"wp:term":[{"taxonomy":"category","embeddable":true,"href":"http:\/\/vertienteglobal.com\/index.php?rest_route=%2Fwp%2Fv2%2Fcategories&post=231599"},{"taxonomy":"post_tag","embeddable":true,"href":"http:\/\/vertienteglobal.com\/index.php?rest_route=%2Fwp%2Fv2%2Ftags&post=231599"}],"curies":[{"name":"wp","href":"https:\/\/api.w.org\/{rel}","templated":true}]}}