{"id":231411,"date":"2023-09-27T19:24:30","date_gmt":"2023-09-28T00:24:30","guid":{"rendered":"http:\/\/vertienteglobal.com\/?p=231411"},"modified":"2023-09-27T19:26:49","modified_gmt":"2023-09-28T00:26:49","slug":"231411","status":"publish","type":"post","link":"http:\/\/vertienteglobal.com\/?p=231411","title":{"rendered":"Aprueban calendario de comparecencias para la glosa del primer informe en el Congreso del Estado de Quintana Roo"},"content":{"rendered":"\n<div class=\"twitterbutton\" style=\"float: right; padding-left: 5px;\"><a href=\"http:\/\/twitter.com\/share\" class=\"twitter-share-button\" data-count=\"horizontal\" data-text=\"Aprueban calendario de comparecencias para la glosa del primer informe en el Con...\" data-via=\"https:\/\/twitter.com\/VertienteGloba1\" data-url=\"http:\/\/vertienteglobal.com\/?p=231411\" data-lang=\"es\" data-related=\"Informaci\u00f3n general:S\u00edguenos para que est\u00e9ss informado\"><\/a><\/div>\n<figure class=\"wp-block-image size-full\"><img loading=\"lazy\" decoding=\"async\" width=\"720\" height=\"332\" src=\"http:\/\/vertienteglobal.com\/wp-content\/uploads\/2023\/09\/FB_IMG_1695857973108.jpg\" alt=\"\" class=\"wp-image-231413\" srcset=\"http:\/\/vertienteglobal.com\/wp-content\/uploads\/2023\/09\/FB_IMG_1695857973108.jpg 720w, http:\/\/vertienteglobal.com\/wp-content\/uploads\/2023\/09\/FB_IMG_1695857973108-300x138.jpg 300w, http:\/\/vertienteglobal.com\/wp-content\/uploads\/2023\/09\/FB_IMG_1695857973108-150x69.jpg 150w\" sizes=\"auto, (max-width: 720px) 100vw, 720px\" \/><\/figure>\n\n\n\n<p>(Redacci\u00f3n)<\/p>\n\n\n\n<p>El Pleno Legislativo aprob\u00f3 los acuerdos por los que la Junta de Gobierno y Coordinaci\u00f3n Pol\u00edtica propuso la calendarizaci\u00f3n de las comparecencias, las cuales se desarrollar\u00e1n del 9 al 26 de octubre del presente a\u00f1o<\/p>\n\n\n\n<p>Chetumal, Quintana Roo, Quintana Roo a 27 de septiembre de 2023.-La XVII Legislatura del Estado aprob\u00f3 la calendarizaci\u00f3n de las comparecencias de los titulares del gabinete legal y ampliado de la administraci\u00f3n p\u00fablica estatal, con motivo del an\u00e1lisis de la glosa del primer informe de Gobierno de Mara Lezama, as\u00ed como de las personas titulares de los \u00f3rganos p\u00fablicos aut\u00f3nomos.<\/p>\n\n\n\n<p>En la sesi\u00f3n ordinaria n\u00famero 8, el Pleno Legislativo aprob\u00f3 los acuerdos por los que la Junta de Gobierno y Coordinaci\u00f3n Pol\u00edtica propuso la calendarizaci\u00f3n de las comparecencias, las cuales se desarrollar\u00e1n del 9 al 26 de octubre del presente a\u00f1o.<\/p>\n\n\n\n<p>Las comparecencias de las personas titulares del gabinete legal y ampliado de la administraci\u00f3n p\u00fablica estatal se efectuar\u00e1n ante las comisiones ordinarias competentes, en la Sala de Comisiones y se realizar\u00e1n en sesi\u00f3n p\u00fablica.<\/p>\n\n\n\n<p>En tanto, las comparecencias de las personas titulares o en su caso, de quien detente la Presidencia de los diferentes \u00f3rganos p\u00fablicos aut\u00f3nomos se realizar\u00e1n ante el Pleno de la Legislatura.<\/p>\n\n\n\n<p>Por otra parte, el Congreso del Estado aprob\u00f3 declarar patrimonio cultural tangible los siguientes monumentos municipales: la Iglesia de Tihosuco, el Fuerte de San Felipe y la Iglesia de San Joaqu\u00edn en Bacalar, el Museo del Fuerte de Bacalar: el Monumento Cuna del Mestizaje y el Museo de la Cultura Maya, ambos ubicados en Chetumal.<\/p>\n\n\n\n<p>Tambi\u00e9n se declar\u00f3 patrimonio: el Portal Maya en Solidaridad, el Museo de la Isla de Cozumel, el Reloj de Cozumel, el Monumento al Mestizaje en Cozumel, el Faro Inclinado de Puerto Morelos, el Centro Ceremonial Maya de Tulum; el Monumento a la Historia de M\u00e9xico y el Monumento a Jos\u00e9 Mart\u00ed en Benito Ju\u00e1rez; y la Hacienda Mundaca en Isla Mujeres.<\/p>\n\n\n\n<p>Con esta declaratoria se realizar\u00e1n acciones de rescate, protecci\u00f3n, conservaci\u00f3n o preservaci\u00f3n de estos bienes hist\u00f3ricos reconocidos como patrimonio cultural arquitect\u00f3nico de nuestra entidad.<\/p>\n\n\n\n<figure class=\"wp-block-image size-full\"><img loading=\"lazy\" decoding=\"async\" width=\"720\" height=\"1025\" src=\"http:\/\/vertienteglobal.com\/wp-content\/uploads\/2023\/09\/FB_IMG_1695857975573.jpg\" alt=\"\" class=\"wp-image-231415\" srcset=\"http:\/\/vertienteglobal.com\/wp-content\/uploads\/2023\/09\/FB_IMG_1695857975573.jpg 720w, http:\/\/vertienteglobal.com\/wp-content\/uploads\/2023\/09\/FB_IMG_1695857975573-211x300.jpg 211w, http:\/\/vertienteglobal.com\/wp-content\/uploads\/2023\/09\/FB_IMG_1695857975573-105x150.jpg 105w\" sizes=\"auto, (max-width: 720px) 100vw, 720px\" \/><\/figure>\n\n\n\n<figure class=\"wp-block-image size-large is-resized\"><img loading=\"lazy\" decoding=\"async\" src=\"http:\/\/vertienteglobal.com\/wp-content\/uploads\/2023\/09\/FB_IMG_1695857977994-700x1024.jpg\" alt=\"\" class=\"wp-image-231416\" style=\"width:396px;height:580px\" width=\"396\" height=\"580\" srcset=\"http:\/\/vertienteglobal.com\/wp-content\/uploads\/2023\/09\/FB_IMG_1695857977994-700x1024.jpg 700w, http:\/\/vertienteglobal.com\/wp-content\/uploads\/2023\/09\/FB_IMG_1695857977994-205x300.jpg 205w, http:\/\/vertienteglobal.com\/wp-content\/uploads\/2023\/09\/FB_IMG_1695857977994-102x150.jpg 102w, http:\/\/vertienteglobal.com\/wp-content\/uploads\/2023\/09\/FB_IMG_1695857977994.jpg 720w\" sizes=\"auto, (max-width: 396px) 100vw, 396px\" \/><\/figure>\n\n\n\n<figure class=\"wp-block-image size-full\"><img loading=\"lazy\" decoding=\"async\" width=\"720\" height=\"991\" src=\"http:\/\/vertienteglobal.com\/wp-content\/uploads\/2023\/09\/FB_IMG_1695857980180.jpg\" alt=\"\" class=\"wp-image-231417\" srcset=\"http:\/\/vertienteglobal.com\/wp-content\/uploads\/2023\/09\/FB_IMG_1695857980180.jpg 720w, http:\/\/vertienteglobal.com\/wp-content\/uploads\/2023\/09\/FB_IMG_1695857980180-218x300.jpg 218w, http:\/\/vertienteglobal.com\/wp-content\/uploads\/2023\/09\/FB_IMG_1695857980180-109x150.jpg 109w\" sizes=\"auto, (max-width: 720px) 100vw, 720px\" \/><\/figure>\n","protected":false},"excerpt":{"rendered":"<p>(Redacci\u00f3n) El Pleno Legislativo aprob\u00f3 los acuerdos por los que la Junta de Gobierno y Coordinaci\u00f3n Pol\u00edtica propuso la calendarizaci\u00f3n de las comparecencias, las cuales se desarrollar\u00e1n del 9 al 26 de octubre del presente a\u00f1o Chetumal, Quintana Roo, Quintana Roo a 27 de septiembre de 2023.-La XVII Legislatura del Estado aprob\u00f3 la calendarizaci\u00f3n de [&hellip;]<\/p>\n","protected":false},"author":1,"featured_media":231413,"comment_status":"open","ping_status":"open","sticky":false,"template":"","format":"standard","meta":{"footnotes":""},"categories":[3],"tags":[],"class_list":["post-231411","post","type-post","status-publish","format-standard","has-post-thumbnail","hentry","category-quintana-roo","entry","has-media"],"jetpack_featured_media_url":"http:\/\/vertienteglobal.com\/wp-content\/uploads\/2023\/09\/FB_IMG_1695857973108.jpg","_links":{"self":[{"href":"http:\/\/vertienteglobal.com\/index.php?rest_route=\/wp\/v2\/posts\/231411","targetHints":{"allow":["GET"]}}],"collection":[{"href":"http:\/\/vertienteglobal.com\/index.php?rest_route=\/wp\/v2\/posts"}],"about":[{"href":"http:\/\/vertienteglobal.com\/index.php?rest_route=\/wp\/v2\/types\/post"}],"author":[{"embeddable":true,"href":"http:\/\/vertienteglobal.com\/index.php?rest_route=\/wp\/v2\/users\/1"}],"replies":[{"embeddable":true,"href":"http:\/\/vertienteglobal.com\/index.php?rest_route=%2Fwp%2Fv2%2Fcomments&post=231411"}],"version-history":[{"count":0,"href":"http:\/\/vertienteglobal.com\/index.php?rest_route=\/wp\/v2\/posts\/231411\/revisions"}],"wp:featuredmedia":[{"embeddable":true,"href":"http:\/\/vertienteglobal.com\/index.php?rest_route=\/wp\/v2\/media\/231413"}],"wp:attachment":[{"href":"http:\/\/vertienteglobal.com\/index.php?rest_route=%2Fwp%2Fv2%2Fmedia&parent=231411"}],"wp:term":[{"taxonomy":"category","embeddable":true,"href":"http:\/\/vertienteglobal.com\/index.php?rest_route=%2Fwp%2Fv2%2Fcategories&post=231411"},{"taxonomy":"post_tag","embeddable":true,"href":"http:\/\/vertienteglobal.com\/index.php?rest_route=%2Fwp%2Fv2%2Ftags&post=231411"}],"curies":[{"name":"wp","href":"https:\/\/api.w.org\/{rel}","templated":true}]}}