{"id":231407,"date":"2023-09-27T19:19:00","date_gmt":"2023-09-28T00:19:00","guid":{"rendered":"http:\/\/vertienteglobal.com\/?p=231407"},"modified":"2023-09-27T19:23:58","modified_gmt":"2023-09-28T00:23:58","slug":"seguimos-legislando-para-alcanzar-un-turismo-equilibrado-sostenible-e-incluyente-anahi-gonzalez","status":"publish","type":"post","link":"http:\/\/vertienteglobal.com\/?p=231407","title":{"rendered":"Seguimos legislando para alcanzar un turismo equilibrado, sostenible e incluyente: Anah\u00ed Gonz\u00e1lez"},"content":{"rendered":"\n<div class=\"twitterbutton\" style=\"float: right; padding-left: 5px;\"><a href=\"http:\/\/twitter.com\/share\" class=\"twitter-share-button\" data-count=\"horizontal\" data-text=\"Seguimos legislando para alcanzar un turismo equilibrado, sostenible e incluyent...\" data-via=\"https:\/\/twitter.com\/VertienteGloba1\" data-url=\"http:\/\/vertienteglobal.com\/?p=231407\" data-lang=\"es\" data-related=\"Informaci\u00f3n general:S\u00edguenos para que est\u00e9ss informado\"><\/a><\/div>\n<figure class=\"wp-block-image size-full\"><img loading=\"lazy\" decoding=\"async\" width=\"720\" height=\"448\" src=\"http:\/\/vertienteglobal.com\/wp-content\/uploads\/2023\/09\/FB_IMG_16958571780892.jpg\" alt=\"\" class=\"wp-image-231408\" srcset=\"http:\/\/vertienteglobal.com\/wp-content\/uploads\/2023\/09\/FB_IMG_16958571780892.jpg 720w, http:\/\/vertienteglobal.com\/wp-content\/uploads\/2023\/09\/FB_IMG_16958571780892-300x187.jpg 300w, http:\/\/vertienteglobal.com\/wp-content\/uploads\/2023\/09\/FB_IMG_16958571780892-150x93.jpg 150w\" sizes=\"auto, (max-width: 720px) 100vw, 720px\" \/><\/figure>\n\n\n\n<p>(Redacci\u00f3n)<\/p>\n\n\n\n<p>En el D\u00eda Mundial del Turismo la diputada federal destaca que Quintana Roo contin\u00fae como l\u00edder entre los destinos favoritos<\/p>\n\n\n\n<p>La fundadora de MORENA se declara promotora de repensar la actividad tur\u00edstica a partir de una nueva perspectiva de desarrollo.<\/p>\n\n\n\n<p>Ciudad de M\u00e9xico, 27 de septiembre de 2023.- En su labor como legisladora federal y secretaria \u00abA\u00bb de la Comisi\u00f3n de Turismo, Anah\u00ed Gonz\u00e1lez ha presentado propuestas fundamentales para que cambie la visi\u00f3n de concentraci\u00f3n en unos cuantos destinos por la de diversificaci\u00f3n, mediante pol\u00edticas p\u00fablicas de actualizaci\u00f3n en la Ley General de Turismo.<\/p>\n\n\n\n<p>En el D\u00eda Mundial del Turismo la originaria de Canc\u00fan destac\u00f3 que su ciudad natal contin\u00fae siendo uno de los polos tur\u00edsticos m\u00e1s grandes del mundo, adem\u00e1s de fuente de riqueza y desarrollo para el sur del pa\u00eds y una econom\u00eda de vital importancia para M\u00e9xico.<\/p>\n\n\n\n<p>De acuerdo con datos proporcionados por la Secretar\u00eda de Turismo estatal en la semana del 16 al 22 de septiembre Quintana Roo recibi\u00f3 391,507 mil turistas, de los cuales el 65.6 por ciento se aloj\u00f3 en Canc\u00fan y arribaron a trav\u00e9s de 1, 622 vuelos entre nacionales e internacionales. En general, ha sido un a\u00f1o espl\u00e9ndido para el sector al posicionarse el estado como la entidad con mayor oferta hotelera en el pa\u00eds con m\u00e1s de 130 mil habitaciones.<\/p>\n\n\n\n<p>\u201cQuintana Roo alcanz\u00f3 un nuevo r\u00e9cord hist\u00f3rico en el primer semestre del a\u00f1o al recibir 10 millones 514 mil 428 turistas, cantidad que super\u00f3 el n\u00famero de afluencias respecto al 2022 en un 13.7%\u201d, recalc\u00f3 la diputada.<\/p>\n\n\n\n<p>Al respecto, record\u00f3 que en su calidad de integrante del Convenio de Colaboraci\u00f3n con la Secretar\u00eda de Turismo de Quintana Roo, ha expuesto la importancia de reducir la venta ap\u00f3crifa de servicios tur\u00edsticos. \u201cDesde el legislativo he exhortado a las entidades competentes a hacer que la estrategia de monitoreo del mundo digital sea permanente para dar m\u00e1s certidumbre jur\u00eddica al sector\u201d, explic\u00f3.<\/p>\n\n\n\n<p>Adem\u00e1s, como coordinadora de la Sub-Comisi\u00f3n de Turismo Rural, ha impulsado reformas para promover el desarrollo de las regiones, a fin de visibilizar nuevos destinos con vocaci\u00f3n rural de base comunitaria, \u201clo cual se pone de manifiesto este d\u00eda con el lema \u2018Turismo e inversiones verdes\u2019, a trav\u00e9s del Plan Maestro de Turismo Sustentable que ha impulsado nuestra Gobernadora Mara Lezama\u201d, sostuvo.<\/p>\n\n\n\n<p>Entre otras acciones, propone rehabilitar los caminos, las comunicaciones y transporte de interconexi\u00f3n que facilite su inclusi\u00f3n en la generaci\u00f3n de nuevas econom\u00edas.<\/p>\n\n\n\n<p>\u201cEl grupo parlamentario de Morena apoya todas las propuestas que fortalecen la industria tur\u00edstica con el objetivo de presentar a M\u00e9xico y al mundo un renovado modelo de desarrollo m\u00e1s justo, igualitario, sostenible e incluyente\u201d, subray\u00f3.<\/p>\n\n\n\n<p>Por otra parte, Anah\u00ed indic\u00f3 que la Secretar\u00eda de Turismo federal inform\u00f3 recientemente que en los primeros siete meses del a\u00f1o el flujo de pasajeros en operaciones nacionales origen-destino fue de 36 millones 510 mil 502 pasajeros y, para este a\u00f1o, se tiene una programaci\u00f3n de 82 millones 67 mil 709 asientos en servicio nacional en operaciones entre los diferentes destinos del pa\u00eds, lo que representa 10.4% m\u00e1s que lo programado en 2022.<\/p>\n\n\n\n<p>Las principales rutas en servicio nacional con el mayor n\u00famero de asientos programados son: AICM \u2013Canc\u00fan con 2 millones 487 mil asientos y Canc\u00fan -AICM con 2 millones 486 mil asientos.<\/p>\n\n\n\n<figure class=\"wp-block-image size-full\"><img loading=\"lazy\" decoding=\"async\" width=\"720\" height=\"960\" src=\"http:\/\/vertienteglobal.com\/wp-content\/uploads\/2023\/09\/FB_IMG_1695857178089.jpg\" alt=\"\" class=\"wp-image-231409\" srcset=\"http:\/\/vertienteglobal.com\/wp-content\/uploads\/2023\/09\/FB_IMG_1695857178089.jpg 720w, http:\/\/vertienteglobal.com\/wp-content\/uploads\/2023\/09\/FB_IMG_1695857178089-225x300.jpg 225w, http:\/\/vertienteglobal.com\/wp-content\/uploads\/2023\/09\/FB_IMG_1695857178089-113x150.jpg 113w\" sizes=\"auto, (max-width: 720px) 100vw, 720px\" \/><\/figure>\n","protected":false},"excerpt":{"rendered":"<p>(Redacci\u00f3n) En el D\u00eda Mundial del Turismo la diputada federal destaca que Quintana Roo contin\u00fae como l\u00edder entre los destinos favoritos La fundadora de MORENA se declara promotora de repensar la actividad tur\u00edstica a partir de una nueva perspectiva de desarrollo. Ciudad de M\u00e9xico, 27 de septiembre de 2023.- En su labor como legisladora federal [&hellip;]<\/p>\n","protected":false},"author":1,"featured_media":231408,"comment_status":"open","ping_status":"open","sticky":false,"template":"","format":"standard","meta":{"footnotes":""},"categories":[8,3],"tags":[],"class_list":["post-231407","post","type-post","status-publish","format-standard","has-post-thumbnail","hentry","category-pais","category-quintana-roo","entry","has-media"],"jetpack_featured_media_url":"http:\/\/vertienteglobal.com\/wp-content\/uploads\/2023\/09\/FB_IMG_16958571780892.jpg","_links":{"self":[{"href":"http:\/\/vertienteglobal.com\/index.php?rest_route=\/wp\/v2\/posts\/231407","targetHints":{"allow":["GET"]}}],"collection":[{"href":"http:\/\/vertienteglobal.com\/index.php?rest_route=\/wp\/v2\/posts"}],"about":[{"href":"http:\/\/vertienteglobal.com\/index.php?rest_route=\/wp\/v2\/types\/post"}],"author":[{"embeddable":true,"href":"http:\/\/vertienteglobal.com\/index.php?rest_route=\/wp\/v2\/users\/1"}],"replies":[{"embeddable":true,"href":"http:\/\/vertienteglobal.com\/index.php?rest_route=%2Fwp%2Fv2%2Fcomments&post=231407"}],"version-history":[{"count":0,"href":"http:\/\/vertienteglobal.com\/index.php?rest_route=\/wp\/v2\/posts\/231407\/revisions"}],"wp:featuredmedia":[{"embeddable":true,"href":"http:\/\/vertienteglobal.com\/index.php?rest_route=\/wp\/v2\/media\/231408"}],"wp:attachment":[{"href":"http:\/\/vertienteglobal.com\/index.php?rest_route=%2Fwp%2Fv2%2Fmedia&parent=231407"}],"wp:term":[{"taxonomy":"category","embeddable":true,"href":"http:\/\/vertienteglobal.com\/index.php?rest_route=%2Fwp%2Fv2%2Fcategories&post=231407"},{"taxonomy":"post_tag","embeddable":true,"href":"http:\/\/vertienteglobal.com\/index.php?rest_route=%2Fwp%2Fv2%2Ftags&post=231407"}],"curies":[{"name":"wp","href":"https:\/\/api.w.org\/{rel}","templated":true}]}}