{"id":231396,"date":"2023-09-27T18:24:00","date_gmt":"2023-09-27T23:24:00","guid":{"rendered":"http:\/\/vertienteglobal.com\/?p=231396"},"modified":"2023-09-27T19:18:30","modified_gmt":"2023-09-28T00:18:30","slug":"ana-paty-peralta-atiende-y-responde-a-cancuneneses-en-jornadas-de-atencion-ciudadana","status":"publish","type":"post","link":"http:\/\/vertienteglobal.com\/?p=231396","title":{"rendered":"Ana Paty Peralta atiende y responde a cancuneneses en jornadas de atenci\u00f3n ciudadana"},"content":{"rendered":"\n<div class=\"twitterbutton\" style=\"float: right; padding-left: 5px;\"><a href=\"http:\/\/twitter.com\/share\" class=\"twitter-share-button\" data-count=\"horizontal\" data-text=\"Ana Paty Peralta atiende y responde a cancuneneses en jornadas de atenci\u00f3n ciud...\" data-via=\"https:\/\/twitter.com\/VertienteGloba1\" data-url=\"http:\/\/vertienteglobal.com\/?p=231396\" data-lang=\"es\" data-related=\"Informaci\u00f3n general:S\u00edguenos para que est\u00e9ss informado\"><\/a><\/div>\n<figure class=\"wp-block-image size-full\"><img loading=\"lazy\" decoding=\"async\" width=\"720\" height=\"480\" src=\"http:\/\/vertienteglobal.com\/wp-content\/uploads\/2023\/09\/FB_IMG_1695860135237.jpg\" alt=\"\" class=\"wp-image-231397\" srcset=\"http:\/\/vertienteglobal.com\/wp-content\/uploads\/2023\/09\/FB_IMG_1695860135237.jpg 720w, http:\/\/vertienteglobal.com\/wp-content\/uploads\/2023\/09\/FB_IMG_1695860135237-300x200.jpg 300w, http:\/\/vertienteglobal.com\/wp-content\/uploads\/2023\/09\/FB_IMG_1695860135237-150x100.jpg 150w\" sizes=\"auto, (max-width: 720px) 100vw, 720px\" \/><\/figure>\n\n\n\n<p>(Redacci\u00f3n)<\/p>\n\n\n\n<p>La Primera Autoridad Municipal se dirigi\u00f3 a los servidores p\u00fablicos a quienes exhort\u00f3 a seguir recibiendo y atendiendo a la poblaci\u00f3n con la mejor actitud y una sonrisa, ya que es el compromiso de esta administraci\u00f3n municipal para alcanzar un mejor Canc\u00fan<\/p>\n\n\n\n<p>Canc\u00fan, Quintana Roo., a 27 de septiembre de 2023.-\u201cEstamos aqu\u00ed para servirles todo el equipo del Ayuntamiento: secretarios, directores, servidores p\u00fablicos que se encuentran en cada una de sus \u00e1reas; estoy a sus \u00f3rdenes, vamos a estar escuchando como siempre hasta la \u00faltima persona que lo necesite\u201d, reafirm\u00f3 la Presidente Municipal, Ana Paty Peralta , en la d\u00e9cimo quinta de la Jornada de Atenci\u00f3n Ciudadana \u201c\u00a1Canc\u00fan nos une!\u201d, que lleg\u00f3 ahora al domo deportivo de la Supermanzana 220.<\/p>\n\n\n\n<p>Desde su llegada a la sede de la actividad que en las ediciones anteriores ha logrado 40 mil atenciones, Ana Paty Peralta salud\u00f3 y platic\u00f3 con las y los ciudadanos que se encontraban ya formados para alg\u00fan tr\u00e1mite o servicio, de los m\u00e1s de 100 del cat\u00e1logo de gestiones en la brigada, con la finalidad de hacer m\u00e1s eficiente su conclusi\u00f3n, resoluci\u00f3n o ser canalizados hacia otra instancia del Gobierno de M\u00e9xico y del Estado.<\/p>\n\n\n\n<p>\u201cSeguimos pidi\u00e9ndole a los cancunenses que se acerquen para sus diferentes procedimientos administrativos desde regularizaci\u00f3n de impuesto predial, permisos de Protecci\u00f3n Civil o requisitos con otras dependencias; hay muchos temas de dudas y queremos ayudarles a resolver\u201d, afirm\u00f3.<\/p>\n\n\n\n<p>De igual manera, la Primera Autoridad Municipal se dirigi\u00f3 a los servidores p\u00fablicos a quienes exhort\u00f3 a seguir recibiendo y atendiendo a la poblaci\u00f3n con la mejor actitud y una sonrisa, ya que es el compromiso de esta administraci\u00f3n municipal para alcanzar un mejor Canc\u00fan.<\/p>\n\n\n\n<p>A lo largo de la jornada, Ana Paty Peralta otorg\u00f3 diferentes apoyos de manera directa a los beneficiados como sillas de ruedas a personas con discapacidad o con movilidad reducida, actas de nacimiento y antecedentes no penales, entre otros; adem\u00e1s escuch\u00f3 atentamente peticiones y necesidades de grupos de vecinos y habitantes en temas como solicitudes de pavimentaci\u00f3n, recolecci\u00f3n de residuos s\u00f3lidos, adecuaci\u00f3n de juegos infantiles y parques, as\u00ed como limpieza de \u00e1reas comunes, entre otros.<\/p>\n\n\n\n<figure class=\"wp-block-image size-full\"><img loading=\"lazy\" decoding=\"async\" width=\"720\" height=\"480\" src=\"http:\/\/vertienteglobal.com\/wp-content\/uploads\/2023\/09\/FB_IMG_1695860138983.jpg\" alt=\"\" class=\"wp-image-231398\" srcset=\"http:\/\/vertienteglobal.com\/wp-content\/uploads\/2023\/09\/FB_IMG_1695860138983.jpg 720w, http:\/\/vertienteglobal.com\/wp-content\/uploads\/2023\/09\/FB_IMG_1695860138983-300x200.jpg 300w, http:\/\/vertienteglobal.com\/wp-content\/uploads\/2023\/09\/FB_IMG_1695860138983-150x100.jpg 150w\" sizes=\"auto, (max-width: 720px) 100vw, 720px\" \/><\/figure>\n","protected":false},"excerpt":{"rendered":"<p>(Redacci\u00f3n) La Primera Autoridad Municipal se dirigi\u00f3 a los servidores p\u00fablicos a quienes exhort\u00f3 a seguir recibiendo y atendiendo a la poblaci\u00f3n con la mejor actitud y una sonrisa, ya que es el compromiso de esta administraci\u00f3n municipal para alcanzar un mejor Canc\u00fan Canc\u00fan, Quintana Roo., a 27 de septiembre de 2023.-\u201cEstamos aqu\u00ed para servirles [&hellip;]<\/p>\n","protected":false},"author":1,"featured_media":231397,"comment_status":"open","ping_status":"open","sticky":false,"template":"","format":"standard","meta":{"footnotes":""},"categories":[3],"tags":[],"class_list":["post-231396","post","type-post","status-publish","format-standard","has-post-thumbnail","hentry","category-quintana-roo","entry","has-media"],"jetpack_featured_media_url":"http:\/\/vertienteglobal.com\/wp-content\/uploads\/2023\/09\/FB_IMG_1695860135237.jpg","_links":{"self":[{"href":"http:\/\/vertienteglobal.com\/index.php?rest_route=\/wp\/v2\/posts\/231396","targetHints":{"allow":["GET"]}}],"collection":[{"href":"http:\/\/vertienteglobal.com\/index.php?rest_route=\/wp\/v2\/posts"}],"about":[{"href":"http:\/\/vertienteglobal.com\/index.php?rest_route=\/wp\/v2\/types\/post"}],"author":[{"embeddable":true,"href":"http:\/\/vertienteglobal.com\/index.php?rest_route=\/wp\/v2\/users\/1"}],"replies":[{"embeddable":true,"href":"http:\/\/vertienteglobal.com\/index.php?rest_route=%2Fwp%2Fv2%2Fcomments&post=231396"}],"version-history":[{"count":0,"href":"http:\/\/vertienteglobal.com\/index.php?rest_route=\/wp\/v2\/posts\/231396\/revisions"}],"wp:featuredmedia":[{"embeddable":true,"href":"http:\/\/vertienteglobal.com\/index.php?rest_route=\/wp\/v2\/media\/231397"}],"wp:attachment":[{"href":"http:\/\/vertienteglobal.com\/index.php?rest_route=%2Fwp%2Fv2%2Fmedia&parent=231396"}],"wp:term":[{"taxonomy":"category","embeddable":true,"href":"http:\/\/vertienteglobal.com\/index.php?rest_route=%2Fwp%2Fv2%2Fcategories&post=231396"},{"taxonomy":"post_tag","embeddable":true,"href":"http:\/\/vertienteglobal.com\/index.php?rest_route=%2Fwp%2Fv2%2Ftags&post=231396"}],"curies":[{"name":"wp","href":"https:\/\/api.w.org\/{rel}","templated":true}]}}