{"id":231391,"date":"2023-09-27T17:55:00","date_gmt":"2023-09-27T22:55:00","guid":{"rendered":"http:\/\/vertienteglobal.com\/?p=231391"},"modified":"2023-09-27T19:15:27","modified_gmt":"2023-09-28T00:15:27","slug":"ambicioso-proyecto-de-rompeolas-para-el-recodo-en-playa-del-carmen","status":"publish","type":"post","link":"http:\/\/vertienteglobal.com\/?p=231391","title":{"rendered":"Ambicioso proyecto de rompeolas para El Recodo, en Playa del Carmen"},"content":{"rendered":"\n<div class=\"twitterbutton\" style=\"float: right; padding-left: 5px;\"><a href=\"http:\/\/twitter.com\/share\" class=\"twitter-share-button\" data-count=\"horizontal\" data-text=\"Ambicioso proyecto de rompeolas para El Recodo, en Playa del Carmen\" data-via=\"https:\/\/twitter.com\/VertienteGloba1\" data-url=\"http:\/\/vertienteglobal.com\/?p=231391\" data-lang=\"es\" data-related=\"Informaci\u00f3n general:S\u00edguenos para que est\u00e9ss informado\"><\/a><\/div>\n<figure class=\"wp-block-image size-full\"><img loading=\"lazy\" decoding=\"async\" width=\"720\" height=\"480\" src=\"http:\/\/vertienteglobal.com\/wp-content\/uploads\/2023\/09\/FB_IMG_1695859725357.jpg\" alt=\"\" class=\"wp-image-231392\" srcset=\"http:\/\/vertienteglobal.com\/wp-content\/uploads\/2023\/09\/FB_IMG_1695859725357.jpg 720w, http:\/\/vertienteglobal.com\/wp-content\/uploads\/2023\/09\/FB_IMG_1695859725357-300x200.jpg 300w, http:\/\/vertienteglobal.com\/wp-content\/uploads\/2023\/09\/FB_IMG_1695859725357-150x100.jpg 150w\" sizes=\"auto, (max-width: 720px) 100vw, 720px\" \/><\/figure>\n\n\n\n<p>(Redacci\u00f3n)<\/p>\n\n\n\n<p>Generar\u00eda beneficios para este destino, creando un arrecife y propiciando una extensa zona de nado. Estar\u00eda a la altura de la desembocadura de las calles 12 y 14 norte<\/p>\n\n\n\n<p>Playa del Carmen, Solidaridad, 27 de septiembre del 2023.- Aunque la recuperaci\u00f3n de playas en este destino es una realidad a trav\u00e9s de la arena recobrada del sargazo que se recolecta, el gobierno que encabeza Lili Campos tiene en puerta el proyecto de un rompeolas a la altura de El Recodo.<\/p>\n\n\n\n<p>La secretaria de Medio Ambiente Sustentable y Cambio Clim\u00e1tico, Lourdes V\u00e1rguez Ocampo, dijo que el rompeolas ser\u00eda construido de piedra natural, generando un arrecife y una extensa zona de nado. \u201cSer\u00eda colocado a la altura de las desembocaduras de las calles 12 y 14 norte, beneficiando la playa de \u201cEl Recodo\u201d, que por su forma c\u00f3ncava es erosionada.<\/p>\n\n\n\n<p>Abund\u00f3 que de concretarse este proyecto \u201clo m\u00e1s sano es que las escolleras de cemento frente a conocido hotel sean retiradas y sus propietarios colaboren con nosotros, pues no cumplen la funci\u00f3n para la que se construy\u00f3 y eso es evidente, pues no cuentan con playa seca\u201d.<br>Afirm\u00f3 que el beneficio es para todos, locales, visitantes y turistas, empresarios de la zona, aunado a que se protegen los recursos naturales.<\/p>\n\n\n\n<p>Por \u00faltimo, record\u00f3 que a la fecha han recuperado poco m\u00e1s de 15 mil toneladas de arena del sargazo recolectado y depositado en punto de acopio, el cual, despu\u00e9s de un tiempo se deshidrata, seca y pulveriza; posteriormente es cribado y recuperada la arena, la cual se ha devuelto a playas erosionadas, un gran logro municipal.<\/p>\n\n\n\n<figure class=\"wp-block-image size-full\"><img loading=\"lazy\" decoding=\"async\" width=\"720\" height=\"405\" src=\"http:\/\/vertienteglobal.com\/wp-content\/uploads\/2023\/09\/FB_IMG_1695859730975.jpg\" alt=\"\" class=\"wp-image-231393\" srcset=\"http:\/\/vertienteglobal.com\/wp-content\/uploads\/2023\/09\/FB_IMG_1695859730975.jpg 720w, http:\/\/vertienteglobal.com\/wp-content\/uploads\/2023\/09\/FB_IMG_1695859730975-300x169.jpg 300w, http:\/\/vertienteglobal.com\/wp-content\/uploads\/2023\/09\/FB_IMG_1695859730975-150x84.jpg 150w\" sizes=\"auto, (max-width: 720px) 100vw, 720px\" \/><\/figure>\n\n\n\n<figure class=\"wp-block-image size-full\"><img loading=\"lazy\" decoding=\"async\" width=\"720\" height=\"405\" src=\"http:\/\/vertienteglobal.com\/wp-content\/uploads\/2023\/09\/FB_IMG_1695859733703.jpg\" alt=\"\" class=\"wp-image-231394\" srcset=\"http:\/\/vertienteglobal.com\/wp-content\/uploads\/2023\/09\/FB_IMG_1695859733703.jpg 720w, http:\/\/vertienteglobal.com\/wp-content\/uploads\/2023\/09\/FB_IMG_1695859733703-300x169.jpg 300w, http:\/\/vertienteglobal.com\/wp-content\/uploads\/2023\/09\/FB_IMG_1695859733703-150x84.jpg 150w\" sizes=\"auto, (max-width: 720px) 100vw, 720px\" \/><\/figure>\n","protected":false},"excerpt":{"rendered":"<p>(Redacci\u00f3n) Generar\u00eda beneficios para este destino, creando un arrecife y propiciando una extensa zona de nado. Estar\u00eda a la altura de la desembocadura de las calles 12 y 14 norte Playa del Carmen, Solidaridad, 27 de septiembre del 2023.- Aunque la recuperaci\u00f3n de playas en este destino es una realidad a trav\u00e9s de la arena [&hellip;]<\/p>\n","protected":false},"author":1,"featured_media":231394,"comment_status":"open","ping_status":"open","sticky":false,"template":"","format":"standard","meta":{"footnotes":""},"categories":[3],"tags":[],"class_list":["post-231391","post","type-post","status-publish","format-standard","has-post-thumbnail","hentry","category-quintana-roo","entry","has-media"],"jetpack_featured_media_url":"http:\/\/vertienteglobal.com\/wp-content\/uploads\/2023\/09\/FB_IMG_1695859733703.jpg","_links":{"self":[{"href":"http:\/\/vertienteglobal.com\/index.php?rest_route=\/wp\/v2\/posts\/231391","targetHints":{"allow":["GET"]}}],"collection":[{"href":"http:\/\/vertienteglobal.com\/index.php?rest_route=\/wp\/v2\/posts"}],"about":[{"href":"http:\/\/vertienteglobal.com\/index.php?rest_route=\/wp\/v2\/types\/post"}],"author":[{"embeddable":true,"href":"http:\/\/vertienteglobal.com\/index.php?rest_route=\/wp\/v2\/users\/1"}],"replies":[{"embeddable":true,"href":"http:\/\/vertienteglobal.com\/index.php?rest_route=%2Fwp%2Fv2%2Fcomments&post=231391"}],"version-history":[{"count":0,"href":"http:\/\/vertienteglobal.com\/index.php?rest_route=\/wp\/v2\/posts\/231391\/revisions"}],"wp:featuredmedia":[{"embeddable":true,"href":"http:\/\/vertienteglobal.com\/index.php?rest_route=\/wp\/v2\/media\/231394"}],"wp:attachment":[{"href":"http:\/\/vertienteglobal.com\/index.php?rest_route=%2Fwp%2Fv2%2Fmedia&parent=231391"}],"wp:term":[{"taxonomy":"category","embeddable":true,"href":"http:\/\/vertienteglobal.com\/index.php?rest_route=%2Fwp%2Fv2%2Fcategories&post=231391"},{"taxonomy":"post_tag","embeddable":true,"href":"http:\/\/vertienteglobal.com\/index.php?rest_route=%2Fwp%2Fv2%2Ftags&post=231391"}],"curies":[{"name":"wp","href":"https:\/\/api.w.org\/{rel}","templated":true}]}}