{"id":231381,"date":"2023-09-27T13:50:00","date_gmt":"2023-09-27T18:50:00","guid":{"rendered":"http:\/\/vertienteglobal.com\/?p=231381"},"modified":"2023-09-27T19:03:40","modified_gmt":"2023-09-28T00:03:40","slug":"conmemoraron-en-chetumal-el-202-aniversario-de-la-consumacion-de-la-independencia-de-mexico","status":"publish","type":"post","link":"http:\/\/vertienteglobal.com\/?p=231381","title":{"rendered":"Conmemoraron en Chetumal el 202 aniversario de la Consumaci\u00f3n de la Independencia de M\u00e9xico"},"content":{"rendered":"\n<div class=\"twitterbutton\" style=\"float: right; padding-left: 5px;\"><a href=\"http:\/\/twitter.com\/share\" class=\"twitter-share-button\" data-count=\"horizontal\" data-text=\"Conmemoraron en Chetumal el 202 aniversario de la Consumaci\u00f3n de la Independenc...\" data-via=\"https:\/\/twitter.com\/VertienteGloba1\" data-url=\"http:\/\/vertienteglobal.com\/?p=231381\" data-lang=\"es\" data-related=\"Informaci\u00f3n general:S\u00edguenos para que est\u00e9ss informado\"><\/a><\/div>\n<figure class=\"wp-block-image size-large\"><img loading=\"lazy\" decoding=\"async\" width=\"1024\" height=\"641\" src=\"http:\/\/vertienteglobal.com\/wp-content\/uploads\/2023\/09\/WhatsApp-Image-2023-09-27-at-15.22.06-1024x641.jpeg\" alt=\"\" class=\"wp-image-231382\" srcset=\"http:\/\/vertienteglobal.com\/wp-content\/uploads\/2023\/09\/WhatsApp-Image-2023-09-27-at-15.22.06-1024x641.jpeg 1024w, http:\/\/vertienteglobal.com\/wp-content\/uploads\/2023\/09\/WhatsApp-Image-2023-09-27-at-15.22.06-300x188.jpeg 300w, http:\/\/vertienteglobal.com\/wp-content\/uploads\/2023\/09\/WhatsApp-Image-2023-09-27-at-15.22.06-150x94.jpeg 150w, http:\/\/vertienteglobal.com\/wp-content\/uploads\/2023\/09\/WhatsApp-Image-2023-09-27-at-15.22.06-768x481.jpeg 768w, http:\/\/vertienteglobal.com\/wp-content\/uploads\/2023\/09\/WhatsApp-Image-2023-09-27-at-15.22.06-1536x962.jpeg 1536w, http:\/\/vertienteglobal.com\/wp-content\/uploads\/2023\/09\/WhatsApp-Image-2023-09-27-at-15.22.06.jpeg 1600w\" sizes=\"auto, (max-width: 1024px) 100vw, 1024px\" \/><\/figure>\n\n\n\n<p>(Redacci\u00f3n)<\/p>\n\n\n\n<p>El 27 de septiembre de 1821 marc\u00f3 el inicio de una nueva etapa en la historia de M\u00e9xico<\/p>\n\n\n\n<p>Chetumal, Quintana Roo, a 27 de septiembre del 2023.- Con una ceremonia c\u00edvica el Gobierno de Quintana Roo conmemor\u00f3 en Chetumal, el 202 aniversario de la Consumaci\u00f3n de la Independencia de M\u00e9xico. El evento se llev\u00f3 a cabo al pie del Monumento a la Patria, situado a la entrada de la ciudad capital.<\/p>\n\n\n\n<p>Seg\u00fan marca la historia de nuestra naci\u00f3n, fue el 27 de septiembre de 1821 cuando el Ej\u00e9rcito de las Tres Garant\u00edas, integrado por tropas insurgentes y tropas que hab\u00edan sido fieles a la Corona Espa\u00f1ola entr\u00f3 triunfante a la Ciudad de M\u00e9xico, bajo el mando de Agust\u00edn de Iturbide. La consumaci\u00f3n de la Independencia marc\u00f3 el inicio de una nueva etapa en nuestra historia. Al separarse de Espa\u00f1a, M\u00e9xico se convirti\u00f3 en un pa\u00eds soberano, libre del dominio extranjero.<\/p>\n\n\n\n<p>La ceremonia conmemorativa organizada por la Secretar\u00eda de Finanzas y Planeaci\u00f3n (SEFIPLAN) fue presidida por Lili\u00e1n Villanueva Chan, directora general de Instituto de la Cultura y las Artes de Quintana Roo, en representaci\u00f3n de la gobernadora Mara Lezama, quien estuvo acompa\u00f1ada de autoridades civiles y militares de los tres niveles de gobierno.<\/p>\n\n\n\n<p>El discurso oficial corri\u00f3 a cargo de Hanna Valeria Rodr\u00edguez Ramos, alumna del tercer semestre de Enfermer\u00eda General del CONALEP Plantel Chetumal \u201cJes\u00fas Mart\u00ednez Ross\u201d; d\u00f3nde hizo un recuento de los principales hechos que dieron origen al movimiento insurgente armado, empezando con el Grito de Independencia del cura Miguel Hidalgo y Costilla, hasta llegar a la Consumaci\u00f3n de la Independencia.<\/p>\n\n\n\n<p>Cabe mencionar que estuvo como invitado especial Jos\u00e9 An\u00edbal Montalvo P\u00e9rez, director general del Colegio de Educaci\u00f3n Profesional T\u00e9cnico del Estado de Quintana Roo (CONALEP) y un gran n\u00famero de alumnos y trabajadores de ese Colegio.<\/p>\n\n\n\n<p>Durante el solemne acto, la Unidad del Coro y Banda de M\u00fasica del Estado entonaron la \u201cMarcha H\u00e9roes de la Independencia\u201d y los himnos a Quintana Roo y Nacional Mexicano. Asimismo, se rindieron los honores a la Bandera de M\u00e9xico. La escolta y banda de guerra fueron integradas por elementos de la Secretar\u00eda de Seguridad Ciudadana.<\/p>\n\n\n\n<p>Como evento previo a la ceremonia, en la plaza c\u00edvica situada frente al Palacio de Gobierno, elementos de la 17 Zona Naval llevaron a cabo el izamiento de la Bandera Nacional Mexicana a toda asta..<\/p>\n\n\n\n<figure class=\"wp-block-image size-full\"><img loading=\"lazy\" decoding=\"async\" width=\"585\" height=\"206\" src=\"http:\/\/vertienteglobal.com\/wp-content\/uploads\/2023\/09\/WhatsApp-Image-2023-09-27-at-15.22.07-585x206-1.jpeg\" alt=\"\" class=\"wp-image-231383\" srcset=\"http:\/\/vertienteglobal.com\/wp-content\/uploads\/2023\/09\/WhatsApp-Image-2023-09-27-at-15.22.07-585x206-1.jpeg 585w, http:\/\/vertienteglobal.com\/wp-content\/uploads\/2023\/09\/WhatsApp-Image-2023-09-27-at-15.22.07-585x206-1-300x106.jpeg 300w, http:\/\/vertienteglobal.com\/wp-content\/uploads\/2023\/09\/WhatsApp-Image-2023-09-27-at-15.22.07-585x206-1-150x53.jpeg 150w\" sizes=\"auto, (max-width: 585px) 100vw, 585px\" \/><\/figure>\n\n\n\n<figure class=\"wp-block-image size-full\"><img loading=\"lazy\" decoding=\"async\" width=\"585\" height=\"337\" src=\"http:\/\/vertienteglobal.com\/wp-content\/uploads\/2023\/09\/WhatsApp-Image-2023-09-27-at-15.22.08-585x337-1.jpeg\" alt=\"\" class=\"wp-image-231384\" srcset=\"http:\/\/vertienteglobal.com\/wp-content\/uploads\/2023\/09\/WhatsApp-Image-2023-09-27-at-15.22.08-585x337-1.jpeg 585w, http:\/\/vertienteglobal.com\/wp-content\/uploads\/2023\/09\/WhatsApp-Image-2023-09-27-at-15.22.08-585x337-1-300x173.jpeg 300w, http:\/\/vertienteglobal.com\/wp-content\/uploads\/2023\/09\/WhatsApp-Image-2023-09-27-at-15.22.08-585x337-1-150x86.jpeg 150w\" sizes=\"auto, (max-width: 585px) 100vw, 585px\" \/><\/figure>\n\n\n\n<figure class=\"wp-block-image size-full\"><img loading=\"lazy\" decoding=\"async\" width=\"585\" height=\"498\" src=\"http:\/\/vertienteglobal.com\/wp-content\/uploads\/2023\/09\/WhatsApp-Image-2023-09-27-at-15.22.09-1-585x498-1.jpeg\" alt=\"\" class=\"wp-image-231385\" srcset=\"http:\/\/vertienteglobal.com\/wp-content\/uploads\/2023\/09\/WhatsApp-Image-2023-09-27-at-15.22.09-1-585x498-1.jpeg 585w, http:\/\/vertienteglobal.com\/wp-content\/uploads\/2023\/09\/WhatsApp-Image-2023-09-27-at-15.22.09-1-585x498-1-300x255.jpeg 300w, http:\/\/vertienteglobal.com\/wp-content\/uploads\/2023\/09\/WhatsApp-Image-2023-09-27-at-15.22.09-1-585x498-1-150x128.jpeg 150w\" sizes=\"auto, (max-width: 585px) 100vw, 585px\" \/><\/figure>\n","protected":false},"excerpt":{"rendered":"<p>(Redacci\u00f3n) El 27 de septiembre de 1821 marc\u00f3 el inicio de una nueva etapa en la historia de M\u00e9xico Chetumal, Quintana Roo, a 27 de septiembre del 2023.- Con una ceremonia c\u00edvica el Gobierno de Quintana Roo conmemor\u00f3 en Chetumal, el 202 aniversario de la Consumaci\u00f3n de la Independencia de M\u00e9xico. El evento se llev\u00f3 [&hellip;]<\/p>\n","protected":false},"author":1,"featured_media":231382,"comment_status":"open","ping_status":"open","sticky":false,"template":"","format":"standard","meta":{"footnotes":""},"categories":[3],"tags":[],"class_list":["post-231381","post","type-post","status-publish","format-standard","has-post-thumbnail","hentry","category-quintana-roo","entry","has-media"],"jetpack_featured_media_url":"http:\/\/vertienteglobal.com\/wp-content\/uploads\/2023\/09\/WhatsApp-Image-2023-09-27-at-15.22.06.jpeg","_links":{"self":[{"href":"http:\/\/vertienteglobal.com\/index.php?rest_route=\/wp\/v2\/posts\/231381","targetHints":{"allow":["GET"]}}],"collection":[{"href":"http:\/\/vertienteglobal.com\/index.php?rest_route=\/wp\/v2\/posts"}],"about":[{"href":"http:\/\/vertienteglobal.com\/index.php?rest_route=\/wp\/v2\/types\/post"}],"author":[{"embeddable":true,"href":"http:\/\/vertienteglobal.com\/index.php?rest_route=\/wp\/v2\/users\/1"}],"replies":[{"embeddable":true,"href":"http:\/\/vertienteglobal.com\/index.php?rest_route=%2Fwp%2Fv2%2Fcomments&post=231381"}],"version-history":[{"count":0,"href":"http:\/\/vertienteglobal.com\/index.php?rest_route=\/wp\/v2\/posts\/231381\/revisions"}],"wp:featuredmedia":[{"embeddable":true,"href":"http:\/\/vertienteglobal.com\/index.php?rest_route=\/wp\/v2\/media\/231382"}],"wp:attachment":[{"href":"http:\/\/vertienteglobal.com\/index.php?rest_route=%2Fwp%2Fv2%2Fmedia&parent=231381"}],"wp:term":[{"taxonomy":"category","embeddable":true,"href":"http:\/\/vertienteglobal.com\/index.php?rest_route=%2Fwp%2Fv2%2Fcategories&post=231381"},{"taxonomy":"post_tag","embeddable":true,"href":"http:\/\/vertienteglobal.com\/index.php?rest_route=%2Fwp%2Fv2%2Ftags&post=231381"}],"curies":[{"name":"wp","href":"https:\/\/api.w.org\/{rel}","templated":true}]}}