{"id":231372,"date":"2023-09-27T16:54:00","date_gmt":"2023-09-27T21:54:00","guid":{"rendered":"http:\/\/vertienteglobal.com\/?p=231372"},"modified":"2023-09-27T18:57:41","modified_gmt":"2023-09-27T23:57:41","slug":"la-capa-realizara-trabajos-de-mantenimiento-en-la-linea-de-conduccion-del-acueducto-chetumal","status":"publish","type":"post","link":"http:\/\/vertienteglobal.com\/?p=231372","title":{"rendered":"La CAPA realizar\u00e1 trabajos de mantenimiento en la l\u00ednea de conducci\u00f3n del acueducto Chetumal"},"content":{"rendered":"\n<div class=\"twitterbutton\" style=\"float: right; padding-left: 5px;\"><a href=\"http:\/\/twitter.com\/share\" class=\"twitter-share-button\" data-count=\"horizontal\" data-text=\"La CAPA realizar\u00e1 trabajos de mantenimiento en la l\u00ednea de conducci\u00f3n del acu...\" data-via=\"https:\/\/twitter.com\/VertienteGloba1\" data-url=\"http:\/\/vertienteglobal.com\/?p=231372\" data-lang=\"es\" data-related=\"Informaci\u00f3n general:S\u00edguenos para que est\u00e9ss informado\"><\/a><\/div>\n<figure class=\"wp-block-image size-full\"><img loading=\"lazy\" decoding=\"async\" width=\"692\" height=\"360\" src=\"http:\/\/vertienteglobal.com\/wp-content\/uploads\/2023\/09\/WhatsApp-Image-2023-09-27-at-2.59.05-PM_16x9-692x360-1.png\" alt=\"\" class=\"wp-image-231373\" srcset=\"http:\/\/vertienteglobal.com\/wp-content\/uploads\/2023\/09\/WhatsApp-Image-2023-09-27-at-2.59.05-PM_16x9-692x360-1.png 692w, http:\/\/vertienteglobal.com\/wp-content\/uploads\/2023\/09\/WhatsApp-Image-2023-09-27-at-2.59.05-PM_16x9-692x360-1-300x156.png 300w, http:\/\/vertienteglobal.com\/wp-content\/uploads\/2023\/09\/WhatsApp-Image-2023-09-27-at-2.59.05-PM_16x9-692x360-1-150x78.png 150w\" sizes=\"auto, (max-width: 692px) 100vw, 692px\" \/><\/figure>\n\n\n\n<p>(Redacci\u00f3n)<\/p>\n\n\n\n<p>Se recomienda hacer uso racional del agua potable almacenada en cisternas y tinacos para este jueves 28 de septiembre<\/p>\n\n\n\n<p>Chetumal, Quintana Roo, 27 de septiembre del 2023.- El organismo operador de la Comisi\u00f3n de Agua Potable y Alcantarillado (CAPA) en el municipio de Oth\u00f3n P. Blanco, hace un llamado a la ciudadan\u00eda a tomar previsiones y almacenar agua ya que el jueves 28 de septiembre se realizar\u00e1n trabajos de mantenimiento en la l\u00ednea de conducci\u00f3n de 24 pulgadas del acueducto de Chetumal, lo que derivar\u00e1 en la interrupci\u00f3n del servicio en algunas colonias de los sectores Aeropuerto, Bachilleres, Solidaridad y Arboledas.<\/p>\n\n\n\n<p>Los trabajos iniciar\u00e1n desde las 7:30 hasta 19:00 horas por ello es importante tomar las previsiones necesarias, como hacer uso racional del agua potable almacenada en cisternas y tinacos.<\/p>\n\n\n\n<p>Las y los usuarios de las colonias: Campestre, Fraccionamiento ISSSTE, La Herradura, FOVISSSTE tercera y cuarta etapa, Jardines, Nuevo Progreso, Pol\u00edgono 2, Solidaridad, Proterritorio, Infonavit Proterritorio, L\u00e1zaro C\u00e1rdenas, Del Bosque, 5 de Abril y Zona de Granjas.<\/p>\n\n\n\n<p>Los trabajos programados por parte de la CAPA, contribuir\u00e1n a mejorar el rendimiento del sistema de agua potable de la ciudad y a evitar la p\u00e9rdida de agua en fugas.<\/p>\n\n\n\n<p>La operaci\u00f3n se reiniciar\u00e1 alrededor de las 19 horas, una vez que concluyan los trabajos; sin embargo, la presi\u00f3n del servicio se normalizar\u00e1 de forma paulatina en un lapso de aproximadamente 24 horas, periodo en el que se puede registrar baja presi\u00f3n o falta de suministro en las colonias mencionadas.<\/p>\n\n\n\n<p>La CAPA agradece la comprensi\u00f3n y colaboraci\u00f3n de la ciudadan\u00eda para tomar las medidas preventivas como hacer uso racional del agua potable almacenada en cisternas y tinacos; al tiempo que pone a disposici\u00f3n el apoyo a trav\u00e9s de pipa en caso de ser estrictamente necesario, solicitando el servicio en el n\u00famero 073.<\/p>\n\n\n\n<figure class=\"wp-block-image size-full\"><img loading=\"lazy\" decoding=\"async\" width=\"585\" height=\"329\" src=\"http:\/\/vertienteglobal.com\/wp-content\/uploads\/2023\/09\/WhatsApp-Image-2023-09-27-at-14.51.03-1-585x329-1.jpeg\" alt=\"\" class=\"wp-image-231374\" srcset=\"http:\/\/vertienteglobal.com\/wp-content\/uploads\/2023\/09\/WhatsApp-Image-2023-09-27-at-14.51.03-1-585x329-1.jpeg 585w, http:\/\/vertienteglobal.com\/wp-content\/uploads\/2023\/09\/WhatsApp-Image-2023-09-27-at-14.51.03-1-585x329-1-300x169.jpeg 300w, http:\/\/vertienteglobal.com\/wp-content\/uploads\/2023\/09\/WhatsApp-Image-2023-09-27-at-14.51.03-1-585x329-1-150x84.jpeg 150w\" sizes=\"auto, (max-width: 585px) 100vw, 585px\" \/><\/figure>\n\n\n\n<figure class=\"wp-block-image size-large\"><img loading=\"lazy\" decoding=\"async\" width=\"927\" height=\"1024\" src=\"http:\/\/vertienteglobal.com\/wp-content\/uploads\/2023\/09\/WhatsApp-Image-2023-09-27-at-14.51.03-927x1024.jpeg\" alt=\"\" class=\"wp-image-231375\" srcset=\"http:\/\/vertienteglobal.com\/wp-content\/uploads\/2023\/09\/WhatsApp-Image-2023-09-27-at-14.51.03-927x1024.jpeg 927w, http:\/\/vertienteglobal.com\/wp-content\/uploads\/2023\/09\/WhatsApp-Image-2023-09-27-at-14.51.03-272x300.jpeg 272w, http:\/\/vertienteglobal.com\/wp-content\/uploads\/2023\/09\/WhatsApp-Image-2023-09-27-at-14.51.03-136x150.jpeg 136w, http:\/\/vertienteglobal.com\/wp-content\/uploads\/2023\/09\/WhatsApp-Image-2023-09-27-at-14.51.03-768x849.jpeg 768w, http:\/\/vertienteglobal.com\/wp-content\/uploads\/2023\/09\/WhatsApp-Image-2023-09-27-at-14.51.03-1390x1536.jpeg 1390w, http:\/\/vertienteglobal.com\/wp-content\/uploads\/2023\/09\/WhatsApp-Image-2023-09-27-at-14.51.03.jpeg 1448w\" sizes=\"auto, (max-width: 927px) 100vw, 927px\" \/><\/figure>\n","protected":false},"excerpt":{"rendered":"<p>(Redacci\u00f3n) Se recomienda hacer uso racional del agua potable almacenada en cisternas y tinacos para este jueves 28 de septiembre Chetumal, Quintana Roo, 27 de septiembre del 2023.- El organismo operador de la Comisi\u00f3n de Agua Potable y Alcantarillado (CAPA) en el municipio de Oth\u00f3n P. Blanco, hace un llamado a la ciudadan\u00eda a tomar [&hellip;]<\/p>\n","protected":false},"author":1,"featured_media":231373,"comment_status":"open","ping_status":"open","sticky":false,"template":"","format":"standard","meta":{"footnotes":""},"categories":[3],"tags":[],"class_list":["post-231372","post","type-post","status-publish","format-standard","has-post-thumbnail","hentry","category-quintana-roo","entry","has-media"],"jetpack_featured_media_url":"http:\/\/vertienteglobal.com\/wp-content\/uploads\/2023\/09\/WhatsApp-Image-2023-09-27-at-2.59.05-PM_16x9-692x360-1.png","_links":{"self":[{"href":"http:\/\/vertienteglobal.com\/index.php?rest_route=\/wp\/v2\/posts\/231372","targetHints":{"allow":["GET"]}}],"collection":[{"href":"http:\/\/vertienteglobal.com\/index.php?rest_route=\/wp\/v2\/posts"}],"about":[{"href":"http:\/\/vertienteglobal.com\/index.php?rest_route=\/wp\/v2\/types\/post"}],"author":[{"embeddable":true,"href":"http:\/\/vertienteglobal.com\/index.php?rest_route=\/wp\/v2\/users\/1"}],"replies":[{"embeddable":true,"href":"http:\/\/vertienteglobal.com\/index.php?rest_route=%2Fwp%2Fv2%2Fcomments&post=231372"}],"version-history":[{"count":0,"href":"http:\/\/vertienteglobal.com\/index.php?rest_route=\/wp\/v2\/posts\/231372\/revisions"}],"wp:featuredmedia":[{"embeddable":true,"href":"http:\/\/vertienteglobal.com\/index.php?rest_route=\/wp\/v2\/media\/231373"}],"wp:attachment":[{"href":"http:\/\/vertienteglobal.com\/index.php?rest_route=%2Fwp%2Fv2%2Fmedia&parent=231372"}],"wp:term":[{"taxonomy":"category","embeddable":true,"href":"http:\/\/vertienteglobal.com\/index.php?rest_route=%2Fwp%2Fv2%2Fcategories&post=231372"},{"taxonomy":"post_tag","embeddable":true,"href":"http:\/\/vertienteglobal.com\/index.php?rest_route=%2Fwp%2Fv2%2Ftags&post=231372"}],"curies":[{"name":"wp","href":"https:\/\/api.w.org\/{rel}","templated":true}]}}