{"id":231307,"date":"2023-09-26T18:24:00","date_gmt":"2023-09-26T23:24:00","guid":{"rendered":"http:\/\/vertienteglobal.com\/?p=231307"},"modified":"2023-09-27T02:57:52","modified_gmt":"2023-09-27T07:57:52","slug":"sede-y-nafin-capacitan-en-negocios-a-comunidades-mayas-2","status":"publish","type":"post","link":"http:\/\/vertienteglobal.com\/?p=231307","title":{"rendered":"SEDE y NAFIN capacitan en negocios a comunidades mayas"},"content":{"rendered":"\n<div class=\"twitterbutton\" style=\"float: right; padding-left: 5px;\"><a href=\"http:\/\/twitter.com\/share\" class=\"twitter-share-button\" data-count=\"horizontal\" data-text=\"SEDE y NAFIN capacitan en negocios a comunidades mayas\" data-via=\"https:\/\/twitter.com\/VertienteGloba1\" data-url=\"http:\/\/vertienteglobal.com\/?p=231307\" data-lang=\"es\" data-related=\"Informaci\u00f3n general:S\u00edguenos para que est\u00e9ss informado\"><\/a><\/div>\n<figure class=\"wp-block-image size-full\"><img loading=\"lazy\" decoding=\"async\" width=\"720\" height=\"467\" src=\"http:\/\/vertienteglobal.com\/wp-content\/uploads\/2023\/09\/FB_IMG_1695801366757.jpg\" alt=\"\" class=\"wp-image-231308\" srcset=\"http:\/\/vertienteglobal.com\/wp-content\/uploads\/2023\/09\/FB_IMG_1695801366757.jpg 720w, http:\/\/vertienteglobal.com\/wp-content\/uploads\/2023\/09\/FB_IMG_1695801366757-300x195.jpg 300w, http:\/\/vertienteglobal.com\/wp-content\/uploads\/2023\/09\/FB_IMG_1695801366757-150x97.jpg 150w\" sizes=\"auto, (max-width: 720px) 100vw, 720px\" \/><\/figure>\n\n\n\n<p>(Redacci\u00f3n)<\/p>\n\n\n\n<p>En alianza se promueve el emprendimiento y el desarrollo socioecon\u00f3mico en comunidades hablantes de la lengua originaria Maya<\/p>\n\n\n\n<p>Chetumal, Quintana Roo, a 26 de septiembre del 2023.- El Gobierno del Estado que encabeza Mara Lezama Espinosa a trav\u00e9s de la Secretar\u00eda de Desarrollo Econ\u00f3mico (SEDE) y en alianza estrat\u00e9gica con la Banca de Desarrollo Nacional Financiera (NAFIN), contin\u00faan con el Programa de Capacitaci\u00f3n en Gesti\u00f3n de Negocios e Inclusi\u00f3n Financiera para Hablantes de Lenguas Originarias en Quintana Roo.<\/p>\n\n\n\n<p>El programa de capacitaciones en lengua maya es dirigido a las y los emprendedores, productores, artesanos y a las y los empresarios de la regi\u00f3n y dio inicio este 26 de septiembre en la comunidad de Kampocolch\u00e9 municipio de Felipe Carrillo Puerto, con la participaci\u00f3n de 45 hablantes de la lengua originaria Maya.<\/p>\n\n\n\n<p>El objetivo es ofrecer un programa de capacitaci\u00f3n para los hablantes de lenguas originarias, enfocado en la mejora de sus habilidades de gesti\u00f3n y finanzas personales a fin de crear mejores condiciones de prosperidad para sus familias, como lo establece el Nuevo Acuerdo por el Bienestar y Desarrollo de Quintana Roo.<\/p>\n\n\n\n<p>Este programa de capacitaci\u00f3n surge como respuesta a las necesidades de las comunidades ind\u00edgenas para que tengan acceso a recursos financieros y conocimientos empresariales, por lo que se les dotar\u00e1 de herramientas en gesti\u00f3n de negocios y finanzas personales, con el fin de impulsar sus emprendimientos y mejorar su situaci\u00f3n socioecon\u00f3mica.<\/p>\n\n\n\n<p>Las capacitaciones que incluyen temas como: Pasos para iniciar mi negocio, Mi negocio sirve a mi comunidad, Vender m\u00e1s y con mejores ganancias, El control financiero del negocio es \u00fatil y sencillo, entre otros.<\/p>\n\n\n\n<p>Las actividades dieron inicio en la comunidad de Kampocolch\u00e9 este 26 de septiembre y concluyen el 29 de del mismo mes en la comunidad de Ignacio Manuel Altamirano municipio de Felipe Carrillo Puerto.<\/p>\n","protected":false},"excerpt":{"rendered":"<p>(Redacci\u00f3n) En alianza se promueve el emprendimiento y el desarrollo socioecon\u00f3mico en comunidades hablantes de la lengua originaria Maya Chetumal, Quintana Roo, a 26 de septiembre del 2023.- El Gobierno del Estado que encabeza Mara Lezama Espinosa a trav\u00e9s de la Secretar\u00eda de Desarrollo Econ\u00f3mico (SEDE) y en alianza estrat\u00e9gica con la Banca de Desarrollo [&hellip;]<\/p>\n","protected":false},"author":1,"featured_media":231308,"comment_status":"open","ping_status":"open","sticky":false,"template":"","format":"standard","meta":{"footnotes":""},"categories":[3],"tags":[],"class_list":["post-231307","post","type-post","status-publish","format-standard","has-post-thumbnail","hentry","category-quintana-roo","entry","has-media"],"jetpack_featured_media_url":"http:\/\/vertienteglobal.com\/wp-content\/uploads\/2023\/09\/FB_IMG_1695801366757.jpg","_links":{"self":[{"href":"http:\/\/vertienteglobal.com\/index.php?rest_route=\/wp\/v2\/posts\/231307","targetHints":{"allow":["GET"]}}],"collection":[{"href":"http:\/\/vertienteglobal.com\/index.php?rest_route=\/wp\/v2\/posts"}],"about":[{"href":"http:\/\/vertienteglobal.com\/index.php?rest_route=\/wp\/v2\/types\/post"}],"author":[{"embeddable":true,"href":"http:\/\/vertienteglobal.com\/index.php?rest_route=\/wp\/v2\/users\/1"}],"replies":[{"embeddable":true,"href":"http:\/\/vertienteglobal.com\/index.php?rest_route=%2Fwp%2Fv2%2Fcomments&post=231307"}],"version-history":[{"count":0,"href":"http:\/\/vertienteglobal.com\/index.php?rest_route=\/wp\/v2\/posts\/231307\/revisions"}],"wp:featuredmedia":[{"embeddable":true,"href":"http:\/\/vertienteglobal.com\/index.php?rest_route=\/wp\/v2\/media\/231308"}],"wp:attachment":[{"href":"http:\/\/vertienteglobal.com\/index.php?rest_route=%2Fwp%2Fv2%2Fmedia&parent=231307"}],"wp:term":[{"taxonomy":"category","embeddable":true,"href":"http:\/\/vertienteglobal.com\/index.php?rest_route=%2Fwp%2Fv2%2Fcategories&post=231307"},{"taxonomy":"post_tag","embeddable":true,"href":"http:\/\/vertienteglobal.com\/index.php?rest_route=%2Fwp%2Fv2%2Ftags&post=231307"}],"curies":[{"name":"wp","href":"https:\/\/api.w.org\/{rel}","templated":true}]}}