{"id":231217,"date":"2023-09-26T10:51:00","date_gmt":"2023-09-26T15:51:00","guid":{"rendered":"http:\/\/vertienteglobal.com\/?p=231217"},"modified":"2023-09-26T10:53:10","modified_gmt":"2023-09-26T15:53:10","slug":"la-sede-promueve-una-economia-de-escala-de-alto-impacto-economico-en-quintana-roo","status":"publish","type":"post","link":"http:\/\/vertienteglobal.com\/?p=231217","title":{"rendered":"La SEDE promueve una econom\u00eda de escala de alto impacto econ\u00f3mico en Quintana Roo"},"content":{"rendered":"\n<div class=\"twitterbutton\" style=\"float: right; padding-left: 5px;\"><a href=\"http:\/\/twitter.com\/share\" class=\"twitter-share-button\" data-count=\"horizontal\" data-text=\"La SEDE promueve una econom\u00eda de escala de alto impacto econ\u00f3mico en Quintana ...\" data-via=\"https:\/\/twitter.com\/VertienteGloba1\" data-url=\"http:\/\/vertienteglobal.com\/?p=231217\" data-lang=\"es\" data-related=\"Informaci\u00f3n general:S\u00edguenos para que est\u00e9ss informado\"><\/a><\/div>\n<figure class=\"wp-block-image size-full\"><img loading=\"lazy\" decoding=\"async\" width=\"692\" height=\"360\" src=\"http:\/\/vertienteglobal.com\/wp-content\/uploads\/2023\/09\/Sede-1-692x360-1.jpeg\" alt=\"\" class=\"wp-image-231218\" srcset=\"http:\/\/vertienteglobal.com\/wp-content\/uploads\/2023\/09\/Sede-1-692x360-1.jpeg 692w, http:\/\/vertienteglobal.com\/wp-content\/uploads\/2023\/09\/Sede-1-692x360-1-300x156.jpeg 300w, http:\/\/vertienteglobal.com\/wp-content\/uploads\/2023\/09\/Sede-1-692x360-1-150x78.jpeg 150w\" sizes=\"auto, (max-width: 692px) 100vw, 692px\" \/><\/figure>\n\n\n\n<p>(Redacci\u00f3n)<\/p>\n\n\n\n<p>11 cooperativas participan en el 3er. Campamento de \u201cPosible Coop Quintana Roo\u201d<\/p>\n\n\n\n<p>Bacalar, Quintana Roo, 26 de septiembre del 2023.- El Gobierno del Estado de Quintana Roo, a trav\u00e9s de la Secretar\u00eda de Desarrollo Econ\u00f3mico, en alianza estrat\u00e9gica con Fundaci\u00f3n Televisa, llevaron a cabo el Tercer Campamento Posible Coop Quintana Roo, como continuaci\u00f3n del Primer Programa de Aceleraci\u00f3n de Cooperativas o Grupos Sociales de Quintana Roo, \u201cPosible Coop Quintana Roo, 2023\u201d.<\/p>\n\n\n\n<p>Como parte del Nuevo Acuerdo por el Bienestar y Desarrollo de Quintana Roo, impulsado por la gobernadora Mara Lezama Espinosa, se busca que la prosperidad sea compartida y llegue a todos los hogares del estado, as\u00ed como cerrar las brechas de desigualdad con una transformaci\u00f3n profunda.<\/p>\n\n\n\n<p>El evento inaugural tuvo lugar en la Universidad Polit\u00e9cnica de Bacalar y cont\u00f3 con la participaci\u00f3n de destacados aliados estrat\u00e9gicos, entre ellos el municipio de Bacalar, Amigos de Sian Ka\u2019an y Ejidos, que se unieron para dar vida al 3er Campamento Posible Coop Quintana Roo.<\/p>\n\n\n\n<p>Este evento reuni\u00f3 a 11 Cooperativas y Colectivos de diversos municipios, entre los que destacan Oth\u00f3n P. Blanco (Caobas, Raudales y Cacao), Felipe Carrillo Puerto (X-Pichil, Tihosuco, Xcabil, Noh Bec, Petcacap y Polinkin), Jos\u00e9 Mar\u00eda Morelos (28 comunidades), Tulum (Punta Allen), Bacalar (Blanca Flor) y L\u00e1zaro C\u00e1rdenas (Solferino).<\/p>\n\n\n\n<p>Durante este campamento, las cooperativas y colectivos participantes tuvieron la oportunidad de interactuar de manera presencial y virtual con mentores experimentados. Estos mismos brindaron orientaci\u00f3n y apoyo en el desarrollo de sus modelos de negocios, propuestas de valor, misi\u00f3n, visi\u00f3n, a trav\u00e9s de talleres y conferencias especializadas.<\/p>\n\n\n\n<p>Fundaci\u00f3n Televisa, como parte de su exitoso programa, ha seleccionado a la cooperativa Sociedad Cooperativa de Servicios Tur\u00edsticos de Punta Allen, dedicada a ofrecer experiencias tur\u00edsticas dentro de la Reserva de la Bi\u00f3sfera de Sian Ka\u2019an, para participar en su campamento nacional.<\/p>\n\n\n\n<p>Esta selecci\u00f3n se realiz\u00f3 entre m\u00e1s de 14 mil registros en la plataforma de la fundaci\u00f3n y m\u00e1s de 70 emprendimientos de todo el pa\u00eds que se dar\u00e1n cita en este evento que se llevar\u00e1 a cabo a finales de mes en la Ciudad de M\u00e9xico.<\/p>\n\n\n\n<figure class=\"wp-block-image size-full\"><img loading=\"lazy\" decoding=\"async\" width=\"1024\" height=\"614\" src=\"http:\/\/vertienteglobal.com\/wp-content\/uploads\/2023\/09\/Sede-2-1024x614-1.jpeg\" alt=\"\" class=\"wp-image-231219\" srcset=\"http:\/\/vertienteglobal.com\/wp-content\/uploads\/2023\/09\/Sede-2-1024x614-1.jpeg 1024w, http:\/\/vertienteglobal.com\/wp-content\/uploads\/2023\/09\/Sede-2-1024x614-1-300x180.jpeg 300w, http:\/\/vertienteglobal.com\/wp-content\/uploads\/2023\/09\/Sede-2-1024x614-1-150x90.jpeg 150w, http:\/\/vertienteglobal.com\/wp-content\/uploads\/2023\/09\/Sede-2-1024x614-1-768x461.jpeg 768w\" sizes=\"auto, (max-width: 1024px) 100vw, 1024px\" \/><\/figure>\n","protected":false},"excerpt":{"rendered":"<p>(Redacci\u00f3n) 11 cooperativas participan en el 3er. Campamento de \u201cPosible Coop Quintana Roo\u201d Bacalar, Quintana Roo, 26 de septiembre del 2023.- El Gobierno del Estado de Quintana Roo, a trav\u00e9s de la Secretar\u00eda de Desarrollo Econ\u00f3mico, en alianza estrat\u00e9gica con Fundaci\u00f3n Televisa, llevaron a cabo el Tercer Campamento Posible Coop Quintana Roo, como continuaci\u00f3n del [&hellip;]<\/p>\n","protected":false},"author":1,"featured_media":231218,"comment_status":"open","ping_status":"open","sticky":false,"template":"","format":"standard","meta":{"footnotes":""},"categories":[3],"tags":[],"class_list":["post-231217","post","type-post","status-publish","format-standard","has-post-thumbnail","hentry","category-quintana-roo","entry","has-media"],"jetpack_featured_media_url":"http:\/\/vertienteglobal.com\/wp-content\/uploads\/2023\/09\/Sede-1-692x360-1.jpeg","_links":{"self":[{"href":"http:\/\/vertienteglobal.com\/index.php?rest_route=\/wp\/v2\/posts\/231217","targetHints":{"allow":["GET"]}}],"collection":[{"href":"http:\/\/vertienteglobal.com\/index.php?rest_route=\/wp\/v2\/posts"}],"about":[{"href":"http:\/\/vertienteglobal.com\/index.php?rest_route=\/wp\/v2\/types\/post"}],"author":[{"embeddable":true,"href":"http:\/\/vertienteglobal.com\/index.php?rest_route=\/wp\/v2\/users\/1"}],"replies":[{"embeddable":true,"href":"http:\/\/vertienteglobal.com\/index.php?rest_route=%2Fwp%2Fv2%2Fcomments&post=231217"}],"version-history":[{"count":0,"href":"http:\/\/vertienteglobal.com\/index.php?rest_route=\/wp\/v2\/posts\/231217\/revisions"}],"wp:featuredmedia":[{"embeddable":true,"href":"http:\/\/vertienteglobal.com\/index.php?rest_route=\/wp\/v2\/media\/231218"}],"wp:attachment":[{"href":"http:\/\/vertienteglobal.com\/index.php?rest_route=%2Fwp%2Fv2%2Fmedia&parent=231217"}],"wp:term":[{"taxonomy":"category","embeddable":true,"href":"http:\/\/vertienteglobal.com\/index.php?rest_route=%2Fwp%2Fv2%2Fcategories&post=231217"},{"taxonomy":"post_tag","embeddable":true,"href":"http:\/\/vertienteglobal.com\/index.php?rest_route=%2Fwp%2Fv2%2Ftags&post=231217"}],"curies":[{"name":"wp","href":"https:\/\/api.w.org\/{rel}","templated":true}]}}