{"id":231160,"date":"2023-09-25T19:54:00","date_gmt":"2023-09-26T00:54:00","guid":{"rendered":"http:\/\/vertienteglobal.com\/?p=231160"},"modified":"2023-09-25T22:45:40","modified_gmt":"2023-09-26T03:45:40","slug":"comisiones-del-senado-avalan-dictamen-de-curp-con-foto-y-huellas","status":"publish","type":"post","link":"http:\/\/vertienteglobal.com\/?p=231160","title":{"rendered":"Comisiones del Senado avalan dictamen de CURP con foto y huellas"},"content":{"rendered":"\n<div class=\"twitterbutton\" style=\"float: right; padding-left: 5px;\"><a href=\"http:\/\/twitter.com\/share\" class=\"twitter-share-button\" data-count=\"horizontal\" data-text=\"Comisiones del Senado avalan dictamen de CURP con foto y huellas\" data-via=\"https:\/\/twitter.com\/VertienteGloba1\" data-url=\"http:\/\/vertienteglobal.com\/?p=231160\" data-lang=\"es\" data-related=\"Informaci\u00f3n general:S\u00edguenos para que est\u00e9ss informado\"><\/a><\/div>\n<figure class=\"wp-block-image size-full\"><img loading=\"lazy\" decoding=\"async\" width=\"1024\" height=\"683\" src=\"http:\/\/vertienteglobal.com\/wp-content\/uploads\/2023\/09\/216063.jpg\" alt=\"\" class=\"wp-image-231161\" srcset=\"http:\/\/vertienteglobal.com\/wp-content\/uploads\/2023\/09\/216063.jpg 1024w, http:\/\/vertienteglobal.com\/wp-content\/uploads\/2023\/09\/216063-300x200.jpg 300w, http:\/\/vertienteglobal.com\/wp-content\/uploads\/2023\/09\/216063-150x100.jpg 150w, http:\/\/vertienteglobal.com\/wp-content\/uploads\/2023\/09\/216063-768x512.jpg 768w\" sizes=\"auto, (max-width: 1024px) 100vw, 1024px\" \/><\/figure>\n\n\n\n<p>(Redacci\u00f3n)<\/p>\n\n\n\n<p>El dictamen fue avalado por 15 votos de los legisladores pertenecientes al partido Morena y sus aliados, contra 12 votos provenientes de PAN, PRI, MC y PRD<\/p>\n\n\n\n<p>Ciudad de M\u00e9xico 25 de septiembre del 2023.-Las comisiones unidas de Gobernaci\u00f3n y de Estudios Legislativos, Segunda, del Senado de la Rep\u00fablica, han aprobado este lunes el proyecto de la nueva Ley General de Poblaci\u00f3n.<\/p>\n\n\n\n<p>Entre los aspectos m\u00e1s destacados de esta nueva legislaci\u00f3n se encuentra la incorporaci\u00f3n de la Clave \u00danica de Registro de Poblaci\u00f3n (CURP) con fotograf\u00eda como documento oficial de identificaci\u00f3n.<\/p>\n\n\n\n<p>Aun con cuestionamientos de la oposici\u00f3n, el dictamen fue avalado por 15 votos de los legisladores pertenecientes al partido Morena y sus aliados, contra 12 votos provenientes de PAN, PRI, MC y PRD.<\/p>\n\n\n\n<p>Ahora, el proyecto de ley ser\u00e1 remitido a la Mesa Directiva del Senado para su posterior discusi\u00f3n y votaci\u00f3n en el pleno.<\/p>\n\n\n\n<p>De acuerdo con el proyecto, al inscribir a un individuo en el Registro Nacional de Poblaci\u00f3n, se le asignar\u00e1 una CURP que contendr\u00e1 una fotograf\u00eda del rostro del titular.<\/p>\n\n\n\n<p>Esta constancia tendr\u00e1 el car\u00e1cter de documento oficial de identificaci\u00f3n y contendr\u00e1, como m\u00ednimo, los siguientes datos y elementos de identificaci\u00f3n:<\/p>\n\n\n\n<p>Nombre completo del due\u00f1o de la credencial<br>Clave \u00danica de Registro de Poblaci\u00f3n<br>Lugar y fecha de nacimiento<br>Foto<br>Firmas<br>Huellas dactilares del propietario<br>Actualmente, la CURP \u00fanicamente tiene la fecha y estado de nacimiento, el nombre completo de la persona y la Clave \u00fanica de Registro de Poblaci\u00f3n.<\/p>\n\n\n\n<p>Igualmente, se establece en el dictamen que habr\u00e1 tres instrumentos: un registro nacional de ciudadanos, un registro de ni\u00f1as, ni\u00f1os y adolescentes menores de 18 a\u00f1os y con datos de los registros civiles y un cat\u00e1logo de los extranjeros residentes en la Rep\u00fablica Mexicana.(Fuente:DM\/Xeva)<\/p>\n","protected":false},"excerpt":{"rendered":"<p>(Redacci\u00f3n) El dictamen fue avalado por 15 votos de los legisladores pertenecientes al partido Morena y sus aliados, contra 12 votos provenientes de PAN, PRI, MC y PRD Ciudad de M\u00e9xico 25 de septiembre del 2023.-Las comisiones unidas de Gobernaci\u00f3n y de Estudios Legislativos, Segunda, del Senado de la Rep\u00fablica, han aprobado este lunes el [&hellip;]<\/p>\n","protected":false},"author":1,"featured_media":231161,"comment_status":"open","ping_status":"open","sticky":false,"template":"","format":"standard","meta":{"footnotes":""},"categories":[8],"tags":[],"class_list":["post-231160","post","type-post","status-publish","format-standard","has-post-thumbnail","hentry","category-pais","entry","has-media"],"jetpack_featured_media_url":"http:\/\/vertienteglobal.com\/wp-content\/uploads\/2023\/09\/216063.jpg","_links":{"self":[{"href":"http:\/\/vertienteglobal.com\/index.php?rest_route=\/wp\/v2\/posts\/231160","targetHints":{"allow":["GET"]}}],"collection":[{"href":"http:\/\/vertienteglobal.com\/index.php?rest_route=\/wp\/v2\/posts"}],"about":[{"href":"http:\/\/vertienteglobal.com\/index.php?rest_route=\/wp\/v2\/types\/post"}],"author":[{"embeddable":true,"href":"http:\/\/vertienteglobal.com\/index.php?rest_route=\/wp\/v2\/users\/1"}],"replies":[{"embeddable":true,"href":"http:\/\/vertienteglobal.com\/index.php?rest_route=%2Fwp%2Fv2%2Fcomments&post=231160"}],"version-history":[{"count":0,"href":"http:\/\/vertienteglobal.com\/index.php?rest_route=\/wp\/v2\/posts\/231160\/revisions"}],"wp:featuredmedia":[{"embeddable":true,"href":"http:\/\/vertienteglobal.com\/index.php?rest_route=\/wp\/v2\/media\/231161"}],"wp:attachment":[{"href":"http:\/\/vertienteglobal.com\/index.php?rest_route=%2Fwp%2Fv2%2Fmedia&parent=231160"}],"wp:term":[{"taxonomy":"category","embeddable":true,"href":"http:\/\/vertienteglobal.com\/index.php?rest_route=%2Fwp%2Fv2%2Fcategories&post=231160"},{"taxonomy":"post_tag","embeddable":true,"href":"http:\/\/vertienteglobal.com\/index.php?rest_route=%2Fwp%2Fv2%2Ftags&post=231160"}],"curies":[{"name":"wp","href":"https:\/\/api.w.org\/{rel}","templated":true}]}}