{"id":231081,"date":"2023-09-23T19:53:00","date_gmt":"2023-09-24T00:53:00","guid":{"rendered":"http:\/\/vertienteglobal.com\/?p=231081"},"modified":"2023-09-24T15:15:36","modified_gmt":"2023-09-24T20:15:36","slug":"mara-lezama-acompana-al-presidente-lopez-obrador-en-la-supervision-de-las-vias-de-la-transformacion","status":"publish","type":"post","link":"http:\/\/vertienteglobal.com\/?p=231081","title":{"rendered":"Mara Lezama acompa\u00f1a al presidente L\u00f3pez Obrador en la supervisi\u00f3n de las v\u00edas de la transformaci\u00f3n"},"content":{"rendered":"\n<div class=\"twitterbutton\" style=\"float: right; padding-left: 5px;\"><a href=\"http:\/\/twitter.com\/share\" class=\"twitter-share-button\" data-count=\"horizontal\" data-text=\"Mara Lezama acompa\u00f1a al presidente L\u00f3pez Obrador en la supervisi\u00f3n de las v\u00ed...\" data-via=\"https:\/\/twitter.com\/VertienteGloba1\" data-url=\"http:\/\/vertienteglobal.com\/?p=231081\" data-lang=\"es\" data-related=\"Informaci\u00f3n general:S\u00edguenos para que est\u00e9ss informado\"><\/a><\/div>\n<figure class=\"wp-block-image size-large\"><img loading=\"lazy\" decoding=\"async\" width=\"1024\" height=\"912\" src=\"http:\/\/vertienteglobal.com\/wp-content\/uploads\/2023\/09\/vias3-scaled-1-1024x912.jpg\" alt=\"\" class=\"wp-image-231082\" srcset=\"http:\/\/vertienteglobal.com\/wp-content\/uploads\/2023\/09\/vias3-scaled-1-1024x912.jpg 1024w, http:\/\/vertienteglobal.com\/wp-content\/uploads\/2023\/09\/vias3-scaled-1-300x267.jpg 300w, http:\/\/vertienteglobal.com\/wp-content\/uploads\/2023\/09\/vias3-scaled-1-150x134.jpg 150w, http:\/\/vertienteglobal.com\/wp-content\/uploads\/2023\/09\/vias3-scaled-1-768x684.jpg 768w, http:\/\/vertienteglobal.com\/wp-content\/uploads\/2023\/09\/vias3-scaled-1-1536x1369.jpg 1536w, http:\/\/vertienteglobal.com\/wp-content\/uploads\/2023\/09\/vias3-scaled-1-2048x1825.jpg 2048w\" sizes=\"auto, (max-width: 1024px) 100vw, 1024px\" \/><\/figure>\n\n\n\n<p>(Redacci\u00f3n)<\/p>\n\n\n\n<p>Sobrevuelan y eval\u00faan avances del Tren Maya y del Aeropuerto Internacional \u201cFelipe Carrillo Puerto\u201d de Tulum, que traer\u00e1 prosperidad compartida para Quintana Roo y el Sureste de M\u00e9xico<\/p>\n\n\n\n<p>Chetumal, Quintana Roo 23 de septiembre del 2023.- Junto con el presidente Andr\u00e9s Manuel L\u00f3pez Obrador, la gobernadora Mara Lezama Espinosa particip\u00f3 en la supervisi\u00f3n de los avances en la construcci\u00f3n de las obras emblem\u00e1ticas del Gobierno de M\u00e9xico: el Tren Maya y el Aeropuerto Internacional \u201cFelipe Carrillo Puerto\u201d de Tulum.<\/p>\n\n\n\n<p>Desde temprana hora la primera mujer gobernadora de Quintana Roo ya estaba lista para sobrevolar las v\u00edas de la transformaci\u00f3n hacia una prosperidad compartida, las del Tren Maya, desde Chetumal hasta llegar al aeropuerto de Tulum, cual lleva ya un 65% de avance.<\/p>\n\n\n\n<p>Mara Lezama reafirm\u00f3 que estas obras contribuyen a fortalecer el Nuevo Acuerdo por el Bienestar y Desarrollo de Quintana Roo con la generaci\u00f3n de empleos bien pagados, con las prestaciones de ley, que fortalecen la econom\u00eda de las familias.<\/p>\n\n\n\n<p>Indic\u00f3 que esta macro obra ha generado mas de 14 mil 690 empleos y en diciembre de este a\u00f1o se convertir\u00e1 en un innovador acceso a Quintana Roo para m\u00e1s de 5 millones de visitantes que traer\u00e1n prosperidad compartida al centro y sur del estado.<\/p>\n\n\n\n<p>En relaci\u00f3n con el Tren Maya, la gobernadora Mara Lezama expres\u00f3 que con los tres modelos, Est\u00e1ndar, Restaurante y de Larga Distancia, millones de turistas que visiten el Sureste tendr\u00e1n la magn\u00edfica oportunidad de conocer las maravillas del Mundo Maya.<\/p>\n\n\n\n<p>El recorrido inici\u00f3 sobrevolando la terminal tur\u00edstica del Tren Maya ubicado a un costado del Aeropuerto Internacional de Chetumal, la capital del Estado, la cual en este gobierno humanista y progresista empieza a recuperar el brillo perdido en gobiernos anteriores. \u201cEste importante espacio ser\u00e1 un detonante de la actividad econ\u00f3mica\u201d expres\u00f3 Mara Lezama.<\/p>\n\n\n\n<figure class=\"wp-block-image size-full\"><img loading=\"lazy\" decoding=\"async\" width=\"585\" height=\"390\" src=\"http:\/\/vertienteglobal.com\/wp-content\/uploads\/2023\/09\/vias2-585x390-1.jpg\" alt=\"\" class=\"wp-image-231083\" srcset=\"http:\/\/vertienteglobal.com\/wp-content\/uploads\/2023\/09\/vias2-585x390-1.jpg 585w, http:\/\/vertienteglobal.com\/wp-content\/uploads\/2023\/09\/vias2-585x390-1-300x200.jpg 300w, http:\/\/vertienteglobal.com\/wp-content\/uploads\/2023\/09\/vias2-585x390-1-150x100.jpg 150w\" sizes=\"auto, (max-width: 585px) 100vw, 585px\" \/><\/figure>\n\n\n\n<figure class=\"wp-block-image size-full\"><img loading=\"lazy\" decoding=\"async\" width=\"585\" height=\"390\" src=\"http:\/\/vertienteglobal.com\/wp-content\/uploads\/2023\/09\/vias-585x390-1.jpg\" alt=\"\" class=\"wp-image-231084\" srcset=\"http:\/\/vertienteglobal.com\/wp-content\/uploads\/2023\/09\/vias-585x390-1.jpg 585w, http:\/\/vertienteglobal.com\/wp-content\/uploads\/2023\/09\/vias-585x390-1-300x200.jpg 300w, http:\/\/vertienteglobal.com\/wp-content\/uploads\/2023\/09\/vias-585x390-1-150x100.jpg 150w\" sizes=\"auto, (max-width: 585px) 100vw, 585px\" \/><\/figure>\n","protected":false},"excerpt":{"rendered":"<p>(Redacci\u00f3n) Sobrevuelan y eval\u00faan avances del Tren Maya y del Aeropuerto Internacional \u201cFelipe Carrillo Puerto\u201d de Tulum, que traer\u00e1 prosperidad compartida para Quintana Roo y el Sureste de M\u00e9xico Chetumal, Quintana Roo 23 de septiembre del 2023.- Junto con el presidente Andr\u00e9s Manuel L\u00f3pez Obrador, la gobernadora Mara Lezama Espinosa particip\u00f3 en la supervisi\u00f3n de [&hellip;]<\/p>\n","protected":false},"author":1,"featured_media":231082,"comment_status":"open","ping_status":"open","sticky":false,"template":"","format":"standard","meta":{"footnotes":""},"categories":[3],"tags":[],"class_list":["post-231081","post","type-post","status-publish","format-standard","has-post-thumbnail","hentry","category-quintana-roo","entry","has-media"],"jetpack_featured_media_url":"http:\/\/vertienteglobal.com\/wp-content\/uploads\/2023\/09\/vias3-scaled-1.jpg","_links":{"self":[{"href":"http:\/\/vertienteglobal.com\/index.php?rest_route=\/wp\/v2\/posts\/231081","targetHints":{"allow":["GET"]}}],"collection":[{"href":"http:\/\/vertienteglobal.com\/index.php?rest_route=\/wp\/v2\/posts"}],"about":[{"href":"http:\/\/vertienteglobal.com\/index.php?rest_route=\/wp\/v2\/types\/post"}],"author":[{"embeddable":true,"href":"http:\/\/vertienteglobal.com\/index.php?rest_route=\/wp\/v2\/users\/1"}],"replies":[{"embeddable":true,"href":"http:\/\/vertienteglobal.com\/index.php?rest_route=%2Fwp%2Fv2%2Fcomments&post=231081"}],"version-history":[{"count":0,"href":"http:\/\/vertienteglobal.com\/index.php?rest_route=\/wp\/v2\/posts\/231081\/revisions"}],"wp:featuredmedia":[{"embeddable":true,"href":"http:\/\/vertienteglobal.com\/index.php?rest_route=\/wp\/v2\/media\/231082"}],"wp:attachment":[{"href":"http:\/\/vertienteglobal.com\/index.php?rest_route=%2Fwp%2Fv2%2Fmedia&parent=231081"}],"wp:term":[{"taxonomy":"category","embeddable":true,"href":"http:\/\/vertienteglobal.com\/index.php?rest_route=%2Fwp%2Fv2%2Fcategories&post=231081"},{"taxonomy":"post_tag","embeddable":true,"href":"http:\/\/vertienteglobal.com\/index.php?rest_route=%2Fwp%2Fv2%2Ftags&post=231081"}],"curies":[{"name":"wp","href":"https:\/\/api.w.org\/{rel}","templated":true}]}}